{"id":99012,"date":"2016-12-25T17:10:14","date_gmt":"2016-12-25T20:10:14","guid":{"rendered":"http:\/\/senoticias.com.br\/se\/?p=99012"},"modified":"2016-12-25T17:10:14","modified_gmt":"2016-12-25T20:10:14","slug":"iml-registra-sete-mortes-nas-ultimas-24-horas","status":"publish","type":"post","link":"https:\/\/senoticias.com.br\/se\/iml-registra-sete-mortes-nas-ultimas-24-horas\/","title":{"rendered":"IML registra sete mortes nas \u00faltimas 24 horas"},"content":{"rendered":"<p style=\"text-align: justify\">O Instituto M\u00e9dico Legal (IML) registrou sete mortes nas \u00faltimas 24 horas, em Sergipe. Quatro pessoas foram assassinadas e uma crian\u00e7a morreu afogada.<\/p>\n<div id=\"attachment_21098\" style=\"width: 510px\" class=\"wp-caption aligncenter\"><a href=\"http:\/\/senoticias.com.br\/se\/wp-content\/uploads\/2011\/12\/IML.jpg\"><img loading=\"lazy\" decoding=\"async\" aria-describedby=\"caption-attachment-21098\" class=\"size-full wp-image-21098\" src=\"http:\/\/senoticias.com.br\/se\/wp-content\/uploads\/2011\/12\/IML.jpg\" alt=\"(Divulga\u00e7\u00e3o\/SSP\/SE)\" width=\"500\" height=\"375\" srcset=\"https:\/\/senoticias.com.br\/se\/wp-content\/uploads\/2011\/12\/IML.jpg 500w, https:\/\/senoticias.com.br\/se\/wp-content\/uploads\/2011\/12\/IML-300x225.jpg 300w, https:\/\/senoticias.com.br\/se\/wp-content\/uploads\/2011\/12\/IML-342x256.jpg 342w, https:\/\/senoticias.com.br\/se\/wp-content\/uploads\/2011\/12\/IML-60x45.jpg 60w, https:\/\/senoticias.com.br\/se\/wp-content\/uploads\/2011\/12\/IML-150x113.jpg 150w, https:\/\/senoticias.com.br\/se\/wp-content\/uploads\/2011\/12\/IML-269x201.jpg 269w\" sizes=\"(max-width: 500px) 100vw, 500px\" \/><\/a><p id=\"caption-attachment-21098\" class=\"wp-caption-text\">(Divulga\u00e7\u00e3o\/SSP\/SE)<\/p><\/div>\n<p style=\"text-align: justify\"><strong>Afogamento<\/strong><\/p>\n<p style=\"text-align: justify\">Uma crian\u00e7a de 1 ano e 6 meses morreu afogada no Povoado Jaqueiras, munic\u00edpio de Sim\u00e3o Dias, Centro Sul de Sergipe, distante 83 quil\u00f4metros de Aracaju. As circunst\u00e2ncias da morte n\u00e3o foram informadas.<\/p>\n<p style=\"text-align: justify\"><strong>Homic\u00eddios<\/strong><\/p>\n<p style=\"text-align: justify\">Um jovem de 17 anos foi assassinado com v\u00e1rios tiros no s\u00e1bado (24), v\u00e9spera do Natal, no Povoado Pedra Branca, localizado no munic\u00edpio de Laranjeiras, Grande Aracaju.<br \/>\nO IML recolheu um corpo, tamb\u00e9m no s\u00e1bado (24), no munic\u00edpio de Canind\u00e9 do S\u00e3o Francisco, Alto Sert\u00e3o de Sergipe, distante 213 quil\u00f4metros da capital. A v\u00edtima era um homem de 30 anos, ele foi espancado at\u00e9 a morte. O corpo foi encontrado na Travessa Ananias Fernandes.<br \/>\nNo munic\u00edpio de Arau\u00e1, Sul Sergipano, distante 99 quil\u00f4metros de Aracaju, um homem de 40 anos tamb\u00e9m foi espancado at\u00e9 a morte. O corpo foi recolhido na Avenida Jos\u00e9 Alves.<\/p>\n<p style=\"text-align: justify\"><strong>Viol\u00eancia em Itabaiana<\/strong><\/p>\n<p style=\"text-align: justify\">O Instituto M\u00e9dico Legal registrou o corpo de um homem de 42 anos. Ele foi assassinado a tiros no Povoado Queimadas, Zona Rural de Itabaiana, Regi\u00e3o Agreste de Sergipe.<\/p>\n<p style=\"text-align: justify\"><strong>Acidente<\/strong><\/p>\n<p style=\"text-align: justify\">Duas pessoas morreram em um capotamento na BR 235, munic\u00edpio de Frei Paulo, na manh\u00e3 deste domingo (25). Outras duas pessoas ficaram feridas e foram encaminhadas ao hospital.<\/p>\n<p style=\"line-height: 14.25pt\"><strong><span style=\"font-size: 10.0pt;font-family: 'Georgia','serif';color: #333333\">Acompanhe tamb\u00e9m o SE Not\u00edcias no<\/span><\/strong><span class=\"apple-converted-space\"><b><span style=\"font-size: 10.0pt;font-family: 'Georgia','serif';color: #333333\">\u00a0<\/span><\/b><\/span><strong><span style=\"font-size: 10.0pt;font-family: 'Georgia','serif';color: #333333\"><a href=\"https:\/\/twitter.com\/Senoticias\" target=\"_blank\">Twitter<\/a>,<\/span><\/strong><span class=\"apple-converted-space\"><b><span style=\"font-size: 10.0pt;font-family: 'Georgia','serif';color: #333333\">\u00a0<\/span><\/b><\/span><strong><span style=\"font-size: 10.0pt;font-family: 'Georgia','serif';color: #333333\"><a href=\"https:\/\/www.facebook.com\/senoticias1\" target=\"_blank\">Facebook<span class=\"apple-converted-space\"><span style=\"color: windowtext;text-decoration: none\">\u00a0<\/span><\/span><\/a>e no<\/span><\/strong><span class=\"apple-converted-space\"><b><span style=\"font-size: 10.0pt;font-family: 'Georgia','serif';color: #333333\">\u00a0<\/span><\/b><\/span><strong><span style=\"font-size: 10.0pt;font-family: 'Georgia','serif';color: #333333\"><a href=\"https:\/\/www.instagram.com\/senoticias\/\" target=\"_blank\">Instagram<\/a>.<\/span><\/strong><\/p>\n<p style=\"text-align: justify\"><a href=\"http:\/\/senoticias.com.br\/se\/wp-content\/uploads\/2016\/12\/Logo-fone-1-2-1-2.jpg\"><img loading=\"lazy\" decoding=\"async\" class=\"aligncenter size-full wp-image-98981\" src=\"http:\/\/senoticias.com.br\/se\/wp-content\/uploads\/2016\/12\/Logo-fone-1-2-1-2.jpg\" alt=\"logo-fone-1-2-1\" width=\"599\" height=\"78\" srcset=\"https:\/\/senoticias.com.br\/se\/wp-content\/uploads\/2016\/12\/Logo-fone-1-2-1-2.jpg 599w, https:\/\/senoticias.com.br\/se\/wp-content\/uploads\/2016\/12\/Logo-fone-1-2-1-2-300x39.jpg 300w\" sizes=\"(max-width: 599px) 100vw, 599px\" \/><\/a><br \/>\nDo G1 SE<\/p>\n","protected":false},"excerpt":{"rendered":"<p>O Instituto M\u00e9dico Legal (IML) registrou sete mortes nas \u00faltimas 24 horas, em Sergipe. Quatro pessoas foram assassinadas e uma crian\u00e7a morreu afogada. Afogamento Uma crian\u00e7a de 1 ano e 6 meses morreu afogada no Povoado Jaqueiras, munic\u00edpio de Sim\u00e3o Dias, Centro Sul de Sergipe, distante 83 quil\u00f4metros de Aracaju. As circunst\u00e2ncias da morte n\u00e3o [&hellip;]<\/p>\n","protected":false},"author":5618,"featured_media":21098,"comment_status":"closed","ping_status":"closed","sticky":false,"template":"","format":"standard","meta":{"footnotes":""},"categories":[7],"tags":[1815],"class_list":{"0":"post-99012","1":"post","2":"type-post","3":"status-publish","4":"format-standard","5":"has-post-thumbnail","7":"category-policia","8":"tag-iml-registra-sete-mortes-nas-ultimas-24-horas"},"_links":{"self":[{"href":"https:\/\/senoticias.com.br\/se\/wp-json\/wp\/v2\/posts\/99012"}],"collection":[{"href":"https:\/\/senoticias.com.br\/se\/wp-json\/wp\/v2\/posts"}],"about":[{"href":"https:\/\/senoticias.com.br\/se\/wp-json\/wp\/v2\/types\/post"}],"author":[{"embeddable":true,"href":"https:\/\/senoticias.com.br\/se\/wp-json\/wp\/v2\/users\/5618"}],"replies":[{"embeddable":true,"href":"https:\/\/senoticias.com.br\/se\/wp-json\/wp\/v2\/comments?post=99012"}],"version-history":[{"count":0,"href":"https:\/\/senoticias.com.br\/se\/wp-json\/wp\/v2\/posts\/99012\/revisions"}],"wp:featuredmedia":[{"embeddable":true,"href":"https:\/\/senoticias.com.br\/se\/wp-json\/wp\/v2\/media\/21098"}],"wp:attachment":[{"href":"https:\/\/senoticias.com.br\/se\/wp-json\/wp\/v2\/media?parent=99012"}],"wp:term":[{"taxonomy":"category","embeddable":true,"href":"https:\/\/senoticias.com.br\/se\/wp-json\/wp\/v2\/categories?post=99012"},{"taxonomy":"post_tag","embeddable":true,"href":"https:\/\/senoticias.com.br\/se\/wp-json\/wp\/v2\/tags?post=99012"}],"curies":[{"name":"wp","href":"https:\/\/api.w.org\/{rel}","templated":true}]}}