{"id":99009,"date":"2016-12-25T09:18:18","date_gmt":"2016-12-25T12:18:18","guid":{"rendered":"http:\/\/senoticias.com.br\/se\/?p=99009"},"modified":"2016-12-25T09:18:18","modified_gmt":"2016-12-25T12:18:18","slug":"policia-recaptura-dois-fugitivos-do-presidio-de-sao-cristovao-no-santa-maria","status":"publish","type":"post","link":"https:\/\/senoticias.com.br\/se\/policia-recaptura-dois-fugitivos-do-presidio-de-sao-cristovao-no-santa-maria\/","title":{"rendered":"Pol\u00edcia recaptura dois fugitivos do Pres\u00eddio de S\u00e3o Crist\u00f3v\u00e3o no Santa Maria"},"content":{"rendered":"<p style=\"text-align: justify;\">A Pol\u00edcia Militar do Estado de Sergipe, por meio da For\u00e7a T\u00e1tica do 1\u00ba Batalh\u00e3o de Pol\u00edcia Comunit\u00e1ria (1\u00ba BPCom), prendeu na tarde da sexta-feira, 23, no Loteamento Para\u00edso do Sul, no bairro Santa Maria, Leandro Souza Trindade e Jean Santos Souza, foragidos do pres\u00eddio de S\u00e3o Crist\u00f3v\u00e3o.<\/p>\n<div id=\"attachment_92219\" style=\"width: 609px\" class=\"wp-caption aligncenter\"><img loading=\"lazy\" decoding=\"async\" aria-describedby=\"caption-attachment-92219\" class=\"size-full wp-image-92219\" src=\"http:\/\/senoticias.com.br\/se\/wp-content\/uploads\/2016\/05\/Policia-Militar-SE-Noticias.jpg\" alt=\"PM recaptura dois fugitivos do Pres\u00eddio de S\u00e3o Crist\u00f3v\u00e3o no Santa Maria    (Foto: arquivo\/SENot\u00edcias)\" width=\"599\" height=\"414\" srcset=\"https:\/\/senoticias.com.br\/se\/wp-content\/uploads\/2016\/05\/Policia-Militar-SE-Noticias.jpg 599w, https:\/\/senoticias.com.br\/se\/wp-content\/uploads\/2016\/05\/Policia-Militar-SE-Noticias-300x207.jpg 300w, https:\/\/senoticias.com.br\/se\/wp-content\/uploads\/2016\/05\/Policia-Militar-SE-Noticias-342x236.jpg 342w\" sizes=\"(max-width: 599px) 100vw, 599px\" \/><p id=\"caption-attachment-92219\" class=\"wp-caption-text\">PM recaptura dois fugitivos do Pres\u00eddio de S\u00e3o Crist\u00f3v\u00e3o no Santa Maria<br \/>(Foto: arquivo\/SENot\u00edcias)<\/p><\/div>\n<p style=\"text-align: justify;\">A guarni\u00e7\u00e3o fazia rondas pelo Loteamento, quando desconfiou de dois homens que estavam em via p\u00fablica. De imediato, a dupla foi abordada e revistada, n\u00e3o sendo encontrado nada com ela. Ainda assim, em\u00a0meio \u00e0 a\u00e7\u00e3o, os policiais descobriram que Leandro e Jean eram fugitivos do sistema prisional.<\/p>\n<p style=\"text-align: justify;\">De acordo com os pr\u00f3prios infratores, eles estavam foragidos do Complexo Penitenci\u00e1rio Manoel Carvalho Neto (COPECAM), no munic\u00edpio de S\u00e3o Crist\u00f3v\u00e3o, desde a noite do \u00faltimo dia 22. O caso foi levado \u00e0 4\u00aa Delegacia Metropolitana para as provid\u00eancias cab\u00edveis.<\/p>\n<p style=\"text-align: justify;\"><img loading=\"lazy\" decoding=\"async\" class=\"aligncenter size-full wp-image-98981\" src=\"http:\/\/senoticias.com.br\/se\/wp-content\/uploads\/2016\/12\/Logo-fone-1-2-1-2.jpg\" alt=\"logo-fone-1-2-1\" width=\"599\" height=\"78\" srcset=\"https:\/\/senoticias.com.br\/se\/wp-content\/uploads\/2016\/12\/Logo-fone-1-2-1-2.jpg 599w, https:\/\/senoticias.com.br\/se\/wp-content\/uploads\/2016\/12\/Logo-fone-1-2-1-2-300x39.jpg 300w\" sizes=\"(max-width: 599px) 100vw, 599px\" \/><\/p>\n<p style=\"text-align: justify;\"><em><strong>Acompanhe tamb\u00e9m o SE Not\u00edcias no<\/strong><span class=\"apple-converted-space\"><b>\u00a0<\/b><\/span><strong><a href=\"https:\/\/twitter.com\/Senoticias\" target=\"_blank\">Twitter<\/a>,<\/strong><span class=\"apple-converted-space\"><b>\u00a0<\/b><\/span><strong><a href=\"https:\/\/www.facebook.com\/senoticias1\" target=\"_blank\">Facebook<span class=\"apple-converted-space\">\u00a0<\/span><\/a>e no<\/strong><span class=\"apple-converted-space\"><b>\u00a0<\/b><\/span><strong><a href=\"https:\/\/www.instagram.com\/senoticias\/\" target=\"_blank\">Instagram<\/a><\/strong><\/em><\/p>\n<p style=\"text-align: justify;\">Ascom\/PM\/SE<\/p>\n","protected":false},"excerpt":{"rendered":"<p>A Pol\u00edcia Militar do Estado de Sergipe, por meio da For\u00e7a T\u00e1tica do 1\u00ba Batalh\u00e3o de Pol\u00edcia Comunit\u00e1ria (1\u00ba BPCom), prendeu na tarde da sexta-feira, 23, no Loteamento Para\u00edso do Sul, no bairro Santa Maria, Leandro Souza Trindade e Jean Santos Souza, foragidos do pres\u00eddio de S\u00e3o Crist\u00f3v\u00e3o. A guarni\u00e7\u00e3o fazia rondas pelo Loteamento, quando [&hellip;]<\/p>\n","protected":false},"author":2,"featured_media":92219,"comment_status":"closed","ping_status":"closed","sticky":false,"template":"","format":"standard","meta":{"footnotes":""},"categories":[7],"tags":[],"class_list":{"0":"post-99009","1":"post","2":"type-post","3":"status-publish","4":"format-standard","5":"has-post-thumbnail","7":"category-policia"},"_links":{"self":[{"href":"https:\/\/senoticias.com.br\/se\/wp-json\/wp\/v2\/posts\/99009"}],"collection":[{"href":"https:\/\/senoticias.com.br\/se\/wp-json\/wp\/v2\/posts"}],"about":[{"href":"https:\/\/senoticias.com.br\/se\/wp-json\/wp\/v2\/types\/post"}],"author":[{"embeddable":true,"href":"https:\/\/senoticias.com.br\/se\/wp-json\/wp\/v2\/users\/2"}],"replies":[{"embeddable":true,"href":"https:\/\/senoticias.com.br\/se\/wp-json\/wp\/v2\/comments?post=99009"}],"version-history":[{"count":0,"href":"https:\/\/senoticias.com.br\/se\/wp-json\/wp\/v2\/posts\/99009\/revisions"}],"wp:featuredmedia":[{"embeddable":true,"href":"https:\/\/senoticias.com.br\/se\/wp-json\/wp\/v2\/media\/92219"}],"wp:attachment":[{"href":"https:\/\/senoticias.com.br\/se\/wp-json\/wp\/v2\/media?parent=99009"}],"wp:term":[{"taxonomy":"category","embeddable":true,"href":"https:\/\/senoticias.com.br\/se\/wp-json\/wp\/v2\/categories?post=99009"},{"taxonomy":"post_tag","embeddable":true,"href":"https:\/\/senoticias.com.br\/se\/wp-json\/wp\/v2\/tags?post=99009"}],"curies":[{"name":"wp","href":"https:\/\/api.w.org\/{rel}","templated":true}]}}