{"id":99007,"date":"2016-12-25T07:23:08","date_gmt":"2016-12-25T10:23:08","guid":{"rendered":"http:\/\/senoticias.com.br\/se\/?p=99007"},"modified":"2016-12-25T07:23:08","modified_gmt":"2016-12-25T10:23:08","slug":"aviao-militar-russo-com-92-pessoas-a-bordo-cai-no-mar-negro","status":"publish","type":"post","link":"https:\/\/senoticias.com.br\/se\/aviao-militar-russo-com-92-pessoas-a-bordo-cai-no-mar-negro\/","title":{"rendered":"Avi\u00e3o militar russo com 92 pessoas a bordo cai no mar Negro"},"content":{"rendered":"<p style=\"text-align: justify;\">Um avi\u00e3o militar russo com 92 pessoas a bordo caiu no mar Negro, logo ap\u00f3s decolar do balne\u00e1rio de Sochi, no sudoeste da R\u00fassia. O desaparecimento da aeronave e o encontro dos destro\u00e7os do avi\u00e3o foram confirmados pelo Minist\u00e9rio da Defesa. O \u00f3rg\u00e3o informa que n\u00e3o h\u00e1 sobreviventes do desastre a\u00e9reo.<\/p>\n<div id=\"attachment_99008\" style=\"width: 609px\" class=\"wp-caption aligncenter\"><img loading=\"lazy\" decoding=\"async\" aria-describedby=\"caption-attachment-99008\" class=\"size-full wp-image-99008\" src=\"http:\/\/senoticias.com.br\/se\/wp-content\/uploads\/2016\/12\/Aviao-cai-no-rio-negro-russia-SE-Noticias-e1482661222220.png\" alt=\"(Foto: Editoria de Arte\/G1)\" width=\"599\" height=\"720\" \/><p id=\"caption-attachment-99008\" class=\"wp-caption-text\">(Foto: Editoria de Arte\/G1)<\/p><\/div>\n<p style=\"text-align: justify;\">A aeronave decolou \u00e0s 5h20 no hor\u00e1rio local, 0h20 no hor\u00e1rio de Bras\u00edlia, com destino \u00e0 base a\u00e9rea russa de Khmeimim, na S\u00edria, e sumiu dos radares 20 minutos ap\u00f3s a decolagem, ao fazer uma manobra sobre \u00e1guas russas. O governo russo descarta a\u00e7\u00e3o terrorista como a causa do acidente e j\u00e1 investiga o que teria ocasionado a queda da aeronave.<\/p>\n<div class=\"mc-column content-text active-extra-styles\" style=\"text-align: justify;\" data-block-type=\"unstyled\">\n<p class=\"content-text__container \" style=\"text-align: justify;\" data-track-category=\"Link no Texto\" data-track-links=\"\">O modelo da aeronave envolvida no acidente \u00e9 um Tu-154, muito usado no transporte a\u00e9reo dom\u00e9stico na R\u00fassia. Fontes dos servi\u00e7os de emerg\u00eancia indicaram que o Tu-154 procedia de Moscou e tinha feito escala no aeroporto de Sochi para reabastecer.<\/p>\n<\/div>\n<div class=\"mc-column content-text active-extra-styles\" style=\"text-align: justify;\" data-block-type=\"unstyled\">\n<p class=\"content-text__container \" style=\"text-align: justify;\" data-track-category=\"Link no Texto\" data-track-links=\"\">&#8220;Fragmentos do Tu-154 do Minist\u00e9rio da Defesa russo foram encontrados a 1,5 km da costa do mar Negro a uma profundidade de 50 a 70 metros&#8221;, informou o Minist\u00e9rio da Defesa, segundo a rede brit\u00e2nica BBC.<\/p>\n<\/div>\n<div class=\"mc-column content-text active-extra-styles\" data-block-type=\"unstyled\">\n<p class=\"content-text__container \" style=\"text-align: justify;\" data-track-category=\"Link no Texto\" data-track-links=\"\">A bordo do avi\u00e3o viajavam militares e integrantes do renomado coral e grupo de dan\u00e7a Alexandrov, do Ex\u00e9rcito russo, que participariam das comemora\u00e7\u00f5es de Ano Novo na base a\u00e9rea s\u00edria de Khmeimim, em Latakia, onde a R\u00fassia tem um agrupamento de avi\u00f5es de guerra. Al\u00e9m dos integrantes do coral tamb\u00e9m estariam a bordo do voo nove profissionais de imprensa, oito soldados e dois funcion\u00e1rios civis. A BBC informa que Elizaveta Glinka, conhecida como Doutora Liza e diretora-executiva da institui\u00e7\u00e3o de caridade Fair Aid, estava no voo.<\/p>\n<\/div>\n<div class=\"mc-column content-text active-extra-styles\" data-block-type=\"raw\">\n<div class=\"content-intertitle\">\n<h2><strong>Investiga\u00e7\u00e3o<\/strong><\/h2>\n<\/div>\n<\/div>\n<div class=\"mc-column content-text active-extra-styles\" data-block-type=\"unstyled\">\n<p class=\"content-text__container \" style=\"text-align: justify;\" data-track-category=\"Link no Texto\" data-track-links=\"\">Segundo a CNN, as condi\u00e7\u00f5es do clima no local no momento do desaparecimento estavam favor\u00e1veis. A BBC informou que foram iniciadas investiga\u00e7\u00f5es para saber se houve viola\u00e7\u00e3o das normas de seguran\u00e7a do transporte a\u00e9reo que pudesse ter provocado a queda.<\/p>\n<p>O presidente do Comit\u00ea de Defesa e Seguran\u00e7a do Conselho da Federa\u00e7\u00e3o, Viktor Ozerov, disse \u00e0 ag\u00eancia russa Sputnik que a queda da aeronave pode ter ocorrido por um problema t\u00e9cnico ou falha humana. Ozerov n\u00e3o cr\u00ea na hip\u00f3tese de a\u00e7\u00e3o terrorista.<\/p>\n<p>&#8220;Eu descarto completamente a vers\u00e3o do ataque terrorista. \u00c9 a aeronave do Minist\u00e9rio da Defesa, o espa\u00e7o a\u00e9reo da Federa\u00e7\u00e3o Russa, n\u00e3o pode haver tal vers\u00e3o&#8221;, afirmou. &#8220;O avi\u00e3o teve que dar uma volta em U ap\u00f3s a decolagem sobre o mar, pode ter tomado a dire\u00e7\u00e3o errada&#8221;, explicou Ozerov.<\/p>\n<\/div>\n<div class=\"mc-column content-text active-extra-styles\" data-block-type=\"unstyled\">\n<p class=\"content-text__container \" style=\"text-align: justify;\" data-track-category=\"Link no Texto\" data-track-links=\"\">O porta-voz do Kremlin, Dmitri Peskov, disse que o presidente russo, Vladimir Putin, foi informado imediatamente quando a aeronave desapareceu dos radares.<\/p>\n<p class=\"content-text__container \" data-track-category=\"Link no Texto\" data-track-links=\"\"><img loading=\"lazy\" decoding=\"async\" class=\"aligncenter size-full wp-image-98981\" src=\"http:\/\/senoticias.com.br\/se\/wp-content\/uploads\/2016\/12\/Logo-fone-1-2-1-2.jpg\" alt=\"logo-fone-1-2-1\" width=\"599\" height=\"78\" srcset=\"https:\/\/senoticias.com.br\/se\/wp-content\/uploads\/2016\/12\/Logo-fone-1-2-1-2.jpg 599w, https:\/\/senoticias.com.br\/se\/wp-content\/uploads\/2016\/12\/Logo-fone-1-2-1-2-300x39.jpg 300w\" sizes=\"(max-width: 599px) 100vw, 599px\" \/><\/p>\n<p class=\"content-text__container \" data-track-category=\"Link no Texto\" data-track-links=\"\"><strong>Acompanhe tamb\u00e9m o SE Not\u00edcias no<\/strong><span class=\"apple-converted-space\"><b>\u00a0<\/b><\/span><strong><a href=\"https:\/\/twitter.com\/Senoticias\" target=\"_blank\">Twitter<\/a>,<\/strong><span class=\"apple-converted-space\"><b>\u00a0<\/b><\/span><strong><a href=\"https:\/\/www.facebook.com\/senoticias1\" target=\"_blank\">Facebook<span class=\"apple-converted-space\">\u00a0<\/span><\/a>e no<\/strong><span class=\"apple-converted-space\"><b>\u00a0<\/b><\/span><strong><a href=\"https:\/\/www.instagram.com\/senoticias\/\" target=\"_blank\">Instagram<\/a><\/strong><\/p>\n<p class=\"content-text__container \" data-track-category=\"Link no Texto\" data-track-links=\"\"><em>Por <a href=\"http:\/\/g1.globo.com\/mundo\/noticia\/aviao-russo-desaparece-dos-radares-proximo-ao-mar-negro-diz-tv.ghtml\"><strong>G1<\/strong><\/a>, em S\u00e3o Paulo<\/em><\/p>\n<\/div>\n","protected":false},"excerpt":{"rendered":"<p>Um avi\u00e3o militar russo com 92 pessoas a bordo caiu no mar Negro, logo ap\u00f3s decolar do balne\u00e1rio de Sochi, no sudoeste da R\u00fassia. O desaparecimento da aeronave e o encontro dos destro\u00e7os do avi\u00e3o foram confirmados pelo Minist\u00e9rio da Defesa. O \u00f3rg\u00e3o informa que n\u00e3o h\u00e1 sobreviventes do desastre a\u00e9reo. A aeronave decolou \u00e0s [&hellip;]<\/p>\n","protected":false},"author":2,"featured_media":99008,"comment_status":"closed","ping_status":"closed","sticky":false,"template":"","format":"standard","meta":{"footnotes":""},"categories":[1],"tags":[],"class_list":{"0":"post-99007","1":"post","2":"type-post","3":"status-publish","4":"format-standard","5":"has-post-thumbnail","7":"category-sem-categoria"},"_links":{"self":[{"href":"https:\/\/senoticias.com.br\/se\/wp-json\/wp\/v2\/posts\/99007"}],"collection":[{"href":"https:\/\/senoticias.com.br\/se\/wp-json\/wp\/v2\/posts"}],"about":[{"href":"https:\/\/senoticias.com.br\/se\/wp-json\/wp\/v2\/types\/post"}],"author":[{"embeddable":true,"href":"https:\/\/senoticias.com.br\/se\/wp-json\/wp\/v2\/users\/2"}],"replies":[{"embeddable":true,"href":"https:\/\/senoticias.com.br\/se\/wp-json\/wp\/v2\/comments?post=99007"}],"version-history":[{"count":0,"href":"https:\/\/senoticias.com.br\/se\/wp-json\/wp\/v2\/posts\/99007\/revisions"}],"wp:featuredmedia":[{"embeddable":true,"href":"https:\/\/senoticias.com.br\/se\/wp-json\/wp\/v2\/media\/99008"}],"wp:attachment":[{"href":"https:\/\/senoticias.com.br\/se\/wp-json\/wp\/v2\/media?parent=99007"}],"wp:term":[{"taxonomy":"category","embeddable":true,"href":"https:\/\/senoticias.com.br\/se\/wp-json\/wp\/v2\/categories?post=99007"},{"taxonomy":"post_tag","embeddable":true,"href":"https:\/\/senoticias.com.br\/se\/wp-json\/wp\/v2\/tags?post=99007"}],"curies":[{"name":"wp","href":"https:\/\/api.w.org\/{rel}","templated":true}]}}