{"id":99005,"date":"2016-12-24T23:51:01","date_gmt":"2016-12-25T02:51:01","guid":{"rendered":"http:\/\/senoticias.com.br\/se\/?p=99005"},"modified":"2016-12-24T23:51:01","modified_gmt":"2016-12-25T02:51:01","slug":"na-missa-do-galo-papa-francisco-critica-o-materialismo-e-faz-apelo-por-criancas-refugiadas","status":"publish","type":"post","link":"https:\/\/senoticias.com.br\/se\/na-missa-do-galo-papa-francisco-critica-o-materialismo-e-faz-apelo-por-criancas-refugiadas\/","title":{"rendered":"Na Missa do Galo, Papa Francisco critica o materialismo e faz apelo por crian\u00e7as refugiadas"},"content":{"rendered":"<p style=\"text-align: justify;\">O papa Francisco celebrou durante a noite deste s\u00e1bado (24) a tradicional Missa do Galo, na bas\u00edlica de S\u00e3o Pedro, no Vaticano. Durante a celebra\u00e7\u00e3o o pont\u00edfice criticou o consumismo e afirmou que o &#8220;Natal virou ref\u00e9m da mundanidade&#8221; ao falar do materialismo nesse per\u00edodo do ano. Na homilia, ele tamb\u00e9m pediu compaix\u00e3o pelas crian\u00e7as v\u00edtimas de guerras.<\/p>\n<div id=\"attachment_99006\" style=\"width: 609px\" class=\"wp-caption aligncenter\"><img loading=\"lazy\" decoding=\"async\" aria-describedby=\"caption-attachment-99006\" class=\"size-full wp-image-99006\" src=\"http:\/\/senoticias.com.br\/se\/wp-content\/uploads\/2016\/12\/Papa-Francisco-SE-Noticias-e1482634155943.jpg\" alt=\"Papa Francisco na bas\u00edlica de S\u00e3o Pedro, durante a Missa do Galo, neste s\u00e1bado (24) (Foto: AP Photo\/Alessandra Tarantino)\" width=\"599\" height=\"399\" \/><p id=\"caption-attachment-99006\" class=\"wp-caption-text\">Papa Francisco na bas\u00edlica de S\u00e3o Pedro, durante a Missa do Galo, neste s\u00e1bado (24) (Foto: AP Photo\/Alessandra Tarantino)<\/p><\/div>\n<div class=\"mc-column content-text active-extra-styles\" style=\"text-align: justify;\" data-block-type=\"unstyled\">\n<p class=\"content-text__container \" data-track-category=\"Link no Texto\" data-track-links=\"\">&#8220;O Natal se tornou uma festa em que os protagonistas somos n\u00f3s mesmos, ao inv\u00e9s de Jesus; em que as luzes do com\u00e9rcio lan\u00e7aram a luz de Deus nas sombras; em que estamos preocupados com presentes, e somos frios com aqueles que s\u00e3o marginalizados &#8220;, afirmou Francisco aos 1,2 bilh\u00e3o de cat\u00f3licos do mundo.<\/p>\n<\/div>\n<div class=\"mc-column content-text active-extra-styles\" data-block-type=\"unstyled\">\n<p class=\"content-text__container \" style=\"text-align: justify;\" data-track-category=\"Link no Texto\" data-track-links=\"\">Segundo o l\u00edder da igreja Cat\u00f3lica, o Natal foi entregue ao consumismo. &#8220;Este mundanismo tomou o Natal como ref\u00e9m, precisa ser libertado&#8221;, disse diante de mais de 10 mil fieis, al\u00e9m de dezenas de cardeais e bispos, que acompanharam a missa, tradicional na noite da v\u00e9spera de Natal.<\/p>\n<div class=\"mc-column content-text active-extra-styles\" style=\"text-align: justify;\" data-block-type=\"unstyled\">\n<p class=\"content-text__container \" data-track-category=\"Link no Texto\" data-track-links=\"\">Durante a homilia, Francisco fez um apelo tamb\u00e9m \u00e0s crian\u00e7as refugiadas de guerras e pediu compaix\u00e3o pelas v\u00edtimas de conflitos, ao contar a hist\u00f3ria de Jesus. &#8220;Jesus nasceu rejeitado por alguns e foi considerado por muitos outros com indiferen\u00e7a&#8221;, comentou antes de fazer refer\u00eancia direta \u00e0 crise migrat\u00f3ria e \u00e0 guerra civil na S\u00edria.<\/p>\n<\/div>\n<div class=\"mc-column content-text active-extra-styles\" style=\"text-align: justify;\" data-block-type=\"unstyled\">\n<p class=\"content-text__container \" data-track-category=\"Link no Texto\" data-track-links=\"\">&#8220;Vamos nos permitir tamb\u00e9m sermos desafiados pelas crian\u00e7as do mundo de hoje, que n\u00e3o est\u00e3o deitadas num ber\u00e7o acariciado com o afeto de m\u00e3e e pai, mas sofrem ao esconder-se em algum ref\u00fagio subterr\u00e2neo para escapar do bombardeio, nos pavimentos de uma grande cidade, no fundo de um barco carregado de imigrantes&#8221;, disse Francisco, fazendo refer\u00eancia direta.<\/p>\n<\/div>\n<div class=\"mc-column content-text active-extra-styles\" data-block-type=\"unstyled\">\n<p class=\"content-text__container \" style=\"text-align: justify;\" data-track-category=\"Link no Texto\" data-track-links=\"\">Foi a quarta vez que o Papa Francisco celebrou a Missa do Galo, desde que foi eleito em 2013. Neste domingo (25), o pont\u00edfice faz o discurso &#8220;Urbi et Orbi&#8221; (para a cidade e o mundo), no balc\u00e3o da bas\u00edlica de S\u00e3o Pedro, no Vaticano.<\/p>\n<p class=\"content-text__container \" style=\"text-align: justify;\" data-track-category=\"Link no Texto\" data-track-links=\"\"><img loading=\"lazy\" decoding=\"async\" class=\"aligncenter size-full wp-image-98981\" src=\"http:\/\/senoticias.com.br\/se\/wp-content\/uploads\/2016\/12\/Logo-fone-1-2-1-2.jpg\" alt=\"logo-fone-1-2-1\" width=\"599\" height=\"78\" srcset=\"https:\/\/senoticias.com.br\/se\/wp-content\/uploads\/2016\/12\/Logo-fone-1-2-1-2.jpg 599w, https:\/\/senoticias.com.br\/se\/wp-content\/uploads\/2016\/12\/Logo-fone-1-2-1-2-300x39.jpg 300w\" sizes=\"(max-width: 599px) 100vw, 599px\" \/><\/p>\n<p class=\"content-text__container \" style=\"text-align: justify;\" data-track-category=\"Link no Texto\" data-track-links=\"\"><strong>Acompanhe tamb\u00e9m o SE Not\u00edcias no<\/strong><span class=\"apple-converted-space\"><b>\u00a0<\/b><\/span><strong><a href=\"https:\/\/twitter.com\/Senoticias\" target=\"_blank\">Twitter<\/a>,<\/strong><span class=\"apple-converted-space\"><b>\u00a0<\/b><\/span><strong><a href=\"https:\/\/www.facebook.com\/senoticias1\" target=\"_blank\">Facebook<span class=\"apple-converted-space\">\u00a0<\/span><\/a>e no<\/strong><span class=\"apple-converted-space\"><b>\u00a0<\/b><\/span><strong><a href=\"https:\/\/www.instagram.com\/senoticias\/\" target=\"_blank\">Instagram<\/a><\/strong><\/p>\n<p class=\"content-text__container \" style=\"text-align: justify;\" data-track-category=\"Link no Texto\" data-track-links=\"\"><em><strong>Por <a href=\"http:\/\/g1.globo.com\/mundo\/noticia\/na-missa-do-galo-papa-francisco-critica-o-materialismo-e-faz-apelo-por-criancas-refugiadas.ghtml\">G1<\/a> S\u00e3o Paulo<\/strong><\/em><\/p>\n<\/div>\n<\/div>\n","protected":false},"excerpt":{"rendered":"<p>O papa Francisco celebrou durante a noite deste s\u00e1bado (24) a tradicional Missa do Galo, na bas\u00edlica de S\u00e3o Pedro, no Vaticano. Durante a celebra\u00e7\u00e3o o pont\u00edfice criticou o consumismo e afirmou que o &#8220;Natal virou ref\u00e9m da mundanidade&#8221; ao falar do materialismo nesse per\u00edodo do ano. Na homilia, ele tamb\u00e9m pediu compaix\u00e3o pelas crian\u00e7as [&hellip;]<\/p>\n","protected":false},"author":2,"featured_media":99006,"comment_status":"closed","ping_status":"closed","sticky":false,"template":"","format":"standard","meta":{"footnotes":""},"categories":[15,46],"tags":[],"class_list":{"0":"post-99005","1":"post","2":"type-post","3":"status-publish","4":"format-standard","5":"has-post-thumbnail","7":"category-destaques","8":"category-religiao"},"_links":{"self":[{"href":"https:\/\/senoticias.com.br\/se\/wp-json\/wp\/v2\/posts\/99005"}],"collection":[{"href":"https:\/\/senoticias.com.br\/se\/wp-json\/wp\/v2\/posts"}],"about":[{"href":"https:\/\/senoticias.com.br\/se\/wp-json\/wp\/v2\/types\/post"}],"author":[{"embeddable":true,"href":"https:\/\/senoticias.com.br\/se\/wp-json\/wp\/v2\/users\/2"}],"replies":[{"embeddable":true,"href":"https:\/\/senoticias.com.br\/se\/wp-json\/wp\/v2\/comments?post=99005"}],"version-history":[{"count":0,"href":"https:\/\/senoticias.com.br\/se\/wp-json\/wp\/v2\/posts\/99005\/revisions"}],"wp:featuredmedia":[{"embeddable":true,"href":"https:\/\/senoticias.com.br\/se\/wp-json\/wp\/v2\/media\/99006"}],"wp:attachment":[{"href":"https:\/\/senoticias.com.br\/se\/wp-json\/wp\/v2\/media?parent=99005"}],"wp:term":[{"taxonomy":"category","embeddable":true,"href":"https:\/\/senoticias.com.br\/se\/wp-json\/wp\/v2\/categories?post=99005"},{"taxonomy":"post_tag","embeddable":true,"href":"https:\/\/senoticias.com.br\/se\/wp-json\/wp\/v2\/tags?post=99005"}],"curies":[{"name":"wp","href":"https:\/\/api.w.org\/{rel}","templated":true}]}}