{"id":99001,"date":"2016-12-24T15:27:49","date_gmt":"2016-12-24T18:27:49","guid":{"rendered":"http:\/\/senoticias.com.br\/se\/?p=99001"},"modified":"2016-12-24T15:34:30","modified_gmt":"2016-12-24T18:34:30","slug":"confira-quanto-cada-municipio-de-sergipe-recebera-pela-multa-de-repatriacao","status":"publish","type":"post","link":"https:\/\/senoticias.com.br\/se\/confira-quanto-cada-municipio-de-sergipe-recebera-pela-multa-de-repatriacao\/","title":{"rendered":"Confira quanto cada munic\u00edpio de Sergipe receber\u00e1 pela multa de repatria\u00e7\u00e3o"},"content":{"rendered":"<p style=\"text-align: justify;\">A Confedera\u00e7\u00e3o Nacional de Munic\u00edpios (CNM) volta a alertar os prefeitos para informa\u00e7\u00f5es sobre o repasse dos recursos da multa da repatria\u00e7\u00e3o aos Munic\u00edpios. A partir da publica\u00e7\u00e3o da Medida Provis\u00f3ria 753\/2016, do governo federal, a entidade divulga novamente os valores que cada Munic\u00edpio deve receber.<\/p>\n<div id=\"attachment_79991\" style=\"width: 606px\" class=\"wp-caption aligncenter\"><img loading=\"lazy\" decoding=\"async\" aria-describedby=\"caption-attachment-79991\" class=\"size-full wp-image-79991\" src=\"http:\/\/senoticias.com.br\/se\/wp-content\/uploads\/2015\/05\/image-e1451862116275.jpg\" alt=\"Saiba quanto cada munic\u00edpio de Sergipe receber\u00e1 com a repatria\u00e7\u00e3o.  (Foto: Reprodu\u00e7\u00e3o)  \" width=\"596\" height=\"397\" \/><p id=\"caption-attachment-79991\" class=\"wp-caption-text\">Saiba quanto cada munic\u00edpio de Sergipe receber\u00e1 com a repatria\u00e7\u00e3o. (Foto: Reprodu\u00e7\u00e3o)<\/p><\/div>\n<p style=\"text-align: justify;\">Por meio do trabalho da Confedera\u00e7\u00e3o e do movimento municipalista nacional, as Prefeituras ter\u00e3o o direito de receber a cota-parte da multa preservado, j\u00e1 que a outra parte da verba j\u00e1 foi repassada. De acordo com os n\u00fameros da CNM, o montante deve chegar a R$ 5,6 bilh\u00f5es. Em valores, esses recursos representam um m\u00eas a mais de Fundo de Participa\u00e7\u00e3o dos Munic\u00edpios (FPM).<\/p>\n<p style=\"text-align: justify;\">O presidente da CNM, Paulo Ziulkoski, aconselha que seja mantida a mobiliza\u00e7\u00e3o dos prefeitos para que essa conquista seja efetivada. Al\u00e9m disso, ele lembra que os gestores locais devem reivindicar que a san\u00e7\u00e3o do novo texto da Lei do Imposto Sobre Servi\u00e7os (ISS), aprovado pelo Congresso Nacional, ocorra este ano para garantir que algumas opera\u00e7\u00f5es possam vigorar a partir de 2017.<\/p>\n<p style=\"text-align: justify;\">A CNM j\u00e1 protocolou o pedido de san\u00e7\u00e3o do ISS na presid\u00eancia da Rep\u00fablica. Mas, Ziulkoski orienta que os gestores continuem entrando em contato com os parlamentares e representantes do governo federal para refor\u00e7ar essa solicita\u00e7\u00e3o.<\/p>\n<p>Veja abaixo o valor que cada munic\u00edpio sergipano vai receber:<\/p>\n<div class=\"ead-preview\"><div class=\"ead-document\" style=\"position: relative;padding-top: 90%;\"><div class=\"ead-iframe-wrapper\"><iframe src=\"\/\/docs.google.com\/viewer?url=http%3A%2F%2Fsenoticias.com.br%2Fse%2Fwp-content%2Fuploads%2F2016%2F12%2FMulta-Repatriao-SE.pdf&amp;embedded=true&amp;hl=en\" title=\"Embedded Document\" class=\"ead-iframe\" style=\"width: 100%;height: 100%;border: none;position: absolute;left: 0;top: 0;visibility: hidden;\"><\/iframe><\/div>\t\t\t<div class=\"ead-document-loading\" style=\"width:100%;height:100%;position:absolute;left:0;top:0;z-index:10;\">\n\t\t\t\t<div class=\"ead-loading-wrap\">\n\t\t\t\t\t<div class=\"ead-loading-main\">\n\t\t\t\t\t\t<div class=\"ead-loading\">\n\t\t\t\t\t\t\t<img loading=\"lazy\" decoding=\"async\" src=\"https:\/\/senoticias.com.br\/se\/wp-content\/plugins\/embed-any-document\/images\/loading.svg\" width=\"55\" height=\"55\" alt=\"Loader\">\n\t\t\t\t\t\t\t<span>Loading...<\/span>\n\t\t\t\t\t\t<\/div>\n\t\t\t\t\t<\/div>\n\t\t\t\t\t<div class=\"ead-loading-foot\">\n\t\t\t\t\t\t<div class=\"ead-loading-foot-title\">\n\t\t\t\t\t\t\t<img loading=\"lazy\" decoding=\"async\" src=\"https:\/\/senoticias.com.br\/se\/wp-content\/plugins\/embed-any-document\/images\/EAD-logo.svg\" alt=\"EAD Logo\" width=\"36\" height=\"23\"\/>\n\t\t\t\t\t\t\t<span>Taking too long?<\/span>\n\t\t\t\t\t\t<\/div>\n\t\t\t\t\t\t<div class=\"ead-document-btn ead-reload-btn\" role=\"button\">\n\t\t\t\t\t\t\t\t<img loading=\"lazy\" decoding=\"async\" src=\"https:\/\/senoticias.com.br\/se\/wp-content\/plugins\/embed-any-document\/images\/reload.svg\" alt=\"Reload\" width=\"12\" height=\"12\"\/> Reload document\t\t\t\t\t\t\t<\/div>\n\t\t\t\t\t\t\t<span>|<\/span>\n\t\t\t\t\t\t\t<a href=\"http:\/\/senoticias.com.br\/se\/wp-content\/uploads\/2016\/12\/Multa-Repatriao-SE.pdf\" class=\"ead-document-btn\" target=\"_blank\">\n\t\t\t\t\t\t\t\t<img loading=\"lazy\" decoding=\"async\" src=\"https:\/\/senoticias.com.br\/se\/wp-content\/plugins\/embed-any-document\/images\/open.svg\" alt=\"Open\" width=\"12\" height=\"12\"\/> Open in new tab\t\t\t\t\t\t\t<\/a>\n\t\t\t\t\t<\/div>\n\t\t\t\t<\/div>\n\t\t\t<\/div>\n\t\t<\/div><p class=\"embed_download\"><a href=\"http:\/\/senoticias.com.br\/se\/wp-content\/uploads\/2016\/12\/Multa-Repatriao-SE.pdf\" download>Download [162.00 B] <\/a><\/p><\/div>\n<p><img loading=\"lazy\" decoding=\"async\" class=\"aligncenter size-full wp-image-98981\" src=\"http:\/\/senoticias.com.br\/se\/wp-content\/uploads\/2016\/12\/Logo-fone-1-2-1-2.jpg\" alt=\"logo-fone-1-2-1\" width=\"599\" height=\"78\" srcset=\"https:\/\/senoticias.com.br\/se\/wp-content\/uploads\/2016\/12\/Logo-fone-1-2-1-2.jpg 599w, https:\/\/senoticias.com.br\/se\/wp-content\/uploads\/2016\/12\/Logo-fone-1-2-1-2-300x39.jpg 300w\" sizes=\"(max-width: 599px) 100vw, 599px\" \/><\/p>\n<p><em><strong>Acompanhe tamb\u00e9m o SE Not\u00edcias no<\/strong><span class=\"apple-converted-space\"><b>\u00a0<\/b><\/span><strong><a href=\"https:\/\/twitter.com\/Senoticias\" target=\"_blank\">Twitter<\/a>,<\/strong><span class=\"apple-converted-space\"><b>\u00a0<\/b><\/span><strong><a href=\"https:\/\/www.facebook.com\/senoticias1\" target=\"_blank\">Facebook<span class=\"apple-converted-space\">\u00a0<\/span><\/a>e no<\/strong><span class=\"apple-converted-space\"><b>\u00a0<\/b><\/span><strong><a href=\"https:\/\/www.instagram.com\/senoticias\/\" target=\"_blank\">Instagram<\/a><\/strong><\/em><\/p>\n<p><em>Com informa\u00e7\u00f5es da Ag\u00eancia CNM<\/em><\/p>\n","protected":false},"excerpt":{"rendered":"<p>A Confedera\u00e7\u00e3o Nacional de Munic\u00edpios (CNM) volta a alertar os prefeitos para informa\u00e7\u00f5es sobre o repasse dos recursos da multa da repatria\u00e7\u00e3o aos Munic\u00edpios. A partir da publica\u00e7\u00e3o da Medida Provis\u00f3ria 753\/2016, do governo federal, a entidade divulga novamente os valores que cada Munic\u00edpio deve receber. Por meio do trabalho da Confedera\u00e7\u00e3o e do movimento [&hellip;]<\/p>\n","protected":false},"author":2,"featured_media":79991,"comment_status":"closed","ping_status":"closed","sticky":false,"template":"","format":"standard","meta":{"footnotes":""},"categories":[6],"tags":[],"class_list":{"0":"post-99001","1":"post","2":"type-post","3":"status-publish","4":"format-standard","5":"has-post-thumbnail","7":"category-politica"},"_links":{"self":[{"href":"https:\/\/senoticias.com.br\/se\/wp-json\/wp\/v2\/posts\/99001"}],"collection":[{"href":"https:\/\/senoticias.com.br\/se\/wp-json\/wp\/v2\/posts"}],"about":[{"href":"https:\/\/senoticias.com.br\/se\/wp-json\/wp\/v2\/types\/post"}],"author":[{"embeddable":true,"href":"https:\/\/senoticias.com.br\/se\/wp-json\/wp\/v2\/users\/2"}],"replies":[{"embeddable":true,"href":"https:\/\/senoticias.com.br\/se\/wp-json\/wp\/v2\/comments?post=99001"}],"version-history":[{"count":0,"href":"https:\/\/senoticias.com.br\/se\/wp-json\/wp\/v2\/posts\/99001\/revisions"}],"wp:featuredmedia":[{"embeddable":true,"href":"https:\/\/senoticias.com.br\/se\/wp-json\/wp\/v2\/media\/79991"}],"wp:attachment":[{"href":"https:\/\/senoticias.com.br\/se\/wp-json\/wp\/v2\/media?parent=99001"}],"wp:term":[{"taxonomy":"category","embeddable":true,"href":"https:\/\/senoticias.com.br\/se\/wp-json\/wp\/v2\/categories?post=99001"},{"taxonomy":"post_tag","embeddable":true,"href":"https:\/\/senoticias.com.br\/se\/wp-json\/wp\/v2\/tags?post=99001"}],"curies":[{"name":"wp","href":"https:\/\/api.w.org\/{rel}","templated":true}]}}