{"id":98997,"date":"2016-12-24T14:52:55","date_gmt":"2016-12-24T17:52:55","guid":{"rendered":"http:\/\/senoticias.com.br\/se\/?p=98997"},"modified":"2016-12-28T06:17:41","modified_gmt":"2016-12-28T09:17:41","slug":"98997-2","status":"publish","type":"post","link":"https:\/\/senoticias.com.br\/se\/98997-2\/","title":{"rendered":"Secretaria de Estado da Sa\u00fade divulga Plano de Conting\u00eancia para o fim de ano"},"content":{"rendered":"<p style=\"text-align: justify;\">Para garantir o pleno funcionamento da Rede de Urg\u00eancia e Emerg\u00eancia, durante as festividades do Natal e R\u00e9veillon, a Secretaria de Estado da Sa\u00fade (SES) e a Funda\u00e7\u00e3o Hospitalar (FHS) elaboraram um Plano de Conting\u00eancia para as Opera\u00e7\u00f5es de Final de Ano. A estrat\u00e9gia, apresentada em coletiva de imprensa nesta sexta-feira, 23, agrega todas as unidades hospitalares da Rede Estadual, Vigil\u00e2ncias Epidemiol\u00f3gica e Sanit\u00e1ria, Servi\u00e7o de Atendimento M\u00f3vel de Urg\u00eancia (Samu 192 Sergipe), al\u00e9m de \u00f3rg\u00e3os e institui\u00e7\u00f5es parceiras.<\/p>\n<div id=\"attachment_99000\" style=\"width: 609px\" class=\"wp-caption aligncenter\"><img loading=\"lazy\" decoding=\"async\" aria-describedby=\"caption-attachment-99000\" class=\"size-full wp-image-99000\" src=\"http:\/\/senoticias.com.br\/se\/wp-content\/uploads\/2016\/12\/Secretaria-de-Estado-da-saude-SE-Noticias-e1482602150490.jpeg\" alt=\"Sa\u00fade divulga Plano de Conting\u00eancia para as Opera\u00e7\u00f5es de Final de Ano\/ Fotos: Ascom\/SES\" width=\"599\" height=\"399\" \/><p id=\"caption-attachment-99000\" class=\"wp-caption-text\">Sa\u00fade divulga Plano de Conting\u00eancia para as Opera\u00e7\u00f5es de Final de Ano (Foto: Ascom\/SES)<\/p><\/div>\n<p style=\"text-align: justify;\">O Plano de Conting\u00eancia foi arquitetado para funcionar entre os dias 23 e 26 de dezembro (Natal) e de 30 de dezembro a 02 de janeiro (Ano Novo). O Batalh\u00e3o de Pol\u00edcia Rodovi\u00e1ria Estadual (BPRv), o Centro Integrado de Opera\u00e7\u00f5es da Seguran\u00e7a P\u00fablica (Ciosp), o Corpo de Bombeiros, o Grupamento T\u00e1tico A\u00e9reo (GTA), a Superintend\u00eancia Municipal de Transporte e Tr\u00e2nsito (SMTT), a Defesa Civil e os Hospitais Filantr\u00f3picos comp\u00f5em as institui\u00e7\u00f5es parceiras nesta a\u00e7\u00e3o.<\/p>\n<p style=\"text-align: justify;\">De acordo com a secret\u00e1ria de Estado da Sa\u00fade, Concei\u00e7\u00e3o Mendon\u00e7a, foi montada uma equipe de resposta r\u00e1pida (ERR), formada por t\u00e9cnicos e gestores da SES\/FHS, objetivando o monitoramento em tempo real e a coordena\u00e7\u00e3o das portas de entrada da Rede Hospitalar e de Urg\u00eancia de Sergipe. \u201cO trabalho visa, acima\u00a0 de qualquer coisa, n\u00e3o causar desassist\u00eancia \u00e0 popula\u00e7\u00e3o. Por isso, montamos uma estrat\u00e9gia de comando e controle, conforme necessidade de cada \u00e1rea, e contamos com o compromisso integral de todos os envolvidos\u201d, salientou.<\/p>\n<p style=\"text-align: justify;\">Os leitos de retaguarda integrados ao Complexo Regulat\u00f3rio; as Unidades de Suporte B\u00e1sico (USB) e Unidades de Suporte Avan\u00e7ado (USA) em opera\u00e7\u00e3o no Estado; a escala dos profissionais de sa\u00fade nas portas de entrada das urg\u00eancias e apoio na convoca\u00e7\u00e3o de prov\u00e1veis substitutos; as doen\u00e7as de notifica\u00e7\u00e3o compuls\u00f3ria (DNC), bem como as medidas de controle quando necess\u00e1rias, em parceria com a vigil\u00e2ncia epidemiol\u00f3gica dos munic\u00edpios; tudo ser\u00e1 monitorado a partir da estrat\u00e9gia montada para o Plano de Conting\u00eancia.<\/p>\n<p style=\"text-align: justify;\">\u201cSa\u00fade P\u00fablica se faz com efici\u00eancia e planejamento. Nosso sistema est\u00e1 organizado, com preven\u00e7\u00e3o e planejamento, visando evitar a superlota\u00e7\u00e3o das unidades e fragilidade nas remo\u00e7\u00f5es, e garantindo o acesso igualit\u00e1rio dos usu\u00e1rios do SUS aos servi\u00e7os oferecidos pela Nossa Rede\u201d, enfatizou a secret\u00e1ria Concei\u00e7\u00e3o Mendon\u00e7a, ressaltando a parceria de todas as unidades da Rede FHS, al\u00e9m dos outros \u00f3rg\u00e3os e institui\u00e7\u00f5es do Estado. \u201cSe trabalharmos integrados o resultado \u00e9 muito mais positivo. E quem ganha com isso \u00e9 a popula\u00e7\u00e3o\u201d, complementou.<\/p>\n<p style=\"text-align: justify;\">O superintendente do Hospital Regional Dr. Pedro Garcia Moreno Filho, em Itabaiana, Darcy Tavares, informa que a equipe est\u00e1 empenhada para que o planejamento funcione plenamente. \u201cEstamos com praticamente toda a escala fechada, apenas com alguns detalhes pontuais. Assim como os outros Regionais, a unidade \u00e9 extremamente importante para a descentraliza\u00e7\u00e3o da sa\u00fade p\u00fablica, com uma taxa de transfer\u00eancia para Aracaju que \u00e9 inferior a 1%, o que demonstra a resolutividade da equipe\u201d, afirmou.<\/p>\n<p style=\"text-align: justify;\">O mesmo acontece com o Samu 192 Sergipe. Segundo explica a superintendente do Servi\u00e7o, Maria L\u00facia Santos, o foco para o final do ano foi a composi\u00e7\u00e3o das escalas, para que haja cobertura assistencial e aten\u00e7\u00e3o as urg\u00eancias em todo o estado. \u201cInclusive, protocolamos essas escalas no Minist\u00e9rio P\u00fablico Estadual, at\u00e9 para uma quest\u00e3o de seguran\u00e7a, tanto para as equipes escaladas quanto para a popula\u00e7\u00e3o\u201d, explicou.<\/p>\n<p><img loading=\"lazy\" decoding=\"async\" class=\"aligncenter size-full wp-image-98981\" src=\"http:\/\/senoticias.com.br\/se\/wp-content\/uploads\/2016\/12\/Logo-fone-1-2-1-2.jpg\" alt=\"logo-fone-1-2-1\" width=\"599\" height=\"78\" srcset=\"https:\/\/senoticias.com.br\/se\/wp-content\/uploads\/2016\/12\/Logo-fone-1-2-1-2.jpg 599w, https:\/\/senoticias.com.br\/se\/wp-content\/uploads\/2016\/12\/Logo-fone-1-2-1-2-300x39.jpg 300w\" sizes=\"(max-width: 599px) 100vw, 599px\" \/><\/p>\n<p><em><strong>Acompanhe tamb\u00e9m o SE Not\u00edcias no<\/strong><span class=\"apple-converted-space\"><b>\u00a0<\/b><\/span><strong><a href=\"https:\/\/twitter.com\/Senoticias\" target=\"_blank\">Twitter<\/a>,<\/strong><span class=\"apple-converted-space\"><b>\u00a0<\/b><\/span><strong><a href=\"https:\/\/www.facebook.com\/senoticias1\" target=\"_blank\">Facebook<span class=\"apple-converted-space\">\u00a0<\/span><\/a>e no<\/strong><span class=\"apple-converted-space\"><b>\u00a0<\/b><\/span><strong><a href=\"https:\/\/www.instagram.com\/senoticias\/\" target=\"_blank\">Instagram<\/a><\/strong><\/em><\/p>\n<p><em>Fonte: ASN<\/em><\/p>\n","protected":false},"excerpt":{"rendered":"<p>Para garantir o pleno funcionamento da Rede de Urg\u00eancia e Emerg\u00eancia, durante as festividades do Natal e R\u00e9veillon, a Secretaria de Estado da Sa\u00fade (SES) e a Funda\u00e7\u00e3o Hospitalar (FHS) elaboraram um Plano de Conting\u00eancia para as Opera\u00e7\u00f5es de Final de Ano. A estrat\u00e9gia, apresentada em coletiva de imprensa nesta sexta-feira, 23, agrega todas as [&hellip;]<\/p>\n","protected":false},"author":2,"featured_media":99000,"comment_status":"closed","ping_status":"closed","sticky":false,"template":"","format":"standard","meta":{"footnotes":""},"categories":[15,6],"tags":[],"class_list":{"0":"post-98997","1":"post","2":"type-post","3":"status-publish","4":"format-standard","5":"has-post-thumbnail","7":"category-destaques","8":"category-politica"},"_links":{"self":[{"href":"https:\/\/senoticias.com.br\/se\/wp-json\/wp\/v2\/posts\/98997"}],"collection":[{"href":"https:\/\/senoticias.com.br\/se\/wp-json\/wp\/v2\/posts"}],"about":[{"href":"https:\/\/senoticias.com.br\/se\/wp-json\/wp\/v2\/types\/post"}],"author":[{"embeddable":true,"href":"https:\/\/senoticias.com.br\/se\/wp-json\/wp\/v2\/users\/2"}],"replies":[{"embeddable":true,"href":"https:\/\/senoticias.com.br\/se\/wp-json\/wp\/v2\/comments?post=98997"}],"version-history":[{"count":0,"href":"https:\/\/senoticias.com.br\/se\/wp-json\/wp\/v2\/posts\/98997\/revisions"}],"wp:featuredmedia":[{"embeddable":true,"href":"https:\/\/senoticias.com.br\/se\/wp-json\/wp\/v2\/media\/99000"}],"wp:attachment":[{"href":"https:\/\/senoticias.com.br\/se\/wp-json\/wp\/v2\/media?parent=98997"}],"wp:term":[{"taxonomy":"category","embeddable":true,"href":"https:\/\/senoticias.com.br\/se\/wp-json\/wp\/v2\/categories?post=98997"},{"taxonomy":"post_tag","embeddable":true,"href":"https:\/\/senoticias.com.br\/se\/wp-json\/wp\/v2\/tags?post=98997"}],"curies":[{"name":"wp","href":"https:\/\/api.w.org\/{rel}","templated":true}]}}