{"id":98995,"date":"2016-12-24T07:13:31","date_gmt":"2016-12-24T10:13:31","guid":{"rendered":"http:\/\/senoticias.com.br\/se\/?p=98995"},"modified":"2016-12-24T07:13:31","modified_gmt":"2016-12-24T10:13:31","slug":"presos-dois-taxistas-suspeitos-de-participarem-de-grupo-que-praticava-roubos-em-aracaju","status":"publish","type":"post","link":"https:\/\/senoticias.com.br\/se\/presos-dois-taxistas-suspeitos-de-participarem-de-grupo-que-praticava-roubos-em-aracaju\/","title":{"rendered":"Presos dois taxistas suspeitos de participarem de grupo que praticava roubos em Aracaju"},"content":{"rendered":"<p style=\"text-align: justify;\">Desde a tarde dessa quinta-feira,22, a equipe da Delegacia de Roubos e Furtos (Derof) em conjunto com\u00a0 o Departamento de Intelig\u00eancia da Policia Civil (Dipol) iniciou as pris\u00f5es e apreens\u00f5es de adolescentes e adultos envolvidos num roubo a uma resid\u00eancia situada no Bairro Coroa do Meio, em 05 de dezembro deste ano, com uso de armas de fogo.<\/p>\n<div id=\"attachment_98996\" style=\"width: 609px\" class=\"wp-caption aligncenter\"><img loading=\"lazy\" decoding=\"async\" aria-describedby=\"caption-attachment-98996\" class=\"size-full wp-image-98996\" src=\"http:\/\/senoticias.com.br\/se\/wp-content\/uploads\/2016\/12\/Taxistas-presos-na-Derof-SE-Noticias-e1482574247240.jpg\" alt=\"As pris\u00f5es s\u00e3o decorrentes de um assalto realizado no inicio de dezembro na Coroa do Meio\" width=\"599\" height=\"399\" \/><p id=\"caption-attachment-98996\" class=\"wp-caption-text\">As pris\u00f5es s\u00e3o decorrentes de um assalto realizado no inicio de dezembro na Coroa do Meio (Foto: SSP\/SE).<\/p><\/div>\n<p style=\"text-align: justify;\">\n<p>Ao todo, sete adolescentes e tr\u00eas adultos invadiram a casa na aus\u00eancia dos pais, agrediram, amea\u00e7aram e renderam as crian\u00e7as, destru\u00edram e saquearam a casa toda, desde j\u00f3ias e eletr\u00f4nicos at\u00e9 as roupas\u00a0 dos moradores.<\/p>\n<p>Dois taxistas participaram da a\u00e7\u00e3o delitiva levando os demais at\u00e9 a casa e os aguardando para conduzi-los de volta juntamente com os produtos roubados, Ransmiller Alves Vieira, com 27 anos, e David Alves de Sousa, com 36 anos. Eles pretendiam roubar um dos carros da casa, entretanto, como a dona n\u00e3o apareceu no hor\u00e1rio de praxe, ficaram sem ve\u00edculo para conduzir os produtos do crime e findaram por ter que coloc\u00e1-los num dos t\u00e1xis.<\/p>\n<p>Em raz\u00e3o disso, o motorista Ransmiller foi \u00e0 Nona DM ap\u00f3s o roubo simular ter sido sequestrado pelos assaltantes. Ambos os taxistas est\u00e3o detidos pela Derof, bem como o terceiro adulto envolvido na a\u00e7\u00e3o, Jamisson Barreto Santos, 25 anos, que foi detido em flagrante por roubo e porte de arma na tarde de ontem,\u00a0 em Nossa Senhora das Dores, juntamente com um dos adolescentes procurados pela Derof.<\/p>\n<p>A Derof apreendeu ainda outros 3 adolescentes dos que invadiram a casa , todos entre 16 e 17 anos, e com vasto hist\u00f3rico de roubos a estabelecimentos comerciais, casas e ve\u00edculos.<\/p>\n","protected":false},"excerpt":{"rendered":"<p>Desde a tarde dessa quinta-feira,22, a equipe da Delegacia de Roubos e Furtos (Derof) em conjunto com\u00a0 o Departamento de Intelig\u00eancia da Policia Civil (Dipol) iniciou as pris\u00f5es e apreens\u00f5es de adolescentes e adultos envolvidos num roubo a uma resid\u00eancia situada no Bairro Coroa do Meio, em 05 de dezembro deste ano, com uso de [&hellip;]<\/p>\n","protected":false},"author":2,"featured_media":98996,"comment_status":"closed","ping_status":"closed","sticky":false,"template":"","format":"standard","meta":{"footnotes":""},"categories":[7],"tags":[],"class_list":{"0":"post-98995","1":"post","2":"type-post","3":"status-publish","4":"format-standard","5":"has-post-thumbnail","7":"category-policia"},"_links":{"self":[{"href":"https:\/\/senoticias.com.br\/se\/wp-json\/wp\/v2\/posts\/98995"}],"collection":[{"href":"https:\/\/senoticias.com.br\/se\/wp-json\/wp\/v2\/posts"}],"about":[{"href":"https:\/\/senoticias.com.br\/se\/wp-json\/wp\/v2\/types\/post"}],"author":[{"embeddable":true,"href":"https:\/\/senoticias.com.br\/se\/wp-json\/wp\/v2\/users\/2"}],"replies":[{"embeddable":true,"href":"https:\/\/senoticias.com.br\/se\/wp-json\/wp\/v2\/comments?post=98995"}],"version-history":[{"count":0,"href":"https:\/\/senoticias.com.br\/se\/wp-json\/wp\/v2\/posts\/98995\/revisions"}],"wp:featuredmedia":[{"embeddable":true,"href":"https:\/\/senoticias.com.br\/se\/wp-json\/wp\/v2\/media\/98996"}],"wp:attachment":[{"href":"https:\/\/senoticias.com.br\/se\/wp-json\/wp\/v2\/media?parent=98995"}],"wp:term":[{"taxonomy":"category","embeddable":true,"href":"https:\/\/senoticias.com.br\/se\/wp-json\/wp\/v2\/categories?post=98995"},{"taxonomy":"post_tag","embeddable":true,"href":"https:\/\/senoticias.com.br\/se\/wp-json\/wp\/v2\/tags?post=98995"}],"curies":[{"name":"wp","href":"https:\/\/api.w.org\/{rel}","templated":true}]}}