{"id":98994,"date":"2016-12-23T20:14:31","date_gmt":"2016-12-23T23:14:31","guid":{"rendered":"http:\/\/senoticias.com.br\/se\/?p=98994"},"modified":"2016-12-23T20:14:31","modified_gmt":"2016-12-23T23:14:31","slug":"confira-o-que-funciona-no-feriado-do-natal","status":"publish","type":"post","link":"https:\/\/senoticias.com.br\/se\/confira-o-que-funciona-no-feriado-do-natal\/","title":{"rendered":"Confira o que funciona no feriado do Natal"},"content":{"rendered":"<div class=\"materia-assinatura-letra\">\n<div class=\"materia-assinatura\">\n<p class=\"vcard author\"><em><strong><span class=\"adr\"><span class=\"locality\">Do <a href=\"http:\/\/g1.globo.com\/se\/sergipe\/noticia\/2016\/12\/confira-o-que-abre-e-fecha-no-feriado-de-natal.html\">G1<\/a> SE<\/span><\/span><\/strong><\/em><\/p>\n<\/div>\n<\/div>\n<p style=\"text-align: justify;\">\nEste domingo (25), \u00e9 feriado de Natal, data que comemora o nascimento de Jesus Cristo. Por isso, alguns \u00f3rg\u00e3os p\u00fablicos, estabelecimento comerciais, unidades de sa\u00fade e shoppings ter\u00e3o mudan\u00e7as no funcionamento.<\/p>\n<div id=\"attachment_90753\" style=\"width: 609px\" class=\"wp-caption aligncenter\"><img loading=\"lazy\" decoding=\"async\" aria-describedby=\"caption-attachment-90753\" class=\"size-full wp-image-90753\" src=\"http:\/\/senoticias.com.br\/se\/wp-content\/uploads\/2016\/04\/SENOTICIAS-COMERCIO-e1460739558933.jpg\" alt=\"Cal\u00e7ad\u00e3o da Jo\u00e3o Pessoa, no Centro de Aracaju (Foto: Patricia Carvalho \/ G1)\" width=\"599\" height=\"449\" \/><p id=\"caption-attachment-90753\" class=\"wp-caption-text\">Cal\u00e7ad\u00e3o da Jo\u00e3o Pessoa, no Centro de Aracaju (Foto: Patricia Carvalho \/ G1)<\/p><\/div>\n<p style=\"text-align: justify;\">\n<strong>Centro de Aracaju<\/strong><\/p>\n<p>As lojas do Centro de Aracaju funcionam das 8 \u00e0s 22h at\u00e9 o dia 30 de dezembro. Durante os s\u00e1bados, das 8 \u00e0s 18h, e domingos, das 9 \u00e0s 15h. Na v\u00e9spera do Natal, sexta-feira (24), e v\u00e9spera de Ano Novo (31), o hor\u00e1rio de funcionamento ser\u00e1 das 08 \u00e0s 17h.<\/p>\n<p style=\"text-align: justify;\"><strong>Mercados e Feiras<br \/>\n<\/strong><br \/>\nCom as proximidades dos festejos do final do ano, a Emsurb comunica altera\u00e7\u00e3o no funcionamento de feiras livres e mercados setoriais da Capital. Nos dias 25, 26, 31 e 01 de janeiro, os mercados da regi\u00e3o central e tamb\u00e9m os localizados nos bairros de Aracaju fechar\u00e3o suas portas (nestes dias ser\u00e3o realizadas limpezas).<\/p>\n<p style=\"text-align: justify;\">O funcionamento voltar\u00e1 normalmente nos dias seguintes aos citados acima. J\u00e1, todas as feiras que acontecem nas quintas, sextas, s\u00e1bados e domingos, excepcionalmente nestes dias de festa, ser\u00e3o antecipadas em um dia (por exemplo, a feira livre do bairro Santos Dumont, que acontece todas as quintas-feiras, ser\u00e1 antecipada para esta quarta). Em rela\u00e7\u00e3o ao Parque Augusto Franco (Parque da Sementeira), o funcionamento ser\u00e1 mantido normalmente durante esse per\u00edodo festivo, funcionado das 6h \u00e0s 21h todos os dias.<\/p>\n<p><strong>Supermercados<br \/>\n<\/strong><br \/>\nAs lojas da rede GBarbosa funcionar\u00e3o nos dias 24 e 31 de dezembro das 6h \u00e0s 19h. Nos dias 25 de dezembro e 01 de janeiro estar\u00e3o fechadas.<\/p>\n<p>Lojas da bandeira Extra abrem das 7h \u00e0s 19h, no dia 24. As lojas da bandeira P\u00e3o de A\u00e7\u00facar funcionam das 7h \u00e0s 18h, (24). Nos dias (25) e (1\u00ba), as lojas das bandeiras Extra e P\u00e3o de A\u00e7\u00facar estar\u00e3o fechadas.<\/p>\n<p>As lojas da Rede Bompre\u00e7o n\u00e3o ir\u00e3o funcionar nos dias (25) e (1\u00b0) de janeiro.<\/p>\n<p><strong>Shoppings<br \/>\n<\/strong><br \/>\nO Shopping Jardins altera o hor\u00e1rio de funcionamento. At\u00e9 sexta-feira (23), as pra\u00e7as de alimenta\u00e7\u00e3o, opera\u00e7\u00f5es de lazer, lojas e quiosques funcionam das 10 \u00e0s 23 horas. \u00c2ncoras e megalojas, das 9 \u00e0s 23 horas.<\/p>\n<p>No s\u00e1bado (24), o shopping funciona das 9 \u00e0s 18 horas. No domingo (25), o restaurante Ferreiro abre a partir das 12 horas e o cinema obedecer\u00e1 ao hor\u00e1rio da rede Cinemark.<\/p>\n<p>Pra\u00e7as de alimenta\u00e7\u00e3o, demais lojas e quiosques estar\u00e3o fechados.<\/p>\n<p style=\"text-align: justify;\">Na segunda-feira (26), o centro de compras voltar\u00e1 a operar em seu hor\u00e1rio normal, com \u00e2ncoras e megalojas funcionando das 9 \u00e0s 22 horas, pra\u00e7as de alimenta\u00e7\u00e3o, demais lojas e quiosques, das 10 \u00e0s 22 horas.<\/p>\n<p style=\"text-align: justify;\">No s\u00e1bado (31), todo o shopping abrir\u00e1 das 9 \u00e0s 18 horas e no domingo, 1\u00ba de janeiro de 2017, as pra\u00e7as de alimenta\u00e7\u00e3o e opera\u00e7\u00f5es de lazer funcionar\u00e3o das 12 \u00e0s 22 horas e o cinema obedecer\u00e1 ao hor\u00e1rio da rede Cinemark. Demais lojas e quiosques estar\u00e3o fechados.<\/p>\n<p style=\"text-align: justify;\">O Shopping Pr\u00eamio abre as lojas \u00e2ncoras das 9h \u00e0s 23h, na sexta-feira (23). No s\u00e1bado (24), abre das 9h e fecha \u00e0s 18h. No domingo (25), o shopping fecha.<\/p>\n<p style=\"text-align: justify;\">O RioMar Shopping funciona das 9 \u00e0s 23 horas, na sexta-feira (23). A pra\u00e7a de alimenta\u00e7\u00e3o, lazer abrem das 10 \u00e0s 23 horas. No dia 24, as lojas abrir\u00e3o das 9 \u00e0s 18 horas. No dia 25, o RioMar abre a pra\u00e7a de alimenta\u00e7\u00e3o e lazer das 12 \u00e0s 22 horas, demais lojas fecham. O Cinemark, Ferreiro Grill e hipermercado Gbarbosa obedecer\u00e3o aos hor\u00e1rios estabelecidos pelas redes.<\/p>\n<p style=\"text-align: justify;\">Entre os dias 26 e 30 de dezembro, o shopping funciona em hor\u00e1rio normal, das 9h \u00e0s 22h para \u00e2ncoras e megalojas, e das 10h \u00e0s 22h para a pra\u00e7a de alimenta\u00e7\u00e3o, lazer, lojas e quiosques.<\/p>\n<p style=\"text-align: justify;\">No dia 31, o shopping funciona com as \u00e2ncoras e megalojas das 9h \u00e0s 18h. A pra\u00e7a de alimenta\u00e7\u00e3o, lazer, lojas e quiosques abrem das 10h \u00e0s 18h. No dia 1\u00ba de janeiro, data em que se comemora a Confraterniza\u00e7\u00e3o Universal, o RioMar Shopping estar\u00e1 fechado.<\/p>\n<p style=\"text-align: justify;\"><img loading=\"lazy\" decoding=\"async\" class=\"aligncenter size-full wp-image-98981\" src=\"http:\/\/senoticias.com.br\/se\/wp-content\/uploads\/2016\/12\/Logo-fone-1-2-1-2.jpg\" alt=\"logo-fone-1-2-1\" width=\"599\" height=\"78\" srcset=\"https:\/\/senoticias.com.br\/se\/wp-content\/uploads\/2016\/12\/Logo-fone-1-2-1-2.jpg 599w, https:\/\/senoticias.com.br\/se\/wp-content\/uploads\/2016\/12\/Logo-fone-1-2-1-2-300x39.jpg 300w\" sizes=\"(max-width: 599px) 100vw, 599px\" \/><\/p>\n<p style=\"text-align: justify;\"><em><strong>Acompanhe tamb\u00e9m o SE Not\u00edcias no<\/strong><span class=\"apple-converted-space\"><b>\u00a0<\/b><\/span><strong><a href=\"https:\/\/twitter.com\/Senoticias\" target=\"_blank\">Twitter<\/a>,<\/strong><span class=\"apple-converted-space\"><b>\u00a0<\/b><\/span><strong><a href=\"https:\/\/www.facebook.com\/senoticias1\" target=\"_blank\">Facebook<span class=\"apple-converted-space\">\u00a0<\/span><\/a>e no<\/strong><span class=\"apple-converted-space\"><b>\u00a0<\/b><\/span><strong><a href=\"https:\/\/www.instagram.com\/senoticias\/\" target=\"_blank\">Instagram<\/a><\/strong><\/em><\/p>\n","protected":false},"excerpt":{"rendered":"<p>Do G1 SE Este domingo (25), \u00e9 feriado de Natal, data que comemora o nascimento de Jesus Cristo. Por isso, alguns \u00f3rg\u00e3os p\u00fablicos, estabelecimento comerciais, unidades de sa\u00fade e shoppings ter\u00e3o mudan\u00e7as no funcionamento. Centro de Aracaju As lojas do Centro de Aracaju funcionam das 8 \u00e0s 22h at\u00e9 o dia 30 de dezembro. Durante [&hellip;]<\/p>\n","protected":false},"author":2,"featured_media":90753,"comment_status":"closed","ping_status":"closed","sticky":false,"template":"","format":"standard","meta":{"footnotes":""},"categories":[21,6],"tags":[],"class_list":{"0":"post-98994","1":"post","2":"type-post","3":"status-publish","4":"format-standard","5":"has-post-thumbnail","7":"category-entretenimento","8":"category-politica"},"_links":{"self":[{"href":"https:\/\/senoticias.com.br\/se\/wp-json\/wp\/v2\/posts\/98994"}],"collection":[{"href":"https:\/\/senoticias.com.br\/se\/wp-json\/wp\/v2\/posts"}],"about":[{"href":"https:\/\/senoticias.com.br\/se\/wp-json\/wp\/v2\/types\/post"}],"author":[{"embeddable":true,"href":"https:\/\/senoticias.com.br\/se\/wp-json\/wp\/v2\/users\/2"}],"replies":[{"embeddable":true,"href":"https:\/\/senoticias.com.br\/se\/wp-json\/wp\/v2\/comments?post=98994"}],"version-history":[{"count":0,"href":"https:\/\/senoticias.com.br\/se\/wp-json\/wp\/v2\/posts\/98994\/revisions"}],"wp:featuredmedia":[{"embeddable":true,"href":"https:\/\/senoticias.com.br\/se\/wp-json\/wp\/v2\/media\/90753"}],"wp:attachment":[{"href":"https:\/\/senoticias.com.br\/se\/wp-json\/wp\/v2\/media?parent=98994"}],"wp:term":[{"taxonomy":"category","embeddable":true,"href":"https:\/\/senoticias.com.br\/se\/wp-json\/wp\/v2\/categories?post=98994"},{"taxonomy":"post_tag","embeddable":true,"href":"https:\/\/senoticias.com.br\/se\/wp-json\/wp\/v2\/tags?post=98994"}],"curies":[{"name":"wp","href":"https:\/\/api.w.org\/{rel}","templated":true}]}}