{"id":98990,"date":"2016-12-23T18:12:23","date_gmt":"2016-12-23T21:12:23","guid":{"rendered":"http:\/\/senoticias.com.br\/se\/?p=98990"},"modified":"2016-12-23T18:12:23","modified_gmt":"2016-12-23T21:12:23","slug":"quarteto-e-preso-em-flagrante-apos-cometer-diversos-roubos-no-interior-de-sergipe","status":"publish","type":"post","link":"https:\/\/senoticias.com.br\/se\/quarteto-e-preso-em-flagrante-apos-cometer-diversos-roubos-no-interior-de-sergipe\/","title":{"rendered":"Quarteto \u00e9 preso em flagrante ap\u00f3s cometer diversos roubos no interior de Sergipe"},"content":{"rendered":"<p style=\"text-align: justify;\">Na tarde dessa quinta-feira, 22, militares que realizavam patrulhamento no munic\u00edpio de Nossa Senhora das Dores apreenderam dois adolescentes e prenderam um homem ap\u00f3s abordagem a um ve\u00edculo em atitude suspeita. Ap\u00f3s a tentativa de fuga, a Pol\u00edcia Civil prendeu o condutor do ve\u00edculo que havia obtido \u00eaxito na fuga durante a ocorr\u00eancia.<\/p>\n<div id=\"attachment_98991\" style=\"width: 609px\" class=\"wp-caption aligncenter\"><img loading=\"lazy\" decoding=\"async\" aria-describedby=\"caption-attachment-98991\" class=\"size-full wp-image-98991\" src=\"http:\/\/senoticias.com.br\/se\/wp-content\/uploads\/2016\/12\/PRESOS-SE-NOTICIAS-e1482527326419.jpeg\" alt=\"Pol\u00edcia Militar e Civil atuaram conjuntamente para conduzir \u00e0 delegacia os 4 envolvidos\" width=\"599\" height=\"337\" \/><p id=\"caption-attachment-98991\" class=\"wp-caption-text\">Pol\u00edcia Militar e Civil atuaram conjuntamente para conduzir \u00e0 delegacia os 4 envolvidos (Foto: SSP\/SE.<\/p><\/div>\n<p style=\"text-align: justify;\">\nOs policiais se depararam com o ve\u00edculo Ford Focus, de cor prata, ocupado por quatro homens, durante patrulhamento de rotina na cidade de Nossa Senhora das Dores. Os suspeitos fugiram, ap\u00f3s tentativa de abordagem, o que iniciou uma persegui\u00e7\u00e3o na qual tr\u00eas indiv\u00edduos, sendo dois menores de idade, foram capturados pelos militares.<\/p>\n<p>Com eles foram apreendidos um rev\u00f3lver calibre 38, uma faca tipo peixeira, oito aparelhos celulares, dois rel\u00f3gios de pulso, uma balan\u00e7a eletr\u00f4nica, a arma de fogo, a faca e o autom\u00f3vel utilizados na a\u00e7\u00e3o criminosa, al\u00e9m da quantia de R$ 251,90 em esp\u00e9cie.<\/p>\n<p>De acordo com o delegado Marcos Garcia, eles se deslocaram da cidade de Aracaju para praticar diversos roubos no interior do estado. Ainda na quinta-feira, policiais civis lotados na Delegacia de Dores, auxiliados pela equipe de seguran\u00e7a da Usina Campo Lindo, conseguiram afetuar a pris\u00e3o do condutor do autom\u00f3vel que estava escondido no canavial.<\/p>\n<p>Na delegacia foram lavrados os procedimentos, onde as v\u00edtimas puderam reconhecer os suspeitos e tiveram seus pertences recuperados.<\/p>\n<p style=\"text-align: justify;\"><img loading=\"lazy\" decoding=\"async\" class=\"aligncenter size-full wp-image-98981\" src=\"http:\/\/senoticias.com.br\/se\/wp-content\/uploads\/2016\/12\/Logo-fone-1-2-1-2.jpg\" alt=\"logo-fone-1-2-1\" width=\"599\" height=\"78\" srcset=\"https:\/\/senoticias.com.br\/se\/wp-content\/uploads\/2016\/12\/Logo-fone-1-2-1-2.jpg 599w, https:\/\/senoticias.com.br\/se\/wp-content\/uploads\/2016\/12\/Logo-fone-1-2-1-2-300x39.jpg 300w\" sizes=\"(max-width: 599px) 100vw, 599px\" \/><\/p>\n<p style=\"text-align: justify;\"><strong>Acompanhe tamb\u00e9m o SE Not\u00edcias no<\/strong><span class=\"apple-converted-space\"><b>\u00a0<\/b><\/span><strong><a href=\"https:\/\/twitter.com\/Senoticias\" target=\"_blank\">Twitter<\/a>,<\/strong><span class=\"apple-converted-space\"><b>\u00a0<\/b><\/span><strong><a href=\"https:\/\/www.facebook.com\/senoticias1\" target=\"_blank\">Facebook<span class=\"apple-converted-space\">\u00a0<\/span><\/a>e no<\/strong><span class=\"apple-converted-space\"><b>\u00a0<\/b><\/span><strong><a href=\"https:\/\/www.instagram.com\/senoticias\/\" target=\"_blank\">Instagram<\/a><\/strong><\/p>\n<p style=\"text-align: justify;\"><em>Ascom\/SSP\/SE<\/em><\/p>\n","protected":false},"excerpt":{"rendered":"<p>Na tarde dessa quinta-feira, 22, militares que realizavam patrulhamento no munic\u00edpio de Nossa Senhora das Dores apreenderam dois adolescentes e prenderam um homem ap\u00f3s abordagem a um ve\u00edculo em atitude suspeita. Ap\u00f3s a tentativa de fuga, a Pol\u00edcia Civil prendeu o condutor do ve\u00edculo que havia obtido \u00eaxito na fuga durante a ocorr\u00eancia. Os policiais [&hellip;]<\/p>\n","protected":false},"author":2,"featured_media":98991,"comment_status":"closed","ping_status":"closed","sticky":false,"template":"","format":"standard","meta":{"footnotes":""},"categories":[15,7],"tags":[],"class_list":{"0":"post-98990","1":"post","2":"type-post","3":"status-publish","4":"format-standard","5":"has-post-thumbnail","7":"category-destaques","8":"category-policia"},"_links":{"self":[{"href":"https:\/\/senoticias.com.br\/se\/wp-json\/wp\/v2\/posts\/98990"}],"collection":[{"href":"https:\/\/senoticias.com.br\/se\/wp-json\/wp\/v2\/posts"}],"about":[{"href":"https:\/\/senoticias.com.br\/se\/wp-json\/wp\/v2\/types\/post"}],"author":[{"embeddable":true,"href":"https:\/\/senoticias.com.br\/se\/wp-json\/wp\/v2\/users\/2"}],"replies":[{"embeddable":true,"href":"https:\/\/senoticias.com.br\/se\/wp-json\/wp\/v2\/comments?post=98990"}],"version-history":[{"count":0,"href":"https:\/\/senoticias.com.br\/se\/wp-json\/wp\/v2\/posts\/98990\/revisions"}],"wp:featuredmedia":[{"embeddable":true,"href":"https:\/\/senoticias.com.br\/se\/wp-json\/wp\/v2\/media\/98991"}],"wp:attachment":[{"href":"https:\/\/senoticias.com.br\/se\/wp-json\/wp\/v2\/media?parent=98990"}],"wp:term":[{"taxonomy":"category","embeddable":true,"href":"https:\/\/senoticias.com.br\/se\/wp-json\/wp\/v2\/categories?post=98990"},{"taxonomy":"post_tag","embeddable":true,"href":"https:\/\/senoticias.com.br\/se\/wp-json\/wp\/v2\/tags?post=98990"}],"curies":[{"name":"wp","href":"https:\/\/api.w.org\/{rel}","templated":true}]}}