{"id":98988,"date":"2016-12-23T12:09:42","date_gmt":"2016-12-23T15:09:42","guid":{"rendered":"http:\/\/senoticias.com.br\/se\/?p=98988"},"modified":"2016-12-23T12:09:42","modified_gmt":"2016-12-23T15:09:42","slug":"confirmada-saida-de-solange-almeida-da-banda-avioes-do-forro","status":"publish","type":"post","link":"https:\/\/senoticias.com.br\/se\/confirmada-saida-de-solange-almeida-da-banda-avioes-do-forro\/","title":{"rendered":"Confirmada sa\u00edda de Solange Almeida da banda Avi\u00f5es do Forr\u00f3"},"content":{"rendered":"<div style=\"text-align: justify;\"><em>Por\u00a0<strong class=\"fn\">Michel Victor, d<\/strong><span class=\"adr\"><span class=\"locality\">o <a href=\"http:\/\/g1.globo.com\/ceara\/noticia\/2016\/12\/solange-almeida-anuncia-saida-do-grupo-avioes-do-forro.html\"><strong>G1<\/strong> <\/a>CE<\/span><\/span><\/em><\/div>\n<div style=\"text-align: justify;\">\n<div id=\"attachment_98989\" style=\"width: 609px\" class=\"wp-caption aligncenter\"><img loading=\"lazy\" decoding=\"async\" aria-describedby=\"caption-attachment-98989\" class=\"size-full wp-image-98989\" src=\"http:\/\/senoticias.com.br\/se\/wp-content\/uploads\/2016\/12\/Solange-Almeida-SE-Noticias-e1482505532830.jpg\" alt=\"Solange Almeida anuncia sa\u00edda do grupo Avi\u00f5es do Forr\u00f3\" width=\"599\" height=\"449\" \/><p id=\"caption-attachment-98989\" class=\"wp-caption-text\">Solange Almeida anuncia sa\u00edda do grupo Avi\u00f5es do Forr\u00f3 (<strong>Foto: Ive Rylo\/G1 AM)<\/strong><\/p><\/div>\n<\/div>\n<div style=\"text-align: justify;\"><\/div>\n<div style=\"text-align: justify;\">\n<p>A cantora Solange Almeida, de 42 anos, vai deixar a banda Avi\u00f5es do Forr\u00f3. A informa\u00e7\u00e3o foi confirmada nesta quinta-feira (22) pela assessoria da banda por meio de um comunicado e um v\u00eddeo publicados nas m\u00eddias sociais do grupo. O Avi\u00f5es do Forr\u00f3 segue sob a lideran\u00e7a do atual cantor Xand Avi\u00e3o. Em 2016, o grupo completou 14 anos de exist\u00eancia.<\/p>\n<p>De acordo com Xand, a cantora deve continuar ao seu lado no grupo at\u00e9 o carnaval de 2017, quando ela realizar\u00e1 o \u00faltimo show com o Avi\u00f5es.<\/p>\n<p>&#8220;Foi uma hist\u00f3ria linda, em que voc\u00eas foram protagonistas. Obrigado a todos os f\u00e3s por todo esse amor durante todo esse tempo. Eu tinha esse sonho a realizar, vou realizar se Deus quiser. Mas Xand vai ficar no Avi\u00f5es&#8221;, disse Solange na publica\u00e7\u00e3o.<\/p>\n<p>Neste ano, a empresa dona da banda, a A3, foi alvo de uma opera\u00e7\u00e3o da Pol\u00edcia Federal contra sonega\u00e7\u00e3o de impostos. A estimativa preliminar j\u00e1 identificou uma omiss\u00e3o de valores estimada em mais de R$ 300 milh\u00f5es, segundo a Receita.<\/p>\n<p><strong>Leia \u00edntegra do comunicado<br \/>\n<\/strong><br \/>\n<em>&#8220;Est\u00e1 confirmada a carreira solo da cantora Solange Almeida, ap\u00f3s 14 anos a frente do Avi\u00f5es do Forr\u00f3 ao lado do parceiro Xand. A artista pretende se dedicar a carreira,\u00a0 fam\u00edlia e a outros projetos pessoais.<\/em><\/p>\n<p><em>Em respeito aos s\u00f3cios, empres\u00e1rios, Xand e f\u00e3s, sua sa\u00edda foi adiada durante tr\u00eas anos e aconteceu de forma amig\u00e1vel. A artista cumprir\u00e1 toda a agenda com o Avi\u00f5es at\u00e9 o carnaval.<\/em><\/p>\n<p><em><strong>Carreira solo<br \/>\n<\/strong><br \/>\nA cantora gravar\u00e1 o seu primeiro DVD solo dia 08 de fevereiro, no Citibank Hall em S\u00e3o Paulo. A primeira m\u00fasica de trabalho, intitulada &#8216;Duas e 23&#8217; j\u00e1 foi lan\u00e7ada de forma ac\u00fastica na internet&#8221;.<\/em><\/p>\n<p><img loading=\"lazy\" decoding=\"async\" class=\"aligncenter size-full wp-image-98981\" src=\"http:\/\/senoticias.com.br\/se\/wp-content\/uploads\/2016\/12\/Logo-fone-1-2-1-2.jpg\" alt=\"logo-fone-1-2-1\" width=\"599\" height=\"78\" srcset=\"https:\/\/senoticias.com.br\/se\/wp-content\/uploads\/2016\/12\/Logo-fone-1-2-1-2.jpg 599w, https:\/\/senoticias.com.br\/se\/wp-content\/uploads\/2016\/12\/Logo-fone-1-2-1-2-300x39.jpg 300w\" sizes=\"(max-width: 599px) 100vw, 599px\" \/><\/p>\n<p><em><strong>Acompanhe tamb\u00e9m o SE Not\u00edcias no<\/strong><span class=\"apple-converted-space\"><b>\u00a0<\/b><\/span><strong><a href=\"https:\/\/twitter.com\/Senoticias\" target=\"_blank\">Twitter<\/a>,<\/strong><span class=\"apple-converted-space\"><b>\u00a0<\/b><\/span><strong><a href=\"https:\/\/www.facebook.com\/senoticias1\" target=\"_blank\">Facebook<span class=\"apple-converted-space\">\u00a0<\/span><\/a>e no<\/strong><span class=\"apple-converted-space\"><b>\u00a0<\/b><\/span><strong><a href=\"https:\/\/www.instagram.com\/senoticias\/\" target=\"_blank\">Instagram<\/a><\/strong><\/em><\/p>\n<\/div>\n<div style=\"text-align: justify;\"><\/div>\n","protected":false},"excerpt":{"rendered":"<p>Por\u00a0Michel Victor, do G1 CE A cantora Solange Almeida, de 42 anos, vai deixar a banda Avi\u00f5es do Forr\u00f3. A informa\u00e7\u00e3o foi confirmada nesta quinta-feira (22) pela assessoria da banda por meio de um comunicado e um v\u00eddeo publicados nas m\u00eddias sociais do grupo. O Avi\u00f5es do Forr\u00f3 segue sob a lideran\u00e7a do atual cantor [&hellip;]<\/p>\n","protected":false},"author":2,"featured_media":98989,"comment_status":"closed","ping_status":"closed","sticky":false,"template":"","format":"standard","meta":{"footnotes":""},"categories":[15,8],"tags":[],"class_list":{"0":"post-98988","1":"post","2":"type-post","3":"status-publish","4":"format-standard","5":"has-post-thumbnail","7":"category-destaques","8":"category-esporte-e-cultura"},"_links":{"self":[{"href":"https:\/\/senoticias.com.br\/se\/wp-json\/wp\/v2\/posts\/98988"}],"collection":[{"href":"https:\/\/senoticias.com.br\/se\/wp-json\/wp\/v2\/posts"}],"about":[{"href":"https:\/\/senoticias.com.br\/se\/wp-json\/wp\/v2\/types\/post"}],"author":[{"embeddable":true,"href":"https:\/\/senoticias.com.br\/se\/wp-json\/wp\/v2\/users\/2"}],"replies":[{"embeddable":true,"href":"https:\/\/senoticias.com.br\/se\/wp-json\/wp\/v2\/comments?post=98988"}],"version-history":[{"count":0,"href":"https:\/\/senoticias.com.br\/se\/wp-json\/wp\/v2\/posts\/98988\/revisions"}],"wp:featuredmedia":[{"embeddable":true,"href":"https:\/\/senoticias.com.br\/se\/wp-json\/wp\/v2\/media\/98989"}],"wp:attachment":[{"href":"https:\/\/senoticias.com.br\/se\/wp-json\/wp\/v2\/media?parent=98988"}],"wp:term":[{"taxonomy":"category","embeddable":true,"href":"https:\/\/senoticias.com.br\/se\/wp-json\/wp\/v2\/categories?post=98988"},{"taxonomy":"post_tag","embeddable":true,"href":"https:\/\/senoticias.com.br\/se\/wp-json\/wp\/v2\/tags?post=98988"}],"curies":[{"name":"wp","href":"https:\/\/api.w.org\/{rel}","templated":true}]}}