{"id":98980,"date":"2016-12-23T09:40:48","date_gmt":"2016-12-23T12:40:48","guid":{"rendered":"http:\/\/senoticias.com.br\/se\/?p=98980"},"modified":"2016-12-23T09:40:48","modified_gmt":"2016-12-23T12:40:48","slug":"mais-24-detentos-fogem-do-presidio-de-sao-cristovao-terceira-fuga-em-dezembro","status":"publish","type":"post","link":"https:\/\/senoticias.com.br\/se\/mais-24-detentos-fogem-do-presidio-de-sao-cristovao-terceira-fuga-em-dezembro\/","title":{"rendered":"Mais 24 detentos fogem do pres\u00eddio de S\u00e3o Crist\u00f3v\u00e3o; terceira fuga em dezembro"},"content":{"rendered":"<p style=\"text-align: justify;\"><em><strong class=\"fn\">Marina Fontenele, d<\/strong><strong><span class=\"adr\"><span class=\"locality\">o<a href=\"http:\/\/g1.globo.com\/se\/sergipe\/noticia\/2016\/12\/mais-24-presos-fogem-do-presidio-de-sao-cristovao.html\"> G1<\/a> SE<\/span><\/span><\/strong><\/em><\/p>\n<p style=\"text-align: justify;\">A Secretaria de Estado da Justi\u00e7a e de Defesa do Consumidor (Sejuc) confirmou a fuga de 24 presos do Complexo Penitenci\u00e1rio Doutor Manoel Carvalho Neto (Copemcan), em S\u00e3o Crist\u00f3v\u00e3o (SE). Os detentos serraram a fechadura de uma cela do Pavilh\u00e3o 4 e escaparam por volta das 3h desta madrugada.<\/p>\n<div id=\"attachment_88009\" style=\"width: 606px\" class=\"wp-caption aligncenter\"><img loading=\"lazy\" decoding=\"async\" aria-describedby=\"caption-attachment-88009\" class=\"size-full wp-image-88009\" src=\"http:\/\/senoticias.com.br\/se\/wp-content\/uploads\/2016\/01\/presidio04-e1452983575429.jpg\" alt=\"Mais um fuga \u00e9 registrada no Complexo Penitenci\u00e1rio Manoel Carvalho Neto (Copemcan) (Foto: T\u00e1ssio Andrade\/G1)\" width=\"596\" height=\"447\" \/><p id=\"caption-attachment-88009\" class=\"wp-caption-text\">Mais um fuga \u00e9 registrada no Complexo Penitenci\u00e1rio Manoel Carvalho Neto (Copemcan) (Foto: T\u00e1ssio Andrade\/G1)<\/p><\/div>\n<p style=\"text-align: justify;\">De acordo com a assessoria de comunica\u00e7\u00e3o da Sejuc. Os fugitivos atravessaram o p\u00e1tio do banho de sol e pularam o muro utilizado uma corda conhecida como \u2018Tereza\u2019, que \u00e9 feita com len\u00e7\u00f3is e roupas amarradas. A unidade prisional possui cerca el\u00e9trica.<\/p>\n<p style=\"text-align: justify;\">O Copemcan tem capacidade para 800 presos, mas est\u00e1 superlotada com cerca de 2,4 mil.<\/p>\n<p style=\"text-align: justify;\">A Pol\u00edcia Civil instaurou um inqu\u00e9rito para apurar as constantes fugas no pres\u00eddio, esta \u00e9 a terceira somente neste m\u00eas de dezembro. A Corregedoria da Sejuc tamb\u00e9m faz an\u00e1lise administrativa para verificar se houve falhas na seguran\u00e7a.<\/p>\n<p style=\"text-align: justify;\">No dia 10 de dezembro, 34 detentos utilizaram uma corda feita com len\u00e7\u00f3is amarrados para pular o muro. Eles fugiram no momento que acontecia a visita\u00e7\u00e3o de familiares dos internos. Quatro detentos tamb\u00e9m fugiram do pres\u00eddio na manh\u00e3 do dia 9.<img loading=\"lazy\" decoding=\"async\" class=\"aligncenter size-full wp-image-98981\" src=\"http:\/\/senoticias.com.br\/se\/wp-content\/uploads\/2016\/12\/Logo-fone-1-2-1-2.jpg\" alt=\"logo-fone-1-2-1\" width=\"599\" height=\"78\" srcset=\"https:\/\/senoticias.com.br\/se\/wp-content\/uploads\/2016\/12\/Logo-fone-1-2-1-2.jpg 599w, https:\/\/senoticias.com.br\/se\/wp-content\/uploads\/2016\/12\/Logo-fone-1-2-1-2-300x39.jpg 300w\" sizes=\"(max-width: 599px) 100vw, 599px\" \/><\/p>\n<p style=\"text-align: justify;\"><em><strong>Acompanhe tamb\u00e9m o SE Not\u00edcias no<\/strong><span class=\"apple-converted-space\"><b>\u00a0<\/b><\/span><strong><a href=\"https:\/\/twitter.com\/Senoticias\" target=\"_blank\">Twitter<\/a>,<\/strong><span class=\"apple-converted-space\"><b>\u00a0<\/b><\/span><strong><a href=\"https:\/\/www.facebook.com\/senoticias1\" target=\"_blank\">Facebook<span class=\"apple-converted-space\">\u00a0<\/span><\/a>e no<\/strong><span class=\"apple-converted-space\"><b>\u00a0<\/b><\/span><strong><a href=\"https:\/\/www.instagram.com\/senoticias\/\" target=\"_blank\">Instagram<\/a><\/strong><\/em><\/p>\n","protected":false},"excerpt":{"rendered":"<p>Marina Fontenele, do G1 SE A Secretaria de Estado da Justi\u00e7a e de Defesa do Consumidor (Sejuc) confirmou a fuga de 24 presos do Complexo Penitenci\u00e1rio Doutor Manoel Carvalho Neto (Copemcan), em S\u00e3o Crist\u00f3v\u00e3o (SE). Os detentos serraram a fechadura de uma cela do Pavilh\u00e3o 4 e escaparam por volta das 3h desta madrugada. De [&hellip;]<\/p>\n","protected":false},"author":2,"featured_media":82698,"comment_status":"closed","ping_status":"closed","sticky":false,"template":"","format":"standard","meta":{"footnotes":""},"categories":[15,7],"tags":[],"class_list":{"0":"post-98980","1":"post","2":"type-post","3":"status-publish","4":"format-standard","5":"has-post-thumbnail","7":"category-destaques","8":"category-policia"},"_links":{"self":[{"href":"https:\/\/senoticias.com.br\/se\/wp-json\/wp\/v2\/posts\/98980"}],"collection":[{"href":"https:\/\/senoticias.com.br\/se\/wp-json\/wp\/v2\/posts"}],"about":[{"href":"https:\/\/senoticias.com.br\/se\/wp-json\/wp\/v2\/types\/post"}],"author":[{"embeddable":true,"href":"https:\/\/senoticias.com.br\/se\/wp-json\/wp\/v2\/users\/2"}],"replies":[{"embeddable":true,"href":"https:\/\/senoticias.com.br\/se\/wp-json\/wp\/v2\/comments?post=98980"}],"version-history":[{"count":0,"href":"https:\/\/senoticias.com.br\/se\/wp-json\/wp\/v2\/posts\/98980\/revisions"}],"wp:featuredmedia":[{"embeddable":true,"href":"https:\/\/senoticias.com.br\/se\/wp-json\/wp\/v2\/media\/82698"}],"wp:attachment":[{"href":"https:\/\/senoticias.com.br\/se\/wp-json\/wp\/v2\/media?parent=98980"}],"wp:term":[{"taxonomy":"category","embeddable":true,"href":"https:\/\/senoticias.com.br\/se\/wp-json\/wp\/v2\/categories?post=98980"},{"taxonomy":"post_tag","embeddable":true,"href":"https:\/\/senoticias.com.br\/se\/wp-json\/wp\/v2\/tags?post=98980"}],"curies":[{"name":"wp","href":"https:\/\/api.w.org\/{rel}","templated":true}]}}