{"id":98977,"date":"2016-12-22T16:03:18","date_gmt":"2016-12-22T19:03:18","guid":{"rendered":"http:\/\/senoticias.com.br\/se\/?p=98977"},"modified":"2016-12-23T18:16:54","modified_gmt":"2016-12-23T21:16:54","slug":"policia-civil-cumpre-tres-mandados-de-prisao-por-homicidio-no-siqueira-campos","status":"publish","type":"post","link":"https:\/\/senoticias.com.br\/se\/policia-civil-cumpre-tres-mandados-de-prisao-por-homicidio-no-siqueira-campos\/","title":{"rendered":"Pol\u00edcia Civil cumpre tr\u00eas mandados de pris\u00e3o por homic\u00eddio no Siqueira Campos"},"content":{"rendered":"<p style=\"text-align: justify;\">Policiais civis lotados na Delegacia de Japaratuba e na Coordenadoria da Pol\u00edcia Civil do Interior (<em>COPCI<\/em>), sob o comando da delegada Vivianne Jardim, realizaram na tarde dessa quarta-feira, 21, uma opera\u00e7\u00e3o que resultou no cumprimento de tr\u00eas mandados de pris\u00e3o no bairro Siqueira Campos, zona oeste de Aracaju.<\/p>\n<div id=\"attachment_98978\" style=\"width: 609px\" class=\"wp-caption aligncenter\"><img loading=\"lazy\" decoding=\"async\" aria-describedby=\"caption-attachment-98978\" class=\"size-full wp-image-98978\" src=\"http:\/\/senoticias.com.br\/se\/wp-content\/uploads\/2016\/12\/Presos-em-Japaratuba-SE-noticias-e1482433255767.jpg\" alt=\"Pai e filho s\u00e3o acusados pelo delito ocorrido em Japaratuba, informa delegada. Foto: SSP\/SE\" width=\"599\" height=\"230\" \/><p id=\"caption-attachment-98978\" class=\"wp-caption-text\">Pai e filho s\u00e3o acusados pelo delito ocorrido em Japaratuba, informa delegada. Foto: SSP\/SE<\/p><\/div>\n<p style=\"text-align: justify;\">Foram presos Almir Rog\u00e9rio Cardoso, Yuri Guilherme Cardoso (pai e filho respectivamente) e Matheus Ribeiro, por crime de homic\u00eddio ocorrido em Japaratuba no m\u00eas de novembro deste ano.<\/p>\n<p>&nbsp;<\/p>\n<p style=\"text-align: justify;\">Na data do crime, Almir e Yuri foram v\u00edtimas de um atentado em frente \u00e0 sua resid\u00eancia, mas sa\u00edram ilesos. Na ocasi\u00e3o, um dos homens que chegou atirando em Almir e Yuri foi morto. Ambos negaram ter reagido e afirmaram n\u00e3o saber quem teria atirado.<\/p>\n<p style=\"text-align: justify;\">Em seguida, Almir saiu com seus filhos e com Matheus em dire\u00e7\u00e3o \u00e0 casa de Gilmar e, l\u00e1 chegando, o executaram.<\/p>\n<p>&nbsp;<\/p>\n<p style=\"text-align: justify;\">Ao serem interrogados, apenas Matheus confessou a autoria do crime, entretanto, h\u00e1 provas indicando a participa\u00e7\u00e3o dos outros presos. Matheus afirmou ter subtra\u00eddo a arma que estava com o homem que morreu em frente \u00e0 casa de Almir e utilizado-a para atirar em Gilmar.<\/p>\n<p style=\"text-align: justify;\">Os tr\u00eas presos se encontram \u00e0 disposi\u00e7\u00e3o do ju\u00edzo de Japaratuba.<\/p>\n<p style=\"text-align: justify;\"><img loading=\"lazy\" decoding=\"async\" class=\"aligncenter size-full wp-image-98826\" src=\"http:\/\/senoticias.com.br\/se\/wp-content\/uploads\/2016\/12\/Logo-fone-1-2-1-1.jpg\" alt=\"logo-fone-1-2-1\" width=\"599\" height=\"78\" srcset=\"https:\/\/senoticias.com.br\/se\/wp-content\/uploads\/2016\/12\/Logo-fone-1-2-1-1.jpg 599w, https:\/\/senoticias.com.br\/se\/wp-content\/uploads\/2016\/12\/Logo-fone-1-2-1-1-300x39.jpg 300w\" sizes=\"(max-width: 599px) 100vw, 599px\" \/><\/p>\n<p style=\"text-align: justify;\"><strong>Acompanhe tamb\u00e9m o SE Not\u00edcias no<\/strong><span class=\"apple-converted-space\"><b>\u00a0<\/b><\/span><strong><a href=\"https:\/\/twitter.com\/Senoticias\" target=\"_blank\">Twitter<\/a>,<\/strong><span class=\"apple-converted-space\"><b>\u00a0<\/b><\/span><strong><a href=\"https:\/\/www.facebook.com\/senoticias1\" target=\"_blank\">Facebook<span class=\"apple-converted-space\">\u00a0<\/span><\/a>e no<\/strong><span class=\"apple-converted-space\"><b>\u00a0<\/b><\/span><strong><a href=\"https:\/\/www.instagram.com\/senoticias\/\" target=\"_blank\">Instagram<\/a><\/strong><\/p>\n<p style=\"text-align: justify;\"><em>Informa\u00e7\u00f5es da SSP\/SE<\/em><\/p>\n","protected":false},"excerpt":{"rendered":"<p>Policiais civis lotados na Delegacia de Japaratuba e na Coordenadoria da Pol\u00edcia Civil do Interior (COPCI), sob o comando da delegada Vivianne Jardim, realizaram na tarde dessa quarta-feira, 21, uma opera\u00e7\u00e3o que resultou no cumprimento de tr\u00eas mandados de pris\u00e3o no bairro Siqueira Campos, zona oeste de Aracaju. Foram presos Almir Rog\u00e9rio Cardoso, Yuri Guilherme [&hellip;]<\/p>\n","protected":false},"author":2,"featured_media":98978,"comment_status":"closed","ping_status":"closed","sticky":false,"template":"","format":"standard","meta":{"footnotes":""},"categories":[7],"tags":[],"class_list":{"0":"post-98977","1":"post","2":"type-post","3":"status-publish","4":"format-standard","5":"has-post-thumbnail","7":"category-policia"},"_links":{"self":[{"href":"https:\/\/senoticias.com.br\/se\/wp-json\/wp\/v2\/posts\/98977"}],"collection":[{"href":"https:\/\/senoticias.com.br\/se\/wp-json\/wp\/v2\/posts"}],"about":[{"href":"https:\/\/senoticias.com.br\/se\/wp-json\/wp\/v2\/types\/post"}],"author":[{"embeddable":true,"href":"https:\/\/senoticias.com.br\/se\/wp-json\/wp\/v2\/users\/2"}],"replies":[{"embeddable":true,"href":"https:\/\/senoticias.com.br\/se\/wp-json\/wp\/v2\/comments?post=98977"}],"version-history":[{"count":0,"href":"https:\/\/senoticias.com.br\/se\/wp-json\/wp\/v2\/posts\/98977\/revisions"}],"wp:featuredmedia":[{"embeddable":true,"href":"https:\/\/senoticias.com.br\/se\/wp-json\/wp\/v2\/media\/98978"}],"wp:attachment":[{"href":"https:\/\/senoticias.com.br\/se\/wp-json\/wp\/v2\/media?parent=98977"}],"wp:term":[{"taxonomy":"category","embeddable":true,"href":"https:\/\/senoticias.com.br\/se\/wp-json\/wp\/v2\/categories?post=98977"},{"taxonomy":"post_tag","embeddable":true,"href":"https:\/\/senoticias.com.br\/se\/wp-json\/wp\/v2\/tags?post=98977"}],"curies":[{"name":"wp","href":"https:\/\/api.w.org\/{rel}","templated":true}]}}