{"id":98772,"date":"2016-12-15T13:37:59","date_gmt":"2016-12-15T16:37:59","guid":{"rendered":"http:\/\/senoticias.com.br\/se\/?p=98772"},"modified":"2016-12-15T13:42:37","modified_gmt":"2016-12-15T16:42:37","slug":"irmao-acusados-de-assassinato-sao-presos-em-poco-verde","status":"publish","type":"post","link":"https:\/\/senoticias.com.br\/se\/irmao-acusados-de-assassinato-sao-presos-em-poco-verde\/","title":{"rendered":"Irm\u00e3os acusados de assassinato s\u00e3o presos em Po\u00e7o Verde"},"content":{"rendered":"<p style=\"text-align: justify;\">Policiais civis da Delegacia de Po\u00e7o Verde, com o apoio da Delegacia Regional de Lagarto, realizaram nas primeiras horas dessa quarta-feira, 14, a pris\u00e3o dos irm\u00e3os Sebasti\u00e3o Francisco de Jesus, mais conhecido como \u201cBasti\u00e3o\u201d, de 24 anos, e Jos\u00e9 Francisco de Jesus, vulgo \u201cZ\u00e9 Bostinha\u201d, 31, em cumprimento a mandado de pris\u00e3o expedido pela Justi\u00e7a.<\/p>\n<div id=\"attachment_98773\" style=\"width: 609px\" class=\"wp-caption aligncenter\"><img loading=\"lazy\" decoding=\"async\" aria-describedby=\"caption-attachment-98773\" class=\"size-full wp-image-98773\" src=\"http:\/\/senoticias.com.br\/se\/wp-content\/uploads\/2016\/12\/Suspeitos-de-homicidio-SE-noticias-e1481819812428.jpg\" alt=\"Homic\u00eddio ocorreu em 05 de novembro deste ano, no munic\u00edpio. (Foto: SSP\/SE)\" width=\"599\" height=\"325\" \/><p id=\"caption-attachment-98773\" class=\"wp-caption-text\">Homic\u00eddio ocorreu em 05 de novembro deste ano, no munic\u00edpio. (Foto: SSP\/SE)<\/p><\/div>\n<p style=\"text-align: justify;\">Segundo os agentes, a dupla \u00e9 respons\u00e1vel pelo homic\u00eddio duplamente qualificado, por motivo f\u00fatil e por impossibilitar a defesa da v\u00edtima, identificada como Eremito Silva Santos, conhecido como \u201cMILTINHO\u201d, 40 anos, alvejada por disparos de arma de fogo. O epis\u00f3dio ocorreu no dia 05 de novembro deste ano, em Po\u00e7o Verde.<\/p>\n<p>&nbsp;<\/p>\n<p style=\"text-align: justify;\">A arma do crime, um rev\u00f3lver calibre 38 carregado com cinco muni\u00e7\u00f5es intactas, foi apreendida em poder de Sebasti\u00e3o, que em seu interrogat\u00f3rio confessou o crime e a participa\u00e7\u00e3o de seu irm\u00e3o, Jos\u00e9 Francisco.<\/p>\n<p style=\"text-align: justify;\">A dupla foi encaminhada \u00e0 delegacia, onde se encontra sob cust\u00f3dia, \u00e0 disposi\u00e7\u00e3o do Poder Judici\u00e1rio.<\/p>\n<p style=\"text-align: justify;\"><img loading=\"lazy\" decoding=\"async\" class=\"aligncenter size-full wp-image-98507\" src=\"http:\/\/senoticias.com.br\/se\/wp-content\/uploads\/2016\/12\/Logo-fone-1-2-1.jpg\" alt=\"logo-fone-1-2-1\" width=\"599\" height=\"78\" srcset=\"https:\/\/senoticias.com.br\/se\/wp-content\/uploads\/2016\/12\/Logo-fone-1-2-1.jpg 599w, https:\/\/senoticias.com.br\/se\/wp-content\/uploads\/2016\/12\/Logo-fone-1-2-1-300x39.jpg 300w\" sizes=\"(max-width: 599px) 100vw, 599px\" \/><\/p>\n<p style=\"text-align: justify;\"><strong>Acompanhe tamb\u00e9m o SE Not\u00edcias no<\/strong><strong>\u00a0<\/strong><strong><a href=\"https:\/\/twitter.com\/Senoticias\">Twitter<\/a>,<\/strong><strong>\u00a0<\/strong><strong><a href=\"https:\/\/www.facebook.com\/senoticias1\">Facebook<\/a><\/strong><strong>\u00a0<\/strong><strong>e no<\/strong><a href=\"https:\/\/www.instagram.com\/senoticias\/\"><strong>\u00a0<\/strong><strong>Instagram<\/strong><\/a><\/p>\n<p style=\"text-align: justify;\"><em><strong>Ascom\/SSP\/SE<\/strong><\/em><\/p>\n","protected":false},"excerpt":{"rendered":"<p>Policiais civis da Delegacia de Po\u00e7o Verde, com o apoio da Delegacia Regional de Lagarto, realizaram nas primeiras horas dessa quarta-feira, 14, a pris\u00e3o dos irm\u00e3os Sebasti\u00e3o Francisco de Jesus, mais conhecido como \u201cBasti\u00e3o\u201d, de 24 anos, e Jos\u00e9 Francisco de Jesus, vulgo \u201cZ\u00e9 Bostinha\u201d, 31, em cumprimento a mandado de pris\u00e3o expedido pela Justi\u00e7a. [&hellip;]<\/p>\n","protected":false},"author":2,"featured_media":98773,"comment_status":"closed","ping_status":"closed","sticky":false,"template":"","format":"standard","meta":{"footnotes":""},"categories":[15,7],"tags":[],"class_list":{"0":"post-98772","1":"post","2":"type-post","3":"status-publish","4":"format-standard","5":"has-post-thumbnail","7":"category-destaques","8":"category-policia"},"_links":{"self":[{"href":"https:\/\/senoticias.com.br\/se\/wp-json\/wp\/v2\/posts\/98772"}],"collection":[{"href":"https:\/\/senoticias.com.br\/se\/wp-json\/wp\/v2\/posts"}],"about":[{"href":"https:\/\/senoticias.com.br\/se\/wp-json\/wp\/v2\/types\/post"}],"author":[{"embeddable":true,"href":"https:\/\/senoticias.com.br\/se\/wp-json\/wp\/v2\/users\/2"}],"replies":[{"embeddable":true,"href":"https:\/\/senoticias.com.br\/se\/wp-json\/wp\/v2\/comments?post=98772"}],"version-history":[{"count":0,"href":"https:\/\/senoticias.com.br\/se\/wp-json\/wp\/v2\/posts\/98772\/revisions"}],"wp:featuredmedia":[{"embeddable":true,"href":"https:\/\/senoticias.com.br\/se\/wp-json\/wp\/v2\/media\/98773"}],"wp:attachment":[{"href":"https:\/\/senoticias.com.br\/se\/wp-json\/wp\/v2\/media?parent=98772"}],"wp:term":[{"taxonomy":"category","embeddable":true,"href":"https:\/\/senoticias.com.br\/se\/wp-json\/wp\/v2\/categories?post=98772"},{"taxonomy":"post_tag","embeddable":true,"href":"https:\/\/senoticias.com.br\/se\/wp-json\/wp\/v2\/tags?post=98772"}],"curies":[{"name":"wp","href":"https:\/\/api.w.org\/{rel}","templated":true}]}}