{"id":98770,"date":"2016-12-15T07:46:25","date_gmt":"2016-12-15T10:46:25","guid":{"rendered":"http:\/\/senoticias.com.br\/se\/?p=98770"},"modified":"2016-12-15T08:19:30","modified_gmt":"2016-12-15T11:19:30","slug":"prefeito-eleito-de-sao-cristovao-anuncia-secretarios-amanha","status":"publish","type":"post","link":"https:\/\/senoticias.com.br\/se\/prefeito-eleito-de-sao-cristovao-anuncia-secretarios-amanha\/","title":{"rendered":"Prefeito eleito de S\u00e3o Crist\u00f3v\u00e3o anuncia secret\u00e1rios amanh\u00e3"},"content":{"rendered":"<p>&nbsp;<\/p>\n<p style=\"text-align: justify;\">O prefeito eleito de S\u00e3o Crist\u00f3v\u00e3o, Marcos Santana (PMDB), conceder\u00e1 entrevista coletiva, nesta sexta-feira (16), \u00e0s 7h, para anunciar os nomes do secretariado da sua gest\u00e3o que come\u00e7a em 1\u00ba de janeiro de 2017.<\/p>\n<p style=\"text-align: justify;\">O an\u00fancio ocorrer\u00e1 \u00e0s 7h no audit\u00f3rio do Col\u00e9gio Alternativo, na Avenida Ayrton Senna, 895, Conjunto Eduardo Gomes &#8211; Ao lado da Sacel Seguran\u00e7a.<\/p>\n<div id=\"attachment_95117\" style=\"width: 609px\" class=\"wp-caption aligncenter\"><img loading=\"lazy\" decoding=\"async\" aria-describedby=\"caption-attachment-95117\" class=\"size-full wp-image-95117\" src=\"http:\/\/senoticias.com.br\/se\/wp-content\/uploads\/2016\/08\/Marcos-Santana-e-Adilson-Junior-SE-Noticias-e1470857065718.jpg\" alt=\"Prefeito eleito de S\u00e3o Crist\u00f3v\u00e3o anuncia secret\u00e1rios amanh\u00e3 (Foto: Ascom\/Marcos)\" width=\"599\" height=\"853\" \/><p id=\"caption-attachment-95117\" class=\"wp-caption-text\">Prefeito eleito de S\u00e3o Crist\u00f3v\u00e3o anuncia secret\u00e1rios amanh\u00e3 (Foto: Ascom\/Marcos)<\/p><\/div>\n<p>O qu\u00ea: Coletiva para anunciar secret\u00e1rios municipais<br \/>\nData: 16 (sexta-feira).<br \/>\nHor\u00e1rio: 7h.<br \/>\nLocal: Audit\u00f3rio do Col\u00e9gio Alternativo<br \/>\nEndere\u00e7o: Avenida Ayrton Senna 895, \u00a0Conjunto Eduardo Gomes (Ao lado da Sacel Seguran\u00e7a).<\/p>\n<p><img loading=\"lazy\" decoding=\"async\" class=\"aligncenter size-full wp-image-98507\" src=\"http:\/\/senoticias.com.br\/se\/wp-content\/uploads\/2016\/12\/Logo-fone-1-2-1.jpg\" alt=\"logo-fone-1-2-1\" width=\"599\" height=\"78\" srcset=\"https:\/\/senoticias.com.br\/se\/wp-content\/uploads\/2016\/12\/Logo-fone-1-2-1.jpg 599w, https:\/\/senoticias.com.br\/se\/wp-content\/uploads\/2016\/12\/Logo-fone-1-2-1-300x39.jpg 300w\" sizes=\"(max-width: 599px) 100vw, 599px\" \/><\/p>\n<p><strong><em>Acompanhe tamb\u00e9m o SE Not\u00edcias no\u00a0<a href=\"https:\/\/twitter.com\/Senoticias\">Twitter<\/a>,\u00a0<a href=\"https:\/\/www.facebook.com\/senoticias1\">Facebook<\/a>\u00a0e no<a href=\"https:\/\/www.instagram.com\/senoticias\/\">\u00a0Instagram<\/a><\/em><\/strong><\/p>\n","protected":false},"excerpt":{"rendered":"<p>&nbsp; O prefeito eleito de S\u00e3o Crist\u00f3v\u00e3o, Marcos Santana (PMDB), conceder\u00e1 entrevista coletiva, nesta sexta-feira (16), \u00e0s 7h, para anunciar os nomes do secretariado da sua gest\u00e3o que come\u00e7a em 1\u00ba de janeiro de 2017. O an\u00fancio ocorrer\u00e1 \u00e0s 7h no audit\u00f3rio do Col\u00e9gio Alternativo, na Avenida Ayrton Senna, 895, Conjunto Eduardo Gomes &#8211; Ao [&hellip;]<\/p>\n","protected":false},"author":2,"featured_media":95117,"comment_status":"closed","ping_status":"closed","sticky":false,"template":"","format":"standard","meta":{"footnotes":""},"categories":[15,38],"tags":[],"class_list":{"0":"post-98770","1":"post","2":"type-post","3":"status-publish","4":"format-standard","5":"has-post-thumbnail","7":"category-destaques","8":"category-municipios"},"_links":{"self":[{"href":"https:\/\/senoticias.com.br\/se\/wp-json\/wp\/v2\/posts\/98770"}],"collection":[{"href":"https:\/\/senoticias.com.br\/se\/wp-json\/wp\/v2\/posts"}],"about":[{"href":"https:\/\/senoticias.com.br\/se\/wp-json\/wp\/v2\/types\/post"}],"author":[{"embeddable":true,"href":"https:\/\/senoticias.com.br\/se\/wp-json\/wp\/v2\/users\/2"}],"replies":[{"embeddable":true,"href":"https:\/\/senoticias.com.br\/se\/wp-json\/wp\/v2\/comments?post=98770"}],"version-history":[{"count":0,"href":"https:\/\/senoticias.com.br\/se\/wp-json\/wp\/v2\/posts\/98770\/revisions"}],"wp:featuredmedia":[{"embeddable":true,"href":"https:\/\/senoticias.com.br\/se\/wp-json\/wp\/v2\/media\/95117"}],"wp:attachment":[{"href":"https:\/\/senoticias.com.br\/se\/wp-json\/wp\/v2\/media?parent=98770"}],"wp:term":[{"taxonomy":"category","embeddable":true,"href":"https:\/\/senoticias.com.br\/se\/wp-json\/wp\/v2\/categories?post=98770"},{"taxonomy":"post_tag","embeddable":true,"href":"https:\/\/senoticias.com.br\/se\/wp-json\/wp\/v2\/tags?post=98770"}],"curies":[{"name":"wp","href":"https:\/\/api.w.org\/{rel}","templated":true}]}}