{"id":98768,"date":"2016-12-14T20:47:28","date_gmt":"2016-12-14T23:47:28","guid":{"rendered":"http:\/\/senoticias.com.br\/se\/?p=98768"},"modified":"2016-12-14T20:47:28","modified_gmt":"2016-12-14T23:47:28","slug":"fecomercio-apoiara-reveillon-da-orla-de-atalaia","status":"publish","type":"post","link":"https:\/\/senoticias.com.br\/se\/fecomercio-apoiara-reveillon-da-orla-de-atalaia\/","title":{"rendered":"Fecom\u00e9rcio apoiar\u00e1 R\u00e9veillon da Orla de Atalaia"},"content":{"rendered":"<p style=\"text-align: justify;\">Sens\u00edvel aos problemas para a realiza\u00e7\u00e3o das comemora\u00e7\u00f5es da virada de ano em Aracaju, a Federa\u00e7\u00e3o do Com\u00e9rcio de Bens, Servi\u00e7os e Turismo do Estado de Sergipe (Fecom\u00e9rcio), se engajou na a\u00e7\u00e3o promovida pelo Sindicato dos M\u00fasicos Profissionais de Sergipe (Sindimuse), que est\u00e1 buscando apoio para a realiza\u00e7\u00e3o de uma festa para a popula\u00e7\u00e3o de Aracaju, na noite de 31 de dezembro, para que os aracajuanos e turistas recebam o ano de 2017 em grande estilo.<\/p>\n<div id=\"attachment_98769\" style=\"width: 609px\" class=\"wp-caption aligncenter\"><img loading=\"lazy\" decoding=\"async\" aria-describedby=\"caption-attachment-98769\" class=\"size-full wp-image-98769\" src=\"http:\/\/senoticias.com.br\/se\/wp-content\/uploads\/2016\/12\/Fecomercio-apoia-reveillon-da-Orla-SE-Noticias-e1481759123739.jpg\" alt=\"A festa, segundo o presidente do Sindimuse, Tonico Saraiva, est\u00e1 com estrutura de palco, som e ilumina\u00e7\u00e3o garantida, al\u00e9m de 28 atra\u00e7\u00f5es para a noite e madrugada da virada de ano. (Foto: ascom\/Fec\u00f3mercio)\" width=\"599\" height=\"400\" \/><p id=\"caption-attachment-98769\" class=\"wp-caption-text\">A festa, segundo o presidente do Sindimuse, Tonico Saraiva, est\u00e1 com estrutura de palco, som e ilumina\u00e7\u00e3o garantida, al\u00e9m de 28 atra\u00e7\u00f5es para a noite e madrugada da virada de ano. (Foto: ascom\/Fec\u00f3mercio)<\/p><\/div>\n<p style=\"text-align: justify;\">\n<p>A festa, segundo o presidente do Sindimuse, Tonico Saraiva, est\u00e1 com estrutura de palco, som e ilumina\u00e7\u00e3o garantida, al\u00e9m de 28 atra\u00e7\u00f5es para a noite e madrugada da virada de ano. Todas as apresenta\u00e7\u00f5es ser\u00e3o feitas por artistas sergipanos, nos dois palcos que ser\u00e3o montados na Passarela do Caranguejo, na Orla da Atalaia. A Fecom\u00e9rcio entra com apoio para ajudar no custeio do evento, que est\u00e1 estimado em aproximadamente R$ 100 mil, somente no aparato t\u00e9cnico. Saraiva valorizou a iniciativa da federa\u00e7\u00e3o em participar do quadro de apoiadores do evento.<\/p>\n<p>\u201cN\u00f3s do Sindimuse procuramos a Fecom\u00e9rcio porque sab\u00edamos que encontrar\u00edamos apoio por parte dessa entidade que tem a qualifica\u00e7\u00e3o de representar as empresas do com\u00e9rcio e tamb\u00e9m do setor de turismo. Nossa festa vem num momento em que a cidade poderia ficar \u00f3rf\u00e3 de um evento para comemorar a virada do ano e para n\u00e3o deixa passar em branco, resolvemos realizar a festa sem apoio nenhum da prefeitura. Procuramos a Fecom\u00e9rcio e seu presidente, La\u00e9rcio Oliveira, que sempre foi atencioso \u00e0s nossas causas, atendeu nosso pedido, participando conosco da grande festa que faremos\u201d, destacou Tonico Saraiva.<\/p>\n<p>A Fecom\u00e9rcio, que se torna parceira do Sindimuse para a realiza\u00e7\u00e3o da festa de r\u00e9veillon, alinhou seu compromisso em participar do apoio ao evento, ap\u00f3s reuni\u00e3o do superintendente Alexandre Wendel, com os representantes do sindicato, onde foi celebrado o acordo.<\/p>\n<p>De acordo com Alexandre Wendel, a participa\u00e7\u00e3o da Fecom\u00e9rcio na festa de virada de ano em Aracaju \u00e9 uma das a\u00e7\u00f5es importantes em favor da defesa da cultura e dos empres\u00e1rios representados pela entidade no setor de turismo. Para ele, a festa de r\u00e9veillon ser\u00e1 uma a\u00e7\u00e3o de grande magnitude e garante a oportunidade de divers\u00e3o para a popula\u00e7\u00e3o da cidade, quando n\u00e3o se esperava mais um evento para este ano.<\/p>\n<p>\u201cA Fecom\u00e9rcio representa os empres\u00e1rios do setor de turismo, e isso n\u00e3o poderia passar em branco. Ela traz em seu bojo a participa\u00e7\u00e3o empresarial e tamb\u00e9m \u00e9 uma entidade que promove retorno de suas a\u00e7\u00f5es para a sociedade. A festa de r\u00e9veillon \u00e9 uma iniciativa importante, independente, realizada pelos m\u00fasicos de Sergipe, e valorizamos essa iniciativa. Para tanto, o presidente La\u00e9rcio Oliveira, determinou que nos engaj\u00e1ssemos no apoio ao evento\u201d, disse Alexandre.<\/p>\n<p>A festa da virada de ano organizada pelo Sindimuse acontecer\u00e1 na Passarela do Caranguejo, com programa\u00e7\u00e3o estimada para acontecer durante mais de dez horas. Pelos dois palcos, passar\u00e3o 28 atra\u00e7\u00f5es.<\/p>\n<p style=\"text-align: justify;\"><img loading=\"lazy\" decoding=\"async\" class=\"aligncenter size-full wp-image-98507\" src=\"http:\/\/senoticias.com.br\/se\/wp-content\/uploads\/2016\/12\/Logo-fone-1-2-1.jpg\" alt=\"logo-fone-1-2-1\" width=\"599\" height=\"78\" srcset=\"https:\/\/senoticias.com.br\/se\/wp-content\/uploads\/2016\/12\/Logo-fone-1-2-1.jpg 599w, https:\/\/senoticias.com.br\/se\/wp-content\/uploads\/2016\/12\/Logo-fone-1-2-1-300x39.jpg 300w\" sizes=\"(max-width: 599px) 100vw, 599px\" \/><\/p>\n<p style=\"text-align: justify;\"><strong>Acompanhe tamb\u00e9m o SE Not\u00edcias no<\/strong><span class=\"apple-converted-space\"><b>\u00a0<\/b><\/span><strong><a href=\"https:\/\/twitter.com\/Senoticias\" target=\"_blank\">Twitter<\/a>,<\/strong><span class=\"apple-converted-space\"><b>\u00a0<\/b><\/span><strong><a href=\"https:\/\/www.facebook.com\/senoticias1\" target=\"_blank\">Facebook<span class=\"apple-converted-space\">\u00a0<\/span><\/a>e no<\/strong><span class=\"apple-converted-space\"><b>\u00a0<\/b><\/span><strong><a href=\"https:\/\/www.instagram.com\/senoticias\/\" target=\"_blank\">Instagram<\/a><\/strong><\/p>\n<p style=\"text-align: justify;\"><em>Ascom\/Fecom\u00e9rcio<\/em><\/p>\n","protected":false},"excerpt":{"rendered":"<p>Sens\u00edvel aos problemas para a realiza\u00e7\u00e3o das comemora\u00e7\u00f5es da virada de ano em Aracaju, a Federa\u00e7\u00e3o do Com\u00e9rcio de Bens, Servi\u00e7os e Turismo do Estado de Sergipe (Fecom\u00e9rcio), se engajou na a\u00e7\u00e3o promovida pelo Sindicato dos M\u00fasicos Profissionais de Sergipe (Sindimuse), que est\u00e1 buscando apoio para a realiza\u00e7\u00e3o de uma festa para a popula\u00e7\u00e3o de [&hellip;]<\/p>\n","protected":false},"author":2,"featured_media":98769,"comment_status":"closed","ping_status":"closed","sticky":false,"template":"","format":"standard","meta":{"footnotes":""},"categories":[15,21],"tags":[],"class_list":{"0":"post-98768","1":"post","2":"type-post","3":"status-publish","4":"format-standard","5":"has-post-thumbnail","7":"category-destaques","8":"category-entretenimento"},"_links":{"self":[{"href":"https:\/\/senoticias.com.br\/se\/wp-json\/wp\/v2\/posts\/98768"}],"collection":[{"href":"https:\/\/senoticias.com.br\/se\/wp-json\/wp\/v2\/posts"}],"about":[{"href":"https:\/\/senoticias.com.br\/se\/wp-json\/wp\/v2\/types\/post"}],"author":[{"embeddable":true,"href":"https:\/\/senoticias.com.br\/se\/wp-json\/wp\/v2\/users\/2"}],"replies":[{"embeddable":true,"href":"https:\/\/senoticias.com.br\/se\/wp-json\/wp\/v2\/comments?post=98768"}],"version-history":[{"count":0,"href":"https:\/\/senoticias.com.br\/se\/wp-json\/wp\/v2\/posts\/98768\/revisions"}],"wp:featuredmedia":[{"embeddable":true,"href":"https:\/\/senoticias.com.br\/se\/wp-json\/wp\/v2\/media\/98769"}],"wp:attachment":[{"href":"https:\/\/senoticias.com.br\/se\/wp-json\/wp\/v2\/media?parent=98768"}],"wp:term":[{"taxonomy":"category","embeddable":true,"href":"https:\/\/senoticias.com.br\/se\/wp-json\/wp\/v2\/categories?post=98768"},{"taxonomy":"post_tag","embeddable":true,"href":"https:\/\/senoticias.com.br\/se\/wp-json\/wp\/v2\/tags?post=98768"}],"curies":[{"name":"wp","href":"https:\/\/api.w.org\/{rel}","templated":true}]}}