{"id":98643,"date":"2016-12-09T07:30:27","date_gmt":"2016-12-09T10:30:27","guid":{"rendered":"http:\/\/senoticias.com.br\/se\/?p=98643"},"modified":"2016-12-10T07:21:44","modified_gmt":"2016-12-10T10:21:44","slug":"presidente-temer-discute-crise-hidrica-na-paraiba-com-parlamentares","status":"publish","type":"post","link":"https:\/\/senoticias.com.br\/se\/presidente-temer-discute-crise-hidrica-na-paraiba-com-parlamentares\/","title":{"rendered":"Presidente Temer discute crise h\u00eddrica na Para\u00edba com parlamentares"},"content":{"rendered":"<p style=\"text-align: justify;\">Na tarde desta quinta-feira (8), o presidente da Rep\u00fablica, Michel Temer, reuniu-se com o ministro da Integra\u00e7\u00e3o, Helder Barbalho, e a bancada de parlamentares da Para\u00edba para discutir a crise h\u00eddrica no estado.<\/p>\n<div id=\"attachment_98644\" style=\"width: 609px\" class=\"wp-caption aligncenter\"><img loading=\"lazy\" decoding=\"async\" aria-describedby=\"caption-attachment-98644\" class=\"size-full wp-image-98644\" src=\"http:\/\/senoticias.com.br\/se\/wp-content\/uploads\/2016\/12\/Presidente-Temer-SE-noticias-e1481279242227.jpeg\" alt=\"Parlamentares pleitearam constru\u00e7\u00e3o de eixos norte e leste da transposi\u00e7\u00e3o para abastecer estado Foto: Marcos Corr\u00eaa\/PR\" width=\"599\" height=\"338\" \/><p id=\"caption-attachment-98644\" class=\"wp-caption-text\">Parlamentares pleitearam constru\u00e7\u00e3o de eixos norte e leste da transposi\u00e7\u00e3o para abastecer estado.<br \/>(Foto: Marcos Corr\u00eaa\/PR)<\/p><\/div>\n<p style=\"text-align: justify;\">Como forma de diminuir os problemas de abastecimento na regi\u00e3o, Barbalho\u00a0afirmou que devem ser iniciadas obras nos eixos leste e norte do empreendimento a partir de fevereiro, de modo a irrigar esta\u00e7\u00f5es de abastecimento na Para\u00edba e Rio Grande do Norte.<\/p>\n<p style=\"text-align: justify;\">Barbalho refor\u00e7ou que o governo federal vai entregar as obras da transposi\u00e7\u00e3o do Rio S\u00e3o Francisco para abastecer a popula\u00e7\u00e3o. &#8220;Estamos avan\u00e7ando para que essas obras possam logo ficar prontas e que a transforma\u00e7\u00e3o seja da qualidade de vida, j\u00e1 que envolve abastecimento humano, como tamb\u00e9m o apoio h\u00eddrico para a produ\u00e7\u00e3o na regi\u00e3o&#8221;, ponderou o ministro.<\/p>\n<p style=\"text-align: justify;\">Neste per\u00edodo, o governo autorizou a\u00e7\u00f5es emergenciais para mitigar efeitos da estiagem no estado, como o uso de carros-pipa e instala\u00e7\u00e3o de adutoras de engate r\u00e1pido. Ao todo, segundo ministro, mais de R$ 1 milh\u00e3o foram investidos pelo governo federal no estado para a execu\u00e7\u00e3o dessas obras.<\/p>\n<p style=\"text-align: justify;\">&#8220;Isso demonstra o compromisso do governo federal em enfrentar o desafio da seca e garantir pol\u00edticas p\u00fablicas que possam trazer qualidade de vida para a popula\u00e7\u00e3o do Nordeste.&#8221;<\/p>\n<p style=\"text-align: justify;\"><strong>Acordo<\/strong><\/p>\n<p style=\"text-align: justify;\">O senador Raimundo Lira (PMDB-PB), que tamb\u00e9m esteve no encontro, afirmou que o acordo, depois de ser analisado pelo Minist\u00e9rio do Planejamento, deve beneficiar 30 cidades e at\u00e9 280 mil habitantes que sofrem com os efeitos da seca.<\/p>\n<p style=\"text-align: justify;\">A previs\u00e3o \u00e9 que as obras comecem em fevereiro do ano que vem.\u00a0&#8220;Ser\u00e1 uma obra de extrema import\u00e2ncia e emergencial. Da forma como est\u00e1 planejada, com contrato com o Banco Mundial, o projeto vai chegar apenas em outubro. N\u00e3o tem condi\u00e7\u00f5es de o estado da Para\u00edba esperar esse tempo todo, e isso ser\u00e1 apressado, conforme o compromisso do presidente e do ministro Helder Barbalho&#8221;, disse o senador.<\/p>\n<p style=\"text-align: justify;\"><img loading=\"lazy\" decoding=\"async\" class=\"aligncenter size-full wp-image-98507\" src=\"http:\/\/senoticias.com.br\/se\/wp-content\/uploads\/2016\/12\/Logo-fone-1-2-1.jpg\" alt=\"logo-fone-1-2-1\" width=\"599\" height=\"78\" srcset=\"https:\/\/senoticias.com.br\/se\/wp-content\/uploads\/2016\/12\/Logo-fone-1-2-1.jpg 599w, https:\/\/senoticias.com.br\/se\/wp-content\/uploads\/2016\/12\/Logo-fone-1-2-1-300x39.jpg 300w\" sizes=\"(max-width: 599px) 100vw, 599px\" \/><\/p>\n<p style=\"text-align: justify;\"><em><strong>Acompanhe tamb\u00e9m o SE Not\u00edcias no<\/strong><span class=\"apple-converted-space\"><b>\u00a0<\/b><\/span><strong><a href=\"https:\/\/twitter.com\/Senoticias\" target=\"_blank\">Twitter<\/a>,<\/strong><span class=\"apple-converted-space\"><b>\u00a0<\/b><\/span><strong><a href=\"https:\/\/www.facebook.com\/senoticias1\" target=\"_blank\">Facebook<span class=\"apple-converted-space\">\u00a0<\/span><\/a>e no<\/strong><span class=\"apple-converted-space\"><b>\u00a0<\/b><\/span><strong><a href=\"https:\/\/www.instagram.com\/senoticias\/\" target=\"_blank\">Instagram<\/a><\/strong><\/em><\/p>\n<p style=\"text-align: justify;\"><em>Informa\u00e7\u00f5es do <a href=\"http:\/\/www2.planalto.gov.br\/acompanhe-planalto\/noticias\/2016\/12\/temer-discute-crise-hidrica-na-paraiba-com-parlamentares\"><strong>Site<\/strong><\/a> Planalto<\/em><\/p>\n","protected":false},"excerpt":{"rendered":"<p>Na tarde desta quinta-feira (8), o presidente da Rep\u00fablica, Michel Temer, reuniu-se com o ministro da Integra\u00e7\u00e3o, Helder Barbalho, e a bancada de parlamentares da Para\u00edba para discutir a crise h\u00eddrica no estado. Como forma de diminuir os problemas de abastecimento na regi\u00e3o, Barbalho\u00a0afirmou que devem ser iniciadas obras nos eixos leste e norte do [&hellip;]<\/p>\n","protected":false},"author":2,"featured_media":98644,"comment_status":"closed","ping_status":"closed","sticky":false,"template":"","format":"standard","meta":{"footnotes":""},"categories":[6],"tags":[],"class_list":{"0":"post-98643","1":"post","2":"type-post","3":"status-publish","4":"format-standard","5":"has-post-thumbnail","7":"category-politica"},"_links":{"self":[{"href":"https:\/\/senoticias.com.br\/se\/wp-json\/wp\/v2\/posts\/98643"}],"collection":[{"href":"https:\/\/senoticias.com.br\/se\/wp-json\/wp\/v2\/posts"}],"about":[{"href":"https:\/\/senoticias.com.br\/se\/wp-json\/wp\/v2\/types\/post"}],"author":[{"embeddable":true,"href":"https:\/\/senoticias.com.br\/se\/wp-json\/wp\/v2\/users\/2"}],"replies":[{"embeddable":true,"href":"https:\/\/senoticias.com.br\/se\/wp-json\/wp\/v2\/comments?post=98643"}],"version-history":[{"count":0,"href":"https:\/\/senoticias.com.br\/se\/wp-json\/wp\/v2\/posts\/98643\/revisions"}],"wp:featuredmedia":[{"embeddable":true,"href":"https:\/\/senoticias.com.br\/se\/wp-json\/wp\/v2\/media\/98644"}],"wp:attachment":[{"href":"https:\/\/senoticias.com.br\/se\/wp-json\/wp\/v2\/media?parent=98643"}],"wp:term":[{"taxonomy":"category","embeddable":true,"href":"https:\/\/senoticias.com.br\/se\/wp-json\/wp\/v2\/categories?post=98643"},{"taxonomy":"post_tag","embeddable":true,"href":"https:\/\/senoticias.com.br\/se\/wp-json\/wp\/v2\/tags?post=98643"}],"curies":[{"name":"wp","href":"https:\/\/api.w.org\/{rel}","templated":true}]}}