{"id":98639,"date":"2016-12-08T20:30:30","date_gmt":"2016-12-08T23:30:30","guid":{"rendered":"http:\/\/senoticias.com.br\/se\/?p=98639"},"modified":"2016-12-08T20:30:30","modified_gmt":"2016-12-08T23:30:30","slug":"casal-e-preso-por-morte-do-filho-de-3-meses-em-caxias-choro-teria-irritado-o-pai","status":"publish","type":"post","link":"https:\/\/senoticias.com.br\/se\/casal-e-preso-por-morte-do-filho-de-3-meses-em-caxias-choro-teria-irritado-o-pai\/","title":{"rendered":"Casal \u00e9 preso por morte do filho de 3 meses em Caxias; choro teria irritado o pai"},"content":{"rendered":"<p style=\"text-align: justify\">Os pais de um beb\u00ea de 3 meses foram presos em flagrante pela morte da crian\u00e7a, nesta quarta-feira, em Xer\u00e9m, Duque de Caxias, na Baixada Fluminense. O crime aconteceu na noite da \u00faltima ter\u00e7a-feira.<\/p>\n<div id=\"attachment_98640\" style=\"width: 458px\" class=\"wp-caption aligncenter\"><a href=\"http:\/\/senoticias.com.br\/se\/wp-content\/uploads\/2016\/12\/Pai-joga-crian\u00e7a-na-parede-em-caxias-SENoticias.jpg\"><img loading=\"lazy\" decoding=\"async\" aria-describedby=\"caption-attachment-98640\" class=\"size-full wp-image-98640\" src=\"http:\/\/senoticias.com.br\/se\/wp-content\/uploads\/2016\/12\/Pai-joga-crian\u00e7a-na-parede-em-caxias-SENoticias.jpg\" alt=\"O caso aconteceu em Xerem, em Duque de Caxias Foto: Cl\u00e9ber J\u00fanior \/ Extra \" width=\"448\" height=\"592\" srcset=\"https:\/\/senoticias.com.br\/se\/wp-content\/uploads\/2016\/12\/Pai-joga-crian\u00e7a-na-parede-em-caxias-SENoticias.jpg 448w, https:\/\/senoticias.com.br\/se\/wp-content\/uploads\/2016\/12\/Pai-joga-crian\u00e7a-na-parede-em-caxias-SENoticias-227x300.jpg 227w\" sizes=\"(max-width: 448px) 100vw, 448px\" \/><\/a><p id=\"caption-attachment-98640\" class=\"wp-caption-text\">O caso aconteceu em Xerem, em Duque de Caxias Foto: Cl\u00e9ber J\u00fanior \/ Extra<\/p><\/div>\n<p style=\"text-align: justify\">Segundo a pol\u00edcia, Leandro J\u00fanior da Trindade Marques, de 20 anos, estava com o pequeno Gabriel Henrique da Trindade dos Santos na sala, enquanto a m\u00e3e do menino dava banho em outra crian\u00e7a. O choro do beb\u00ea teria irritado Leandro, que jogou o pr\u00f3prio filho contra a parede.<br \/>\nA crian\u00e7a continuou chorando, mas o casal decidiu n\u00e3o socorr\u00ea-la. Horas depois, na manh\u00e3 desta quarta-feira, o beb\u00ea estava morto.<\/p>\n<p style=\"text-align: justify\">O casal acionou a PM, alegando Gabriel havia amanhecido morto. Inicialmente, o caso foi registrado na 61\u00aa DP (Xer\u00e9m). Mas, devido \u00e0s contradi\u00e7\u00f5es do casal, a Divis\u00e3o de Homic\u00eddios da Baixada Fluminense (DHBF) foi acionada:<br \/>\n\u2014 Ele dizia que a crian\u00e7a caiu da cama, depois que foi jogada para o alto e caiu. O perito constatou que crian\u00e7a estava com uma fratura na cabe\u00e7a e hematomas nas costas e nas n\u00e1degas. Eles s\u00f3 confessaram aqui, mas n\u00e3o demonstraram arrependimento em momento algum \u2014 afirmou o delegado Willians Batista.<br \/>\nNa delegacia, o casal, que estava junto h\u00e1 aproximadamente um ano, afirmou tamb\u00e9m que Leandro j\u00e1 havia batido no beb\u00ea outras vezes. A m\u00e3e vai responder por homic\u00eddio. J\u00e1 Leandro, por homic\u00eddio triplamente qualificado, por motivo torpe, meio cruel e impossibilidade de defesa da v\u00edtima.<br \/>\nOs tr\u00eas estavam passando uns dias na casa da m\u00e3e de Leandro, mas moravam em Mag\u00e9. O pedreiro Wilson Jos\u00e9 dos Santos, de 52 anos, av\u00f4 paterno da crian\u00e7a, morava com eles e disse que nunca viu nenhuma atitude de agress\u00e3o por parte do casal:<br \/>\n\u2014 Eles foram passar uns dias em Xer\u00e9m e voltariam na segunda, mas estavam sem dinheiro de passagem. Depois, soube do que aconteceu. Fiquei desesperado. N\u00e3o sei como isso foi acontecer. Eu sempre vi ele tratando bem o filho.<br \/>\nO corpo do beb\u00ea est\u00e1 no IML de Duque de Caxias. Sirlene de Aguiar Bittencourt, tia da crian\u00e7a, disse que a fam\u00edlia n\u00e3o tem condi\u00e7\u00f5es financeiras de realizar o sepultamento:<br \/>\n\u2014 N\u00e3o sabemos como vai ser. Est\u00e1 em torno de R$ 1,5 mil. A gente n\u00e3o tem esse dinheiro.<\/p>\n<p style=\"line-height: 14.25pt\"><strong><span style=\"font-size: 10.0pt;font-family: 'Georgia','serif';color: #333333\">Acompanhe tamb\u00e9m o SE Not\u00edcias no<\/span><\/strong><span class=\"apple-converted-space\"><b><span style=\"font-size: 10.0pt;font-family: 'Georgia','serif';color: #333333\">\u00a0<\/span><\/b><\/span><strong><span style=\"font-size: 10.0pt;font-family: 'Georgia','serif';color: #333333\"><a href=\"https:\/\/twitter.com\/Senoticias\" target=\"_blank\">Twitter<\/a>,<\/span><\/strong><span class=\"apple-converted-space\"><b><span style=\"font-size: 10.0pt;font-family: 'Georgia','serif';color: #333333\">\u00a0<\/span><\/b><\/span><strong><span style=\"font-size: 10.0pt;font-family: 'Georgia','serif';color: #333333\"><a href=\"https:\/\/www.facebook.com\/senoticias1\" target=\"_blank\">Facebook<span class=\"apple-converted-space\"><span style=\"color: windowtext;text-decoration: none\">\u00a0<\/span><\/span><\/a>e no<\/span><\/strong><span class=\"apple-converted-space\"><b><span style=\"font-size: 10.0pt;font-family: 'Georgia','serif';color: #333333\">\u00a0<\/span><\/b><\/span><strong><span style=\"font-size: 10.0pt;font-family: 'Georgia','serif';color: #333333\"><a href=\"https:\/\/www.instagram.com\/senoticias\/\" target=\"_blank\">Instagram<\/a>.<\/span><\/strong><\/p>\n<p style=\"text-align: justify\"><a href=\"http:\/\/senoticias.com.br\/se\/wp-content\/uploads\/2016\/12\/Logo-fone-1-2-1.jpg\"><img loading=\"lazy\" decoding=\"async\" class=\"aligncenter size-full wp-image-98507\" src=\"http:\/\/senoticias.com.br\/se\/wp-content\/uploads\/2016\/12\/Logo-fone-1-2-1.jpg\" alt=\"logo-fone-1-2-1\" width=\"599\" height=\"78\" srcset=\"https:\/\/senoticias.com.br\/se\/wp-content\/uploads\/2016\/12\/Logo-fone-1-2-1.jpg 599w, https:\/\/senoticias.com.br\/se\/wp-content\/uploads\/2016\/12\/Logo-fone-1-2-1-300x39.jpg 300w\" sizes=\"(max-width: 599px) 100vw, 599px\" \/><\/a><br \/>\nDo Jornal Extra.globo<\/p>\n","protected":false},"excerpt":{"rendered":"<p>Os pais de um beb\u00ea de 3 meses foram presos em flagrante pela morte da crian\u00e7a, nesta quarta-feira, em Xer\u00e9m, Duque de Caxias, na Baixada Fluminense. O crime aconteceu na noite da \u00faltima ter\u00e7a-feira. Segundo a pol\u00edcia, Leandro J\u00fanior da Trindade Marques, de 20 anos, estava com o pequeno Gabriel Henrique da Trindade dos Santos [&hellip;]<\/p>\n","protected":false},"author":5618,"featured_media":98640,"comment_status":"closed","ping_status":"closed","sticky":false,"template":"","format":"standard","meta":{"footnotes":""},"categories":[7],"tags":[1725],"class_list":{"0":"post-98639","1":"post","2":"type-post","3":"status-publish","4":"format-standard","5":"has-post-thumbnail","7":"category-policia","8":"tag-casal-e-preso-por-morte-do-filho-de-3-meses-em-caxias-choro-teria-irritado-o-pai"},"_links":{"self":[{"href":"https:\/\/senoticias.com.br\/se\/wp-json\/wp\/v2\/posts\/98639"}],"collection":[{"href":"https:\/\/senoticias.com.br\/se\/wp-json\/wp\/v2\/posts"}],"about":[{"href":"https:\/\/senoticias.com.br\/se\/wp-json\/wp\/v2\/types\/post"}],"author":[{"embeddable":true,"href":"https:\/\/senoticias.com.br\/se\/wp-json\/wp\/v2\/users\/5618"}],"replies":[{"embeddable":true,"href":"https:\/\/senoticias.com.br\/se\/wp-json\/wp\/v2\/comments?post=98639"}],"version-history":[{"count":0,"href":"https:\/\/senoticias.com.br\/se\/wp-json\/wp\/v2\/posts\/98639\/revisions"}],"wp:featuredmedia":[{"embeddable":true,"href":"https:\/\/senoticias.com.br\/se\/wp-json\/wp\/v2\/media\/98640"}],"wp:attachment":[{"href":"https:\/\/senoticias.com.br\/se\/wp-json\/wp\/v2\/media?parent=98639"}],"wp:term":[{"taxonomy":"category","embeddable":true,"href":"https:\/\/senoticias.com.br\/se\/wp-json\/wp\/v2\/categories?post=98639"},{"taxonomy":"post_tag","embeddable":true,"href":"https:\/\/senoticias.com.br\/se\/wp-json\/wp\/v2\/tags?post=98639"}],"curies":[{"name":"wp","href":"https:\/\/api.w.org\/{rel}","templated":true}]}}