{"id":98636,"date":"2016-12-08T19:35:38","date_gmt":"2016-12-08T22:35:38","guid":{"rendered":"http:\/\/senoticias.com.br\/se\/?p=98636"},"modified":"2016-12-08T19:35:38","modified_gmt":"2016-12-08T22:35:38","slug":"temer-faz-primeira-viagem-ao-nordeste-nesta-sexta-feira-como-presidente","status":"publish","type":"post","link":"https:\/\/senoticias.com.br\/se\/temer-faz-primeira-viagem-ao-nordeste-nesta-sexta-feira-como-presidente\/","title":{"rendered":"Temer faz primeira viagem ao Nordeste nesta sexta-feira como presidente"},"content":{"rendered":"<p style=\"text-align: justify\">O presidente Michel Temer viaja amanh\u00e3 (9) ao Nordeste, onde inaugura um roteiro de visitas a outras regi\u00f5es do pa\u00eds fora do eixo Sul-Sudeste. Ele vai visitar nesta sexta-feira (9) duas cidades pernambucanas para eventos ligados \u00e0 transposi\u00e7\u00e3o do Rio S\u00e3o Francisco. Tamb\u00e9m participa de um evento em Fortaleza de interesse de agricultores locais. J\u00e1 na semana que vem, est\u00e1 prevista uma ida de Temer \u00e0 Usina Hidrel\u00e9trica de Tucuru\u00ed, no Par\u00e1.<\/p>\n<div id=\"attachment_98012\" style=\"width: 590px\" class=\"wp-caption aligncenter\"><a href=\"http:\/\/senoticias.com.br\/se\/wp-content\/uploads\/2016\/11\/Michel-Temer-SE-Noticia.jpg\"><img loading=\"lazy\" decoding=\"async\" aria-describedby=\"caption-attachment-98012\" class=\"size-full wp-image-98012\" src=\"http:\/\/senoticias.com.br\/se\/wp-content\/uploads\/2016\/11\/Michel-Temer-SE-Noticia.jpg\" alt=\"  Foto:  Wilson Dias\/Ag\u00eancia Brasil\" width=\"580\" height=\"388\" srcset=\"https:\/\/senoticias.com.br\/se\/wp-content\/uploads\/2016\/11\/Michel-Temer-SE-Noticia.jpg 580w, https:\/\/senoticias.com.br\/se\/wp-content\/uploads\/2016\/11\/Michel-Temer-SE-Noticia-300x201.jpg 300w, https:\/\/senoticias.com.br\/se\/wp-content\/uploads\/2016\/11\/Michel-Temer-SE-Noticia-90x60.jpg 90w, https:\/\/senoticias.com.br\/se\/wp-content\/uploads\/2016\/11\/Michel-Temer-SE-Noticia-180x120.jpg 180w, https:\/\/senoticias.com.br\/se\/wp-content\/uploads\/2016\/11\/Michel-Temer-SE-Noticia-95x64.jpg 95w\" sizes=\"(max-width: 580px) 100vw, 580px\" \/><\/a><p id=\"caption-attachment-98012\" class=\"wp-caption-text\">Foto: Wilson Dias\/Ag\u00eancia Brasil<\/p><\/div>\n<p style=\"text-align: justify\">Em Surubim (PE), o presidente vai cumprir agenda na Barragem de Jucazinho, cuja realiza\u00e7\u00e3o de obras foi recomendada pelo Minist\u00e9rio P\u00fablico Federal em Pernambuco h\u00e1 pouco mais de dois meses. Depois, ele visitar\u00e1 uma das esta\u00e7\u00f5es de bombeamento do Programa de Integra\u00e7\u00e3o do S\u00e3o Francisco no munic\u00edpio de Salgueiro (PE).<\/p>\n<p style=\"text-align: justify\">Em Fortaleza, Temer vai participar de uma cerim\u00f4nia em que ser\u00e3o regulamentadas as condi\u00e7\u00f5es de implementa\u00e7\u00e3o da Lei 13.340, que permite a liquida\u00e7\u00e3o de d\u00edvidas de cr\u00e9dito rural. Reivindica\u00e7\u00e3o dos produtores rurais da regi\u00e3o, a legisla\u00e7\u00e3o que foi aprovada em setembro pelo Congresso concede abatimentos por um ano aos empr\u00e9stimos contra\u00eddos com o Banco do Nordeste ou o Banco da Amaz\u00f4nia. Os agricultores que contra\u00edram d\u00edvidas at\u00e9 o ano de 2011 ter\u00e3o descontos para os pagamentos feitos at\u00e9 o dia 29 de dezembro de 2017.<\/p>\n<p style=\"text-align: justify\">A nova lei tamb\u00e9m autoriza a repactua\u00e7\u00e3o das d\u00edvidas contra\u00eddas com os bancos pelo mesmo prazo de um ano, com car\u00eancia at\u00e9 2020, al\u00e9m de descontos para quem desejar quitar seus d\u00e9bitos rurais contra\u00eddos com o Fundo de Terras. As mudan\u00e7as foram propostas pelo governo federal em junho, por meio de medida provis\u00f3ria. Segundo a equipe econ\u00f4mica, os abatimentos s\u00e3o necess\u00e1rios especialmente ap\u00f3s os produtores rurais enfrentarem condi\u00e7\u00f5es clim\u00e1ticas dif\u00edceis nos \u00faltimos anos.<\/p>\n<p style=\"text-align: justify\">Estas ser\u00e3o as primeiras visitas de Temer \u00e0s regi\u00f5es Norte-Nordeste, ap\u00f3s assumir a presid\u00eancia, ainda como interino, em maio deste ano. Por diversas vezes, ele j\u00e1 viajou a Rio de Janeiro e a S\u00e3o Paulo, al\u00e9m de j\u00e1 ter cumprido compromissos internacionais na China, \u00cdndia, Jap\u00e3o e Estados Unidos, al\u00e9m dos vizinhos Paraguai e Argentina.<\/p>\n<p style=\"line-height: 14.25pt\"><strong><span style=\"font-size: 10.0pt;font-family: 'Georgia','serif';color: #333333\">Acompanhe tamb\u00e9m o SE Not\u00edcias no<\/span><\/strong><span class=\"apple-converted-space\"><b><span style=\"font-size: 10.0pt;font-family: 'Georgia','serif';color: #333333\">\u00a0<\/span><\/b><\/span><strong><span style=\"font-size: 10.0pt;font-family: 'Georgia','serif';color: #333333\"><a href=\"https:\/\/twitter.com\/Senoticias\" target=\"_blank\">Twitter<\/a>,<\/span><\/strong><span class=\"apple-converted-space\"><b><span style=\"font-size: 10.0pt;font-family: 'Georgia','serif';color: #333333\">\u00a0<\/span><\/b><\/span><strong><span style=\"font-size: 10.0pt;font-family: 'Georgia','serif';color: #333333\"><a href=\"https:\/\/www.facebook.com\/senoticias1\" target=\"_blank\">Facebook<span class=\"apple-converted-space\"><span style=\"color: windowtext;text-decoration: none\">\u00a0<\/span><\/span><\/a>e no<\/span><\/strong><span class=\"apple-converted-space\"><b><span style=\"font-size: 10.0pt;font-family: 'Georgia','serif';color: #333333\">\u00a0<\/span><\/b><\/span><strong><span style=\"font-size: 10.0pt;font-family: 'Georgia','serif';color: #333333\"><a href=\"https:\/\/www.instagram.com\/senoticias\/\" target=\"_blank\">Instagram<\/a>.<\/span><\/strong><\/p>\n<p style=\"text-align: justify\"><a href=\"http:\/\/senoticias.com.br\/se\/wp-content\/uploads\/2016\/12\/Logo-fone-1-2-1.jpg\"><img loading=\"lazy\" decoding=\"async\" class=\"aligncenter size-full wp-image-98507\" src=\"http:\/\/senoticias.com.br\/se\/wp-content\/uploads\/2016\/12\/Logo-fone-1-2-1.jpg\" alt=\"logo-fone-1-2-1\" width=\"599\" height=\"78\" srcset=\"https:\/\/senoticias.com.br\/se\/wp-content\/uploads\/2016\/12\/Logo-fone-1-2-1.jpg 599w, https:\/\/senoticias.com.br\/se\/wp-content\/uploads\/2016\/12\/Logo-fone-1-2-1-300x39.jpg 300w\" sizes=\"(max-width: 599px) 100vw, 599px\" \/><\/a><\/p>\n<p style=\"text-align: justify\">Da Ag\u00eancia Brasil<\/p>\n","protected":false},"excerpt":{"rendered":"<p>O presidente Michel Temer viaja amanh\u00e3 (9) ao Nordeste, onde inaugura um roteiro de visitas a outras regi\u00f5es do pa\u00eds fora do eixo Sul-Sudeste. Ele vai visitar nesta sexta-feira (9) duas cidades pernambucanas para eventos ligados \u00e0 transposi\u00e7\u00e3o do Rio S\u00e3o Francisco. Tamb\u00e9m participa de um evento em Fortaleza de interesse de agricultores locais. J\u00e1 [&hellip;]<\/p>\n","protected":false},"author":5618,"featured_media":98012,"comment_status":"closed","ping_status":"closed","sticky":false,"template":"","format":"standard","meta":{"footnotes":""},"categories":[6],"tags":[1722],"class_list":{"0":"post-98636","1":"post","2":"type-post","3":"status-publish","4":"format-standard","5":"has-post-thumbnail","7":"category-politica","8":"tag-temer-faz-primeira-viagem-ao-nordeste-nesta-sexta-feira-como-presidente"},"_links":{"self":[{"href":"https:\/\/senoticias.com.br\/se\/wp-json\/wp\/v2\/posts\/98636"}],"collection":[{"href":"https:\/\/senoticias.com.br\/se\/wp-json\/wp\/v2\/posts"}],"about":[{"href":"https:\/\/senoticias.com.br\/se\/wp-json\/wp\/v2\/types\/post"}],"author":[{"embeddable":true,"href":"https:\/\/senoticias.com.br\/se\/wp-json\/wp\/v2\/users\/5618"}],"replies":[{"embeddable":true,"href":"https:\/\/senoticias.com.br\/se\/wp-json\/wp\/v2\/comments?post=98636"}],"version-history":[{"count":0,"href":"https:\/\/senoticias.com.br\/se\/wp-json\/wp\/v2\/posts\/98636\/revisions"}],"wp:featuredmedia":[{"embeddable":true,"href":"https:\/\/senoticias.com.br\/se\/wp-json\/wp\/v2\/media\/98012"}],"wp:attachment":[{"href":"https:\/\/senoticias.com.br\/se\/wp-json\/wp\/v2\/media?parent=98636"}],"wp:term":[{"taxonomy":"category","embeddable":true,"href":"https:\/\/senoticias.com.br\/se\/wp-json\/wp\/v2\/categories?post=98636"},{"taxonomy":"post_tag","embeddable":true,"href":"https:\/\/senoticias.com.br\/se\/wp-json\/wp\/v2\/tags?post=98636"}],"curies":[{"name":"wp","href":"https:\/\/api.w.org\/{rel}","templated":true}]}}