{"id":98634,"date":"2016-12-08T15:40:11","date_gmt":"2016-12-08T18:40:11","guid":{"rendered":"http:\/\/senoticias.com.br\/se\/?p=98634"},"modified":"2016-12-08T15:40:11","modified_gmt":"2016-12-08T18:40:11","slug":"pm-apreende-quatro-armas-de-fogo-e-recupera-dois-veiculos-por-meio-do-bptur","status":"publish","type":"post","link":"https:\/\/senoticias.com.br\/se\/pm-apreende-quatro-armas-de-fogo-e-recupera-dois-veiculos-por-meio-do-bptur\/","title":{"rendered":"PM apreende quatro armas de fogo e recupera dois ve\u00edculos por meio do BPTur"},"content":{"rendered":"<p style=\"text-align: justify;\">A ocorr\u00eancia de maior vulto teve in\u00edcio por volta das 21h30, quando dois infratores, em posse de arma de fogo, tentaram roubar um cidad\u00e3o que se dirigia ao ve\u00edculo, ap\u00f3s sair de uma academia no bairro Atalaia. Para a surpresa da dupla, a v\u00edtima era um PM, que reagiu e iniciou uma troca de tiros. Um dos ladr\u00f5es foi alvejado na regi\u00e3o da cintura e o outro fugiu com a arma.<\/p>\n<div id=\"attachment_98635\" style=\"width: 178px\" class=\"wp-caption alignright\"><img loading=\"lazy\" decoding=\"async\" aria-describedby=\"caption-attachment-98635\" class=\"size-full wp-image-98635\" src=\"http:\/\/senoticias.com.br\/se\/wp-content\/uploads\/2016\/12\/Placas-clonadas-SE-Noticias.jpg\" alt=\"Com todo o material apreendido, acredita-se que a dupla fa\u00e7a parte de uma quadrilha que vinha praticando diversos roubos a ve\u00edculos na capital sergipana\" width=\"168\" height=\"300\" \/><p id=\"caption-attachment-98635\" class=\"wp-caption-text\">Com todo o material apreendido, acredita-se que a dupla fa\u00e7a parte de uma quadrilha que vinha praticando diversos roubos a ve\u00edculos na capital sergipana. (Foto: PM\/SE)<\/p><\/div>\n<p style=\"text-align: justify;\">O policial conversou com o criminoso, identificado como Ant\u00f4nio Aparecido Rocha Chaves, de 25 anos, que aguardava o SAMU, e este informou o local onde escondiam os produtos de roubos e furtos. O BPTur assumiu a a\u00e7\u00e3o e foi at\u00e9 o ponto indicado, onde percebeu uma estranha movimenta\u00e7\u00e3o de um cidad\u00e3o do sexo masculino no interior da resid\u00eancia. O suspeito foi abordado, identificado como adolescente e confessou participa\u00e7\u00e3o na tentativa de roubo ao policial sergipano, bem como a fuga.<\/p>\n<p style=\"text-align: justify;\">O jovem n\u00e3o esbo\u00e7ou nenhuma rea\u00e7\u00e3o, autorizando, inclusive, a entrada das autoridades policiais na casa, onde foram encontrados: um rev\u00f3lver calibre 32, com tr\u00eas muni\u00e7\u00f5es; um ve\u00edculo Gol, de cor prata, com placas KYS-4424, com restri\u00e7\u00e3o de roubo\/furto; uma m\u00e1quina de prensa, utilizada para fazer placas veiculares;\u00a0\u00a0\u00a0 15 placas de ve\u00edculos, com suas respectivas numera\u00e7\u00f5es abertas, pois provavelmente se tratavam de placas clonadas; diversos lacres de seguran\u00e7a e controle do Detran; certa quantidade de subst\u00e2ncia an\u00e1loga \u00e0 maconha e uma quantidade de p\u00f3 branco, semelhante \u00e0 coca\u00edna, e um ve\u00edculo Corolla, de cor preta e placas NYT-5241, pertencente ao Estado da Bahia, que havia sido roubado no mesmo dia.<\/p>\n<p style=\"text-align: justify;\">Com todo o material apreendido, acredita-se que a dupla fa\u00e7a parte de uma quadrilha que vinha praticando diversos roubos a ve\u00edculos na capital sergipana e conseguia maquiar os carros roubados com placas frias e lacres. O caso foi encaminhado \u00e0 Delegacia Plantonista Sul, o preso alvejado foi socorrido pelo SAMU no local e, em seguida, encaminhado \u00e0 Delegacia Plantonista Sul, juntamente com o menor.<\/p>\n<p style=\"text-align: justify;\">Vale ressaltar que, em apenas 24 horas de servi\u00e7o na \u00e1rea do Batalh\u00e3o de Policiamento Tur\u00edstico, cinco ocorr\u00eancias distintas foram realizadas; as pris\u00f5es de nove suspeitos de tentativa de roubo majorado frustradas, quatro armas de fogo apreendidas e dois ve\u00edculos recuperados, al\u00e9m da pris\u00e3o de um indiv\u00edduo pela pr\u00e1tica de tr\u00e1fico Il\u00edcito de drogas, frisando que este tem passagem pela pol\u00edcia pelo mesmo crime.<\/p>\n<p style=\"text-align: justify;\"><strong>Acompanhe tamb\u00e9m o SE Not\u00edcias no<\/strong><strong>\u00a0<\/strong><strong><a href=\"https:\/\/twitter.com\/Senoticias\">Twitter<\/a>,<\/strong><strong>\u00a0<\/strong><strong><a href=\"https:\/\/www.facebook.com\/senoticias1\">Facebook\u00a0<\/a>e no<\/strong><strong>\u00a0<\/strong><strong><a href=\"https:\/\/www.instagram.com\/senoticias\/\">Instagram<\/a><\/strong><\/p>\n<p style=\"text-align: justify;\"><img loading=\"lazy\" decoding=\"async\" class=\"aligncenter size-full wp-image-98507\" src=\"http:\/\/senoticias.com.br\/se\/wp-content\/uploads\/2016\/12\/Logo-fone-1-2-1.jpg\" alt=\"logo-fone-1-2-1\" width=\"599\" height=\"78\" srcset=\"https:\/\/senoticias.com.br\/se\/wp-content\/uploads\/2016\/12\/Logo-fone-1-2-1.jpg 599w, https:\/\/senoticias.com.br\/se\/wp-content\/uploads\/2016\/12\/Logo-fone-1-2-1-300x39.jpg 300w\" sizes=\"(max-width: 599px) 100vw, 599px\" \/><\/p>\n<p style=\"text-align: justify;\"><em>Ascom\/PM\/SE<\/em><\/p>\n<p style=\"text-align: justify;\">\n","protected":false},"excerpt":{"rendered":"<p>A ocorr\u00eancia de maior vulto teve in\u00edcio por volta das 21h30, quando dois infratores, em posse de arma de fogo, tentaram roubar um cidad\u00e3o que se dirigia ao ve\u00edculo, ap\u00f3s sair de uma academia no bairro Atalaia. Para a surpresa da dupla, a v\u00edtima era um PM, que reagiu e iniciou uma troca de tiros. [&hellip;]<\/p>\n","protected":false},"author":2,"featured_media":98635,"comment_status":"closed","ping_status":"closed","sticky":false,"template":"","format":"standard","meta":{"footnotes":""},"categories":[7],"tags":[],"class_list":{"0":"post-98634","1":"post","2":"type-post","3":"status-publish","4":"format-standard","5":"has-post-thumbnail","7":"category-policia"},"_links":{"self":[{"href":"https:\/\/senoticias.com.br\/se\/wp-json\/wp\/v2\/posts\/98634"}],"collection":[{"href":"https:\/\/senoticias.com.br\/se\/wp-json\/wp\/v2\/posts"}],"about":[{"href":"https:\/\/senoticias.com.br\/se\/wp-json\/wp\/v2\/types\/post"}],"author":[{"embeddable":true,"href":"https:\/\/senoticias.com.br\/se\/wp-json\/wp\/v2\/users\/2"}],"replies":[{"embeddable":true,"href":"https:\/\/senoticias.com.br\/se\/wp-json\/wp\/v2\/comments?post=98634"}],"version-history":[{"count":0,"href":"https:\/\/senoticias.com.br\/se\/wp-json\/wp\/v2\/posts\/98634\/revisions"}],"wp:featuredmedia":[{"embeddable":true,"href":"https:\/\/senoticias.com.br\/se\/wp-json\/wp\/v2\/media\/98635"}],"wp:attachment":[{"href":"https:\/\/senoticias.com.br\/se\/wp-json\/wp\/v2\/media?parent=98634"}],"wp:term":[{"taxonomy":"category","embeddable":true,"href":"https:\/\/senoticias.com.br\/se\/wp-json\/wp\/v2\/categories?post=98634"},{"taxonomy":"post_tag","embeddable":true,"href":"https:\/\/senoticias.com.br\/se\/wp-json\/wp\/v2\/tags?post=98634"}],"curies":[{"name":"wp","href":"https:\/\/api.w.org\/{rel}","templated":true}]}}