{"id":98633,"date":"2016-12-09T07:08:14","date_gmt":"2016-12-09T10:08:14","guid":{"rendered":"http:\/\/senoticias.com.br\/se\/?p=98633"},"modified":"2016-12-09T07:08:42","modified_gmt":"2016-12-09T10:08:42","slug":"policia-federal-realiza-operacao-contra-roubo-de-carga-e-receptacao-em-sergipe-e-mais-cinco-estados","status":"publish","type":"post","link":"https:\/\/senoticias.com.br\/se\/policia-federal-realiza-operacao-contra-roubo-de-carga-e-receptacao-em-sergipe-e-mais-cinco-estados\/","title":{"rendered":"Pol\u00edcia Federal realiza opera\u00e7\u00e3o contra roubo de carga e recepta\u00e7\u00e3o em Sergipe e mais cinco estados"},"content":{"rendered":"<p style=\"text-align: justify;\"><em>Do <a href=\"http:\/\/g1.globo.com\/se\/sergipe\/noticia\/2016\/12\/roubo-de-carga-e-receptacao-provoca-operacao-em-seis-estados.html\"><strong>G1<\/strong><\/a> SE<\/em><\/p>\n<p style=\"text-align: justify;\">A suspeita de um esquema de desvio e recepta\u00e7\u00e3o de carga provoca o cumprimento de mandados de pris\u00e3o e de busca e apreens\u00e3o em Aracaju, Cristin\u00e1polis, Itabaianinha, Umba\u00faba, Boquim, Nossa Senhora do Socorro, Est\u00e2ncia e Tobias Barreto em Sergipe. A \u2018Opera\u00e7\u00e3o Canto da Sereia\u2019 tamb\u00e9m acontece na manh\u00e3 desta sexta-feira (9) em Euclides da Cunha e Caldas do Jorro (Bahia), Porto Calvo (Alagoas), Taubat\u00e9 (S\u00e3o Paulo), Rondon\u00f3polis (Mato Grosso) e Aparecida de Goi\u00e2nia (Goi\u00e1s). O preju\u00edzo estimado pode passar dos R$ 15 milh\u00f5es.<\/p>\n<div id=\"attachment_98642\" style=\"width: 428px\" class=\"wp-caption aligncenter\"><img loading=\"lazy\" decoding=\"async\" aria-describedby=\"caption-attachment-98642\" class=\"size-full wp-image-98642\" src=\"http:\/\/senoticias.com.br\/se\/wp-content\/uploads\/2016\/12\/WhatsApp-Image-2016-12-09-at-06.52.03.jpeg\" alt=\"PF e PRF cumprem mandados em v\u00e1rias cidades (Foto: Am\u00f3s Meneses)\" width=\"418\" height=\"300\" srcset=\"https:\/\/senoticias.com.br\/se\/wp-content\/uploads\/2016\/12\/WhatsApp-Image-2016-12-09-at-06.52.03.jpeg 418w, https:\/\/senoticias.com.br\/se\/wp-content\/uploads\/2016\/12\/WhatsApp-Image-2016-12-09-at-06.52.03-300x215.jpeg 300w\" sizes=\"(max-width: 418px) 100vw, 418px\" \/><p id=\"caption-attachment-98642\" class=\"wp-caption-text\">PF e PRF cumprem mandados em v\u00e1rias cidades (Foto: Am\u00f3s Meneses)<\/p><\/div>\n<p style=\"text-align: justify;\">Mais de 300 policiais est\u00e3o cumprindo 84 ordens judiciais expedidas pela Justi\u00e7a de Sergipe, sendo 28 mandados de pris\u00e3o preventiva, 7 de pris\u00e3o tempor\u00e1ria e 49 de busca e apreens\u00e3o nos seis estados.<\/p>\n<p style=\"text-align: justify;\">De acordo com informa\u00e7\u00f5es da Pol\u00edcia Federal (PF) e da Pol\u00edcia Rodovi\u00e1ria Federal (PRF), os criminosos aliciavam motoristas para que entregassem cargas de interesse da quadrilha. A investiga\u00e7\u00e3o apontou ainda que, em alguns casos, os pr\u00f3prios motoristas ofereciam as mercadorias aos aliciadores.<\/p>\n<p style=\"text-align: justify;\">A pol\u00edcia explicou ainda que ap\u00f3s a negocia\u00e7\u00e3o, o motorista registrava ocorr\u00eancia policial como roubo em outro estado para dificultar a investiga\u00e7\u00e3o. A organiza\u00e7\u00e3o criminosa oferecia a log\u00edstica para transportar, esconder e repassar a carga roubada com receptadores que revendiam os produtos em estabelecimentos comerciais.<\/p>\n<p style=\"text-align: justify;\">Os presos em Sergipe ser\u00e3o encaminhados para a sede da Pol\u00edcia Federal em Aracaju para prestarem depoimento e depois ser\u00e3o encaminhados para o Complexo Penitenci\u00e1rio Doutor Manoel Carvalho Neto (Copemcan), em S\u00e3o Crist\u00f3v\u00e3o.<\/p>\n<p style=\"text-align: justify;\">Os autores do crime dever\u00e3o ser indiciados pelos crimes de lavagem de dinheiro, corrup\u00e7\u00e3o ativa e passiva, fraude \u00e0 licita\u00e7\u00e3o, falsa comunica\u00e7\u00e3o de crime e de forma\u00e7\u00e3o de organiza\u00e7\u00e3o criminosa. As penas culminadas podem superar 700 anos de pris\u00e3o.<\/p>\n<p style=\"text-align: justify;\"><img loading=\"lazy\" decoding=\"async\" class=\"aligncenter size-full wp-image-98507\" src=\"http:\/\/senoticias.com.br\/se\/wp-content\/uploads\/2016\/12\/Logo-fone-1-2-1.jpg\" alt=\"logo-fone-1-2-1\" width=\"599\" height=\"78\" srcset=\"https:\/\/senoticias.com.br\/se\/wp-content\/uploads\/2016\/12\/Logo-fone-1-2-1.jpg 599w, https:\/\/senoticias.com.br\/se\/wp-content\/uploads\/2016\/12\/Logo-fone-1-2-1-300x39.jpg 300w\" sizes=\"(max-width: 599px) 100vw, 599px\" \/><\/p>\n<p style=\"text-align: justify;\"><strong>Acompanhe tamb\u00e9m o SE Not\u00edcias no<\/strong><span class=\"apple-converted-space\"><b>\u00a0<\/b><\/span><strong><a href=\"https:\/\/twitter.com\/Senoticias\" target=\"_blank\">Twitter<\/a>,<\/strong><span class=\"apple-converted-space\"><b>\u00a0<\/b><\/span><strong><a href=\"https:\/\/www.facebook.com\/senoticias1\" target=\"_blank\">Facebook<span class=\"apple-converted-space\">\u00a0<\/span><\/a>e no<\/strong><span class=\"apple-converted-space\"><b>\u00a0<\/b><\/span><strong><a href=\"https:\/\/www.instagram.com\/senoticias\/\" target=\"_blank\">Instagram<\/a><\/strong><\/p>\n","protected":false},"excerpt":{"rendered":"<p>Do G1 SE A suspeita de um esquema de desvio e recepta\u00e7\u00e3o de carga provoca o cumprimento de mandados de pris\u00e3o e de busca e apreens\u00e3o em Aracaju, Cristin\u00e1polis, Itabaianinha, Umba\u00faba, Boquim, Nossa Senhora do Socorro, Est\u00e2ncia e Tobias Barreto em Sergipe. A \u2018Opera\u00e7\u00e3o Canto da Sereia\u2019 tamb\u00e9m acontece na manh\u00e3 desta sexta-feira (9) em [&hellip;]<\/p>\n","protected":false},"author":2,"featured_media":98642,"comment_status":"closed","ping_status":"closed","sticky":false,"template":"","format":"standard","meta":{"footnotes":""},"categories":[15,7],"tags":[],"class_list":{"0":"post-98633","1":"post","2":"type-post","3":"status-publish","4":"format-standard","5":"has-post-thumbnail","7":"category-destaques","8":"category-policia"},"_links":{"self":[{"href":"https:\/\/senoticias.com.br\/se\/wp-json\/wp\/v2\/posts\/98633"}],"collection":[{"href":"https:\/\/senoticias.com.br\/se\/wp-json\/wp\/v2\/posts"}],"about":[{"href":"https:\/\/senoticias.com.br\/se\/wp-json\/wp\/v2\/types\/post"}],"author":[{"embeddable":true,"href":"https:\/\/senoticias.com.br\/se\/wp-json\/wp\/v2\/users\/2"}],"replies":[{"embeddable":true,"href":"https:\/\/senoticias.com.br\/se\/wp-json\/wp\/v2\/comments?post=98633"}],"version-history":[{"count":0,"href":"https:\/\/senoticias.com.br\/se\/wp-json\/wp\/v2\/posts\/98633\/revisions"}],"wp:featuredmedia":[{"embeddable":true,"href":"https:\/\/senoticias.com.br\/se\/wp-json\/wp\/v2\/media\/98642"}],"wp:attachment":[{"href":"https:\/\/senoticias.com.br\/se\/wp-json\/wp\/v2\/media?parent=98633"}],"wp:term":[{"taxonomy":"category","embeddable":true,"href":"https:\/\/senoticias.com.br\/se\/wp-json\/wp\/v2\/categories?post=98633"},{"taxonomy":"post_tag","embeddable":true,"href":"https:\/\/senoticias.com.br\/se\/wp-json\/wp\/v2\/tags?post=98633"}],"curies":[{"name":"wp","href":"https:\/\/api.w.org\/{rel}","templated":true}]}}