{"id":98631,"date":"2016-12-08T10:56:25","date_gmt":"2016-12-08T13:56:25","guid":{"rendered":"http:\/\/senoticias.com.br\/se\/?p=98631"},"modified":"2016-12-09T07:09:37","modified_gmt":"2016-12-09T10:09:37","slug":"igrejas-celebram-dia-de-nossa-senhora-da-conceicao","status":"publish","type":"post","link":"https:\/\/senoticias.com.br\/se\/igrejas-celebram-dia-de-nossa-senhora-da-conceicao\/","title":{"rendered":"Igrejas celebram Dia de Nossa Senhora da Concei\u00e7\u00e3o"},"content":{"rendered":"<p style=\"text-align: justify;\"><em>Por Raquel Almeida*<\/em><\/p>\n<p style=\"text-align: justify;\">No dia de Nossa Senhora da Concei\u00e7\u00e3o, padroeira da capital sergipana, a catedral e a igreja do Mosqueiro, &#8211; que leva o nome da santa &#8211; far\u00e3o uma programa\u00e7\u00e3o especial. Al\u00e9m de missas com hor\u00e1rios diferenciados, as par\u00f3quias ir\u00e3o fazer prociss\u00f5es e ben\u00e7\u00e3o do sant\u00edssimo.<\/p>\n<div id=\"attachment_89908\" style=\"width: 591px\" class=\"wp-caption aligncenter\"><img loading=\"lazy\" decoding=\"async\" aria-describedby=\"caption-attachment-89908\" class=\"size-full wp-image-89908\" src=\"http:\/\/senoticias.com.br\/se\/wp-content\/uploads\/2016\/03\/SENOTICIAS-Catedral1.jpg\" alt=\"Em Aracaju, catedral e igreja do mosqueiro fazem programa\u00e7\u00e3o. (Foto: SENot\u00edcias)\" width=\"581\" height=\"872\" srcset=\"https:\/\/senoticias.com.br\/se\/wp-content\/uploads\/2016\/03\/SENOTICIAS-Catedral1.jpg 581w, https:\/\/senoticias.com.br\/se\/wp-content\/uploads\/2016\/03\/SENOTICIAS-Catedral1-199x300.jpg 199w, https:\/\/senoticias.com.br\/se\/wp-content\/uploads\/2016\/03\/SENOTICIAS-Catedral1-342x513.jpg 342w, https:\/\/senoticias.com.br\/se\/wp-content\/uploads\/2016\/03\/SENOTICIAS-Catedral1-300x450.jpg 300w\" sizes=\"(max-width: 581px) 100vw, 581px\" \/><p id=\"caption-attachment-89908\" class=\"wp-caption-text\">Em Aracaju, catedral e igreja do mosqueiro fazem programa\u00e7\u00e3o. (Foto: arquivo\/SENot\u00edcias)<\/p><\/div>\n<p style=\"text-align: justify;\">Para os cat\u00f3licos, a data ressalta o\u00a0 dogma atrav\u00e9s do qual a Igreja declarou que a concep\u00e7\u00e3o da Virgem Maria foi sem a mancha (m\u00e1cula em latim) do pecado original. Desde o primeiro instante de sua exist\u00eancia, a Virgem Maria foi preservada do pecado pela gra\u00e7a de\u00a0 Deus. Ela sempre foi cheia da gra\u00e7a divina.<\/p>\n<p><strong>Na Catedral Metropolitana de Aracaju<\/strong><\/p>\n<p style=\"text-align: justify;\">Local: Centro<\/p>\n<p style=\"text-align: justify;\">9h30 &#8211; Missa Solene celebrada pelo arcebispo Dom Jos\u00e1 Palmeira Lessa, pelo arcebispo coadjutor Dom Jo\u00e3o Jos\u00e9 e os demais padres da arquidiocese de Aracaju.<br \/>\n15h &#8211;\u00a0 Haver\u00e1 um concerto da Uni\u00e3o Filarm\u00f4nica Dom Jos\u00e1 Palmeira Lessa com a apresenta\u00e7\u00e3o do coral Sagrada Fam\u00edlia<br \/>\nLogo ap\u00f3s sai a\u00a0 prociss\u00e3o da Catedral pelas ruas do cento da cidade, voltando para a mesma igreja.<br \/>\n18h \u2013 ocorre a missa\u00a0 com a ben\u00e7\u00e3o do Sant\u00edssimo<br \/>\nEncerrando a programa\u00e7\u00e3o com um\u00a0 show pirot\u00e9cnico<\/p>\n<p><strong>Na igreja Nossa Senhora da Concei\u00e7\u00e3o<\/strong><\/p>\n<p style=\"text-align: justify;\">Local: Mosqueiro<\/p>\n<p style=\"text-align: justify;\">05h \u2013 Alvorada festiva, Of\u00edcio da Imaculada Concei\u00e7\u00e3o e Caf\u00e9 da Manh\u00e3 Comunit\u00e1rio.<br \/>\n09h30 \u2013 Solene Celebra\u00e7\u00e3o Eucar\u00edstica presidida pelo Revmo. Padre Clebson Ferreira, P\u00e1roco da Catedral Diocese de Propri\u00e1<br \/>\n16h \u2013 Prociss\u00e3o e Ben\u00e7\u00e3o do Sant\u00edssimo Sacramento, presidida pelo Revmo. Padre Deivide Cerqueira (Diocese de Propri\u00e1).<\/p>\n<p style=\"text-align: justify;\"><em>Temos conhecimento de outras igrejas no Estado que far\u00e3o programa\u00e7\u00e3o festiva e nos colocamos \u00e0 disposi\u00e7\u00e3o para divulg\u00e1-la. Favor enviar informa\u00e7\u00f5es para o email jornalismo@infonet.com.br.<\/em><\/p>\n<p><em>Por Raquel Almeida, do<a href=\"http:\/\/www.infonet.com.br\/noticias\/cultura\/ler.asp?id=194224\"><strong> portal Infonet<\/strong><\/a><\/em><\/p>\n<p><img loading=\"lazy\" decoding=\"async\" class=\"aligncenter size-full wp-image-98507\" src=\"http:\/\/senoticias.com.br\/se\/wp-content\/uploads\/2016\/12\/Logo-fone-1-2-1.jpg\" alt=\"logo-fone-1-2-1\" width=\"599\" height=\"78\" srcset=\"https:\/\/senoticias.com.br\/se\/wp-content\/uploads\/2016\/12\/Logo-fone-1-2-1.jpg 599w, https:\/\/senoticias.com.br\/se\/wp-content\/uploads\/2016\/12\/Logo-fone-1-2-1-300x39.jpg 300w\" sizes=\"(max-width: 599px) 100vw, 599px\" \/><\/p>\n<p><strong>Acompanhe tamb\u00e9m o SE Not\u00edcias no<\/strong><strong>\u00a0<\/strong><strong><a href=\"https:\/\/twitter.com\/Senoticias\">Twitter<\/a>,<\/strong><strong>\u00a0<\/strong><strong><a href=\"https:\/\/www.facebook.com\/senoticias1\">Facebook\u00a0<\/a>e no<\/strong><strong>\u00a0<\/strong><strong><a href=\"https:\/\/www.instagram.com\/senoticias\/\">Instagram<\/a><\/strong><\/p>\n","protected":false},"excerpt":{"rendered":"<p>Por Raquel Almeida* No dia de Nossa Senhora da Concei\u00e7\u00e3o, padroeira da capital sergipana, a catedral e a igreja do Mosqueiro, &#8211; que leva o nome da santa &#8211; far\u00e3o uma programa\u00e7\u00e3o especial. Al\u00e9m de missas com hor\u00e1rios diferenciados, as par\u00f3quias ir\u00e3o fazer prociss\u00f5es e ben\u00e7\u00e3o do sant\u00edssimo. Para os cat\u00f3licos, a data ressalta o\u00a0 [&hellip;]<\/p>\n","protected":false},"author":2,"featured_media":89908,"comment_status":"closed","ping_status":"closed","sticky":false,"template":"","format":"standard","meta":{"footnotes":""},"categories":[46],"tags":[],"class_list":{"0":"post-98631","1":"post","2":"type-post","3":"status-publish","4":"format-standard","5":"has-post-thumbnail","7":"category-religiao"},"_links":{"self":[{"href":"https:\/\/senoticias.com.br\/se\/wp-json\/wp\/v2\/posts\/98631"}],"collection":[{"href":"https:\/\/senoticias.com.br\/se\/wp-json\/wp\/v2\/posts"}],"about":[{"href":"https:\/\/senoticias.com.br\/se\/wp-json\/wp\/v2\/types\/post"}],"author":[{"embeddable":true,"href":"https:\/\/senoticias.com.br\/se\/wp-json\/wp\/v2\/users\/2"}],"replies":[{"embeddable":true,"href":"https:\/\/senoticias.com.br\/se\/wp-json\/wp\/v2\/comments?post=98631"}],"version-history":[{"count":0,"href":"https:\/\/senoticias.com.br\/se\/wp-json\/wp\/v2\/posts\/98631\/revisions"}],"wp:featuredmedia":[{"embeddable":true,"href":"https:\/\/senoticias.com.br\/se\/wp-json\/wp\/v2\/media\/89908"}],"wp:attachment":[{"href":"https:\/\/senoticias.com.br\/se\/wp-json\/wp\/v2\/media?parent=98631"}],"wp:term":[{"taxonomy":"category","embeddable":true,"href":"https:\/\/senoticias.com.br\/se\/wp-json\/wp\/v2\/categories?post=98631"},{"taxonomy":"post_tag","embeddable":true,"href":"https:\/\/senoticias.com.br\/se\/wp-json\/wp\/v2\/tags?post=98631"}],"curies":[{"name":"wp","href":"https:\/\/api.w.org\/{rel}","templated":true}]}}