{"id":98626,"date":"2016-12-08T10:12:43","date_gmt":"2016-12-08T13:12:43","guid":{"rendered":"http:\/\/senoticias.com.br\/se\/?p=98626"},"modified":"2016-12-11T07:59:47","modified_gmt":"2016-12-11T10:59:47","slug":"veja-simulacoes-da-aposentadoria-caso-mudancas-sejam-aprovadas","status":"publish","type":"post","link":"https:\/\/senoticias.com.br\/se\/veja-simulacoes-da-aposentadoria-caso-mudancas-sejam-aprovadas\/","title":{"rendered":"Veja simula\u00e7\u00f5es da aposentadoria caso mudan\u00e7as sejam aprovadas"},"content":{"rendered":"<p>Simula\u00e7\u00f5es feitas a pedido do<strong> G1<\/strong> mostram que trabalhadores que est\u00e3o hoje no mercado de trabalho e fora da regra de transi\u00e7\u00e3o prevista na proposta, ou seja homens com menos de 50 anos e mulheres com menos de 45 anos, ter\u00e3o que trabalhar at\u00e9 mais do que o dobro do tempo exigido pelas regras atuais para ter direito \u00e0 aposentadoria integral.<\/p>\n<div class=\"mc-column content-text active-extra-styles\" data-block-type=\"unstyled\">\n<p class=\"content-text__container \" data-track-category=\"Link no Texto\" data-track-links=\"\">O objetivo do governo ao propor uma reforma da Previd\u00eancia \u00e9 tentar manter a sustentabilidade das contas p\u00fablicas, diante de um d\u00e9ficit crescente do sistema previdenci\u00e1rio brasileiro \u2013 que resulta de regras atuais mais ben\u00e9ficas do que no resto do mundo, de um envelhecimento da popula\u00e7\u00e3o brasileira e de queda na taxa de natalidade no pa\u00eds.<\/p>\n<\/div>\n<div class=\"mc-column content-text active-extra-styles\" data-block-type=\"unstyled\">\n<p class=\"content-text__container \" data-track-category=\"Link no Texto\" data-track-links=\"\">A proposta de reforma da Previd\u00eancia visa evitar um crescimento ainda maior, no futuro, do rombo da Previd\u00eancia Social &#8211; cuja previs\u00e3o \u00e9 de R$ 230 bilh\u00f5es para 2017, englobando trabalhadores do setor privado, p\u00fablico e as pens\u00f5es de militares, o equivalente a 3,46% do PIB. Os n\u00fameros constam na proposta de or\u00e7amento do ano que vem.<\/p>\n<p>No caso das mulheres, o impacto da mudan\u00e7a ser\u00e1 maior, uma vez que a proposta iguala as regras e acaba com a f\u00f3rmula 85\/95 atual, que oferece um abatimento de cerca de 10 anos em rela\u00e7\u00e3o aos homens. Uma trabalhadora hoje com 30 anos, por exemplo, que contava com a aposentadoria integral quando completasse 65 anos, agora teria que trabalhar at\u00e9 os 73 anos para ter direito ao mesmo valor de benef\u00edcios.<\/p>\n<p>Veja simula\u00e7\u00f5es mais abaixo<\/p>\n<div class=\"mc-column content-text active-extra-styles\" data-block-type=\"unstyled\">\n<p class=\"content-text__container \" style=\"text-align: justify;\" data-track-category=\"Link no Texto\" data-track-links=\"\">\u201cMulheres e professores com menos de 45 anos e homem com menos de 50 anos v\u00e3o se aposentar mais tarde e com valores menores pois ser\u00e1 extremamente dif\u00edcil preencher 49 anos de contribui\u00e7\u00e3o para buscar a aposentadoria integral&#8221;, afirma o especialista em direito previdenci\u00e1rio Jo\u00e3o Badari, s\u00f3cio do escrit\u00f3rio Aith, Badari e Luchin Advogados.<\/p>\n<\/div>\n<div class=\"mc-column content-text active-extra-styles\" data-block-type=\"unstyled\">\n<p class=\"content-text__container \" style=\"text-align: justify;\" data-track-category=\"Link no Texto\" data-track-links=\"\">Pela texto da reforma, a idade m\u00ednima de 65 anos s\u00f3 garantira aposentadoria integral para quem tiver come\u00e7ado a trabalhar aos 16 anos, e isso se n\u00e3o tiver ocorrido durante o per\u00edodo nenhuma interrup\u00e7\u00e3o nas contribui\u00e7\u00f5es, seja por desemprego seja por afastamento. Para aqueles que entraram no mercado de trabalho s\u00f3 depois de formado, aos 23-25 anos, a aposentadoria sem descontos s\u00f3 chegar\u00e1 ap\u00f3s os 70 anos.<img loading=\"lazy\" decoding=\"async\" class=\"aligncenter size-full wp-image-98627\" src=\"http:\/\/senoticias.com.br\/se\/wp-content\/uploads\/2016\/12\/tabela-aposentadoria-SE-Noticias-e1481202594112.jpg\" alt=\"tabela-aposentadoria-se-noticias\" width=\"599\" height=\"788\" \/><\/p>\n<p>Na vis\u00e3o dos especialistas em direito previd\u00eanci\u00e1rio, ser\u00e3o poucos os que conseguir\u00e3o requerer a aposentadoria integral, seja pela dificuldade de se manter no mercado de trabalho ap\u00f3s os 70 anos ou por necessidade de antecipa\u00e7\u00e3o do benef\u00edcio.<\/p>\n<p style=\"text-align: justify;\">&#8220;Se hoje j\u00e1 \u00e9 dif\u00edcil, pra frente ser\u00e1 mais ainda. Hoje a maioria das pessoas trabalha 35 anos e se aposenta. Nunca tive um cliente que tivesse 49 anos de contribui\u00e7\u00e3o. O m\u00e1ximo que eu tive foi um de 43 anos&#8221;, diz a advogada Jane Berwager, presidente do Instituto Brasileiro de Direito Previdenci\u00e1rio (IBDP).<\/p>\n<p style=\"text-align: justify;\"><strong>Aposentadoria cerca de 10% menor<\/strong><\/p>\n<p style=\"text-align: justify;\">Pelos c\u00e1lculos dos consultores, se a aposentadoria foi requerida ao completar 65 anos o valor ficar\u00e1 cerca de 10% abaixo do benef\u00edcio integral, garantido s\u00f3 mediante 49 anos de contribui\u00e7\u00e3o.<\/p>\n<p style=\"text-align: justify;\">Ainda que o valor da aposentadoria fique menor para quem n\u00e3o cumpra os 49 anos de contribui\u00e7\u00e3o, as simula\u00e7\u00f5es mostram que, dependendo do caso, sobretudo para as mulheres, n\u00e3o ser\u00e1 muita vantagem continuar trabalhando ap\u00f3s os 65 anos.<\/p>\n<p style=\"text-align: justify;\">&#8220;A mulher precisar\u00e1 muito mais tempo que o homem para chegar ao integral. Com 25 anos de contribui\u00e7\u00e3o, ela ter\u00e1 direito a 76% [do benef\u00edcio], para chegar aos 100% ela ter\u00e1 que ter mais 24 anos. \u00c9 muito tempo, n\u00e3o valer\u00e1 a pena&#8221;, explica a presidente do IBDP.<\/p>\n<p style=\"text-align: justify;\">Para ela, a proposta de reforma \u00e9 &#8220;muito dura&#8221; e ainda mais penosa para as mulheres. &#8220;As mulheres hoje se aposentam mais por idade do que por tempo de contribui\u00e7\u00e3o. Deveria ser mantida uma diferen\u00e7a na regra para mulheres, considerando a dupla jornada e que elas s\u00e3o mais afetadas pelo mercado de trabalho&#8221;, completa.<br \/>\nSegundo o secret\u00e1rio de Previd\u00eancia Social, Marcelo Caetano, regras de transi\u00e7\u00e3o mais longas ou nova f\u00f3rmula de c\u00e1lculo apenas para os novos ingressantes no mercado de trabalho limitariam o impacto da reforma da Previd\u00eancia e a capacidade de garantir a sustentabilidade do INSS.<\/p>\n<p style=\"text-align: justify;\">&#8220;Se as regras novas s\u00f3 vierem a ser aplicadas \u00e0s pessoas que venham a ingressar, s\u00f3 vamos come\u00e7ar a sentir o impacto da reforma daqui a 30, 40 anos. E at\u00e9 l\u00e1 o gasto vai estar muito elevado e n\u00e3o vai ter como pagar&#8221;, disse o secret\u00e1rio.<\/p>\n<p style=\"text-align: justify;\">Durante a apresenta\u00e7\u00e3o da proposta \u00e0 base aliada na \u00faltima segunda-feira, o presidente Michel Temer apresentou dados sobre envelhecimento da popula\u00e7\u00e3o e peso da Previd\u00eancia nas contas p\u00fablicas para justificar a reforma. &#8220;Chega de pequenas reformas. Ou enfrentamos de frente [a necessidade de reformar a Previd\u00eancia] ou iremos condenar os aposentados a bater nas portas do Poder P\u00fablico e nada receberem [no futuro]&#8221;, declarou o presidente.<\/p>\n<p style=\"text-align: justify;\">Atualmente uma em cada 10 pessoas \u00e9 idosa no Brasil e, em 2060, a estimativa \u00e9 que a popula\u00e7\u00e3o brasileira ter\u00e1 um idoso para cada tr\u00eas pessoas. &#8220;\u00c9 uma situa\u00e7\u00e3o cada mais dif\u00edcil de pagar a conta dos aposentados. Todos os meses o regime geral paga cerca de 29 milh\u00f5es de benef\u00edcios, equivalentes a R$ 34 bilh\u00f5es por m\u00eas&#8221;, afirmou Henrique Meirelles, ministro da Fazenda, na segunda-feira.<\/p>\n<div class=\"mc-column content-text active-extra-styles\" style=\"text-align: justify;\" data-block-type=\"unstyled\">\n<p class=\"content-text__container \" data-track-category=\"Link no Texto\" data-track-links=\"\"><em>Veja abaixo simula\u00e7\u00f5es do tempo necess\u00e1rio para ter direito \u00e0 aposentadoria integral pelas regras atuais e caso a proposta da reforma da Previd\u00eancia for aprovada:<\/em><\/p>\n<\/div>\n<div class=\"mc-column content-text active-extra-styles\" data-block-type=\"unstyled\">\n<p class=\"content-text__container \" style=\"text-align: justify;\" data-track-category=\"Link no Texto\" data-track-links=\"\"><strong>EXEMPLO 1<\/strong><br \/>\nMulher, 30 anos<br \/>\nTempo atual de contribui\u00e7\u00e3o: 6 anos<br \/>\nValor integral do benef\u00edcio pela renda m\u00e9dia: R$ 2.000<\/p>\n<\/div>\n<div class=\"mc-column content-text active-extra-styles\" data-block-type=\"unstyled\">\n<p class=\"content-text__container \" data-track-category=\"Link no Texto\" data-track-links=\"\"><strong>Quanto tempo ainda precisaria trabalhar para obter a aposentadoria integral hoje?<br \/>\n<\/strong>+25 anos (ela ter\u00e1 65 anos de idade )<br \/>\n<strong>E com a reforma?<\/strong><br \/>\n+43 anos (ela teria 73 anos de idade)<br \/>\n<strong>Quanto receberia ao completar a idade m\u00ednima de 65 anos?<\/strong><br \/>\nR$ 1.840, ou 8% menos<\/p>\n<\/div>\n<div class=\"mc-column content-text active-extra-styles\" data-block-type=\"unstyled\">\n<p class=\"content-text__container \" data-track-category=\"Link no Texto\" data-track-links=\"\"><strong>EXEMPLO 2<\/strong><br \/>\nMulher, 40 anos de idade<br \/>\nTempo atual de contribui\u00e7\u00e3o: 16 anos<br \/>\nValor integral do benef\u00edcio pela renda m\u00e9dia: R$ 1.500<\/p>\n<\/div>\n<div class=\"mc-column content-text active-extra-styles\" data-block-type=\"unstyled\">\n<p class=\"content-text__container \" data-track-category=\"Link no Texto\" data-track-links=\"\"><strong>Quanto tempo ainda precisaria trabalhar para obter a aposentadoria integral hoje?<\/strong><br \/>\n+15 anos (ela ter\u00e1 55 anos)<br \/>\n<strong>E com a reforma?<\/strong><br \/>\n+33 anos (ela teria 73 anos)<br \/>\n<strong>Quanto receberia ao completar a idade m\u00ednima de 65 anos?<\/strong><br \/>\nR$ 1.380, ou 8% a menos<\/p>\n<\/div>\n<div class=\"mc-column content-text active-extra-styles\" data-block-type=\"unstyled\">\n<p class=\"content-text__container \" data-track-category=\"Link no Texto\" data-track-links=\"\"><strong>EXEMPLO 3<br \/>\n<\/strong>Homem, 58 anos<br \/>\nTempo atual de contribui\u00e7\u00e3o: 36 anos<br \/>\n<strong><br \/>\nQuanto tempo ainda precisaria trabalhar para obter a aposentadoria integral hoje?<br \/>\n<\/strong>1 ano (ele ter\u00e1 59 anos)<strong><br \/>\nE para receber a aposentadoria integral com a reforma?<br \/>\n<\/strong>+13 anos (ele teria 71 anos e 49 de contribui\u00e7\u00e3o)<\/p>\n<\/div>\n<div class=\"mc-column content-text active-extra-styles\" data-block-type=\"unstyled\">\n<p class=\"content-text__container \" data-track-category=\"Link no Texto\" data-track-links=\"\"><strong>EXEMPLO 4<\/strong><br \/>\nHomem, 30 anos de idade<br \/>\nTempo atual de contribui\u00e7\u00e3o: 6 anos<br \/>\nValor integral do benef\u00edcio pela renda m\u00e9dia: R$ 2.500<\/p>\n<\/div>\n<div class=\"mc-column content-text active-extra-styles\" data-block-type=\"unstyled\">\n<p class=\"content-text__container \" data-track-category=\"Link no Texto\" data-track-links=\"\"><strong>Quanto tempo ainda precisaria trabalhar para obter a aposentadoria integral hoje?<\/strong><br \/>\n+29 anos (ele ter\u00e1 59 anos)<br \/>\n<strong>E com a reforma?<\/strong><br \/>\n+43 anos (ele teria 73 anos)<br \/>\n<strong>Quanto receberia ao completar a idade m\u00ednima de 65 anos?<\/strong><br \/>\nR$ 2.300, ou 8% a menos<\/p>\n<\/div>\n<div class=\"mc-column content-text active-extra-styles\" data-block-type=\"unstyled\">\n<p class=\"content-text__container \" data-track-category=\"Link no Texto\" data-track-links=\"\"><strong>EXEMPLO 5<\/strong><br \/>\nHomem, 40 anos de idade<br \/>\nTempo atual de contribui\u00e7\u00e3o: 16 anos<br \/>\nValor integral do benef\u00edcio pela renda m\u00e9dia: R$ 3.000<\/p>\n<p><strong>Quanto tempo ainda precisaria trabalhar para obter a aposentadoria integral hoje?<\/strong><br \/>\n+19 anos (ele ter\u00e1 59 anos)<br \/>\n<strong>E com a reforma?<\/strong><br \/>\n+ 33 anos (ele teria 73 anos)<br \/>\n<strong>Quanto receberia ao completar a idade m\u00ednima de 65 anos?<\/strong><br \/>\nR$ 2.760, ou 8% menos<\/p>\n<\/div>\n<div class=\"mc-column content-text active-extra-styles\" data-block-type=\"unstyled\">\n<p class=\"content-text__container \" data-track-category=\"Link no Texto\" data-track-links=\"\"><strong>EXEMPLO 6<\/strong><br \/>\nHomem, 30 anos de idade<br \/>\nValor integral do benef\u00edcio pela renda m\u00e9dia: R$ 5.000<br \/>\nTempo de contribui\u00e7\u00e3o: 10 anos<\/p>\n<\/div>\n<div class=\"mc-column content-text active-extra-styles\" data-block-type=\"unstyled\">\n<p class=\"content-text__container \" data-track-category=\"Link no Texto\" data-track-links=\"\"><strong>Quanto tempo ainda precisaria trabalhar para completar o tempo m\u00ednimo? <\/strong><br \/>\n+ 35 anos (ele ter\u00e1 65 anos)<br \/>\n<strong>E com a reforma?<\/strong><br \/>\n+ 39 anos (ele teria 69 anos de idade)<br \/>\n<strong>Quanto receberia ao completar a idade m\u00ednima de 65 anos?<\/strong><br \/>\nR$ 4.550, ou 9% a menos.<\/p>\n<\/div>\n<div class=\"mc-column content-text active-extra-styles\" data-block-type=\"unstyled\">\n<p class=\"content-text__container \" data-track-category=\"Link no Texto\" data-track-links=\"\"><strong>EXEMPLO 7<\/strong><br \/>\nHomem, 45 anos de idade<br \/>\nTempo atual de contribui\u00e7\u00e3o: 25 anos<br \/>\nValor integral do benef\u00edcio pela renda m\u00e9dia: R$ 5.000<\/p>\n<\/div>\n<div class=\"mc-column content-text active-extra-styles\" data-block-type=\"unstyled\">\n<p class=\"content-text__container \" data-track-category=\"Link no Texto\" data-track-links=\"\"><strong>Quanto tempo ainda precisaria trabalhar para obter a aposentadoria integral hoje? <\/strong><br \/>\n+12,5 anos (ele ter\u00e1 57,5 anos)<br \/>\n<strong>E com a reforma? <\/strong><br \/>\n+24 anos (ele teria 69 anos)<br \/>\n<strong>Quanto receberia ao completar a idade m\u00ednima de 65 anos?<\/strong><br \/>\nR$ 4.800, ou 4% a menos<\/p>\n<\/div>\n<div class=\"mc-column content-text active-extra-styles\" data-block-type=\"unstyled\">\n<p class=\"content-text__container \" data-track-category=\"Link no Texto\" data-track-links=\"\"><strong>EXEMPLO 8<\/strong><br \/>\nMulher, 38 anos de idade<br \/>\nTempo atual de contribui\u00e7\u00e3o: 20 anos<br \/>\nValor integral do benef\u00edcio pela renda m\u00e9dia: R$ 4.000<\/p>\n<\/div>\n<div class=\"mc-column content-text active-extra-styles\" data-block-type=\"unstyled\">\n<p class=\"content-text__container \" data-track-category=\"Link no Texto\" data-track-links=\"\"><strong>Quanto tempo ainda precisaria trabalhar para obter a aposentadoria integral hoje?<\/strong><br \/>\n+17 anos (ela ter\u00e1 55 anos)<br \/>\n<strong>E com a reforma?<\/strong><br \/>\n+ 29 anos (ela teria 67 anos)<br \/>\n<strong>Quanto receberia ao completar a idade m\u00ednima de 65 anos?<\/strong><br \/>\nR$ 3.920, ou 2% menos<\/p>\n<\/div>\n<div class=\"mc-column content-text active-extra-styles\" data-block-type=\"unstyled\">\n<p class=\"content-text__container \" style=\"text-align: justify;\" data-track-category=\"Link no Texto\" data-track-links=\"\"><em>* Fonte: Jo\u00e3o Badari, advogado especialista em Direito Previdenci\u00e1rio e Adriane Bramante, vice-presidente do Instituto Brasileiro de Direito Previdenci\u00e1rio (IBDP).<\/em><\/p>\n<\/div>\n<div class=\"mc-column content-text active-extra-styles\" style=\"text-align: justify;\" data-block-type=\"unstyled\">\n<p class=\"content-text__container \" data-track-category=\"Link no Texto\" data-track-links=\"\"><em>** C\u00e1lculos levaram em considera\u00e7\u00e3o a f\u00f3rmula vigente 85\/95. Se for considerada a f\u00f3rmula 90\/100 (prevista para a partir de 2026), deve-se acrescentar 2,5 anos a mais de contribui\u00e7\u00e3o em cada simila\u00e7\u00e3o<\/em><\/p>\n<\/div>\n<div class=\"mc-column content-text active-extra-styles\" data-block-type=\"unstyled\">\n<p class=\"content-text__container \" style=\"text-align: justify;\" data-track-category=\"Link no Texto\" data-track-links=\"\"><em>*** Os advogados destacam que essas s\u00e3o apenas simula\u00e7\u00f5es e que outros fatores podem influenciar no c\u00e1lculo individual de cada aposentadoria<img loading=\"lazy\" decoding=\"async\" class=\"aligncenter size-full wp-image-98628\" src=\"http:\/\/senoticias.com.br\/se\/wp-content\/uploads\/2016\/12\/regras-atuais-da-aposentadoria-SE-noticias-e1481202677999.jpg\" alt=\"regras-atuais-da-aposentadoria-se-noticias\" width=\"599\" height=\"925\" \/><\/em><\/p>\n<p class=\"content-text__container \" style=\"text-align: justify;\" data-track-category=\"Link no Texto\" data-track-links=\"\"><strong><em>Por Darlan Alvarenga, <a href=\"http:\/\/g1.globo.com\/economia\/noticia\/com-reforma-brasileiro-vai-se-aposentar-mais-tarde-e-receber-menos.ghtml\">G1<\/a><\/em><\/strong><\/p>\n<p class=\"content-text__container \" style=\"text-align: justify;\" data-track-category=\"Link no Texto\" data-track-links=\"\"><img loading=\"lazy\" decoding=\"async\" class=\"aligncenter size-full wp-image-98507\" src=\"http:\/\/senoticias.com.br\/se\/wp-content\/uploads\/2016\/12\/Logo-fone-1-2-1.jpg\" alt=\"logo-fone-1-2-1\" width=\"599\" height=\"78\" srcset=\"https:\/\/senoticias.com.br\/se\/wp-content\/uploads\/2016\/12\/Logo-fone-1-2-1.jpg 599w, https:\/\/senoticias.com.br\/se\/wp-content\/uploads\/2016\/12\/Logo-fone-1-2-1-300x39.jpg 300w\" sizes=\"(max-width: 599px) 100vw, 599px\" \/><\/p>\n<p class=\"content-text__container \" style=\"text-align: justify;\" data-track-category=\"Link no Texto\" data-track-links=\"\"><em><strong>Acompanhe tamb\u00e9m o SE Not\u00edcias no<\/strong><span class=\"apple-converted-space\"><b>\u00a0<\/b><\/span><strong><a href=\"https:\/\/twitter.com\/Senoticias\" target=\"_blank\">Twitter<\/a>,<\/strong><span class=\"apple-converted-space\"><b>\u00a0<\/b><\/span><strong><a href=\"https:\/\/www.facebook.com\/senoticias1\" target=\"_blank\">Facebook<span class=\"apple-converted-space\">\u00a0<\/span><\/a>e no<\/strong><span class=\"apple-converted-space\"><b>\u00a0<\/b><\/span><strong><a href=\"https:\/\/www.instagram.com\/senoticias\/\" target=\"_blank\">Instagram<\/a><\/strong><\/em><\/p>\n<\/div>\n<\/div>\n<\/div>\n","protected":false},"excerpt":{"rendered":"<p>Simula\u00e7\u00f5es feitas a pedido do G1 mostram que trabalhadores que est\u00e3o hoje no mercado de trabalho e fora da regra de transi\u00e7\u00e3o prevista na proposta, ou seja homens com menos de 50 anos e mulheres com menos de 45 anos, ter\u00e3o que trabalhar at\u00e9 mais do que o dobro do tempo exigido pelas regras atuais [&hellip;]<\/p>\n","protected":false},"author":2,"featured_media":98627,"comment_status":"closed","ping_status":"closed","sticky":false,"template":"","format":"standard","meta":{"footnotes":""},"categories":[15,6],"tags":[],"class_list":{"0":"post-98626","1":"post","2":"type-post","3":"status-publish","4":"format-standard","5":"has-post-thumbnail","7":"category-destaques","8":"category-politica"},"_links":{"self":[{"href":"https:\/\/senoticias.com.br\/se\/wp-json\/wp\/v2\/posts\/98626"}],"collection":[{"href":"https:\/\/senoticias.com.br\/se\/wp-json\/wp\/v2\/posts"}],"about":[{"href":"https:\/\/senoticias.com.br\/se\/wp-json\/wp\/v2\/types\/post"}],"author":[{"embeddable":true,"href":"https:\/\/senoticias.com.br\/se\/wp-json\/wp\/v2\/users\/2"}],"replies":[{"embeddable":true,"href":"https:\/\/senoticias.com.br\/se\/wp-json\/wp\/v2\/comments?post=98626"}],"version-history":[{"count":0,"href":"https:\/\/senoticias.com.br\/se\/wp-json\/wp\/v2\/posts\/98626\/revisions"}],"wp:featuredmedia":[{"embeddable":true,"href":"https:\/\/senoticias.com.br\/se\/wp-json\/wp\/v2\/media\/98627"}],"wp:attachment":[{"href":"https:\/\/senoticias.com.br\/se\/wp-json\/wp\/v2\/media?parent=98626"}],"wp:term":[{"taxonomy":"category","embeddable":true,"href":"https:\/\/senoticias.com.br\/se\/wp-json\/wp\/v2\/categories?post=98626"},{"taxonomy":"post_tag","embeddable":true,"href":"https:\/\/senoticias.com.br\/se\/wp-json\/wp\/v2\/tags?post=98626"}],"curies":[{"name":"wp","href":"https:\/\/api.w.org\/{rel}","templated":true}]}}