{"id":98624,"date":"2016-12-07T23:43:49","date_gmt":"2016-12-08T02:43:49","guid":{"rendered":"http:\/\/senoticias.com.br\/se\/?p=98624"},"modified":"2016-12-09T07:31:34","modified_gmt":"2016-12-09T10:31:34","slug":"e-penta-gremio-empata-com-o-atletico-mg-e-fatura-o-titulo-da-copa-do-brasil","status":"publish","type":"post","link":"https:\/\/senoticias.com.br\/se\/e-penta-gremio-empata-com-o-atletico-mg-e-fatura-o-titulo-da-copa-do-brasil\/","title":{"rendered":"\u00c9 penta! Gr\u00eamio empata com o Atl\u00e9tico-MG e fatura o t\u00edtulo da Copa do Brasil"},"content":{"rendered":"<p style=\"text-align: justify;\"><em><strong><span class=\"city\">por <a href=\"http:\/\/www.gazetaesportiva.com\/gremio\/gremio-segura-o-galo-leva-a-copa-do-brasil-e-encerra-jejum-de-15-anos\/#5\">Gazeta Esportiva<\/a>, em S\u00e3o Paulo<\/span>, <span class=\"state\">SP<\/span><\/strong><\/em><\/p>\n<p style=\"text-align: justify;\">O Gr\u00eamio, enfim, voltou a transcender as fronteiras do Rio Grande do Sul. Na noite desta quarta-feira, em Porto Alegre, o Tricolor ga\u00facho superou um trauma de sua torcida, que n\u00e3o comemorava um t\u00edtulo de express\u00e3o nacional h\u00e1 15 anos, ao empatar em 1 a 1 com o Atl\u00e9tico-MG\u00a0e conquistar a Copa do Brasil pela quinta vez em sua hist\u00f3ria.<\/p>\n<div id=\"attachment_98625\" style=\"width: 609px\" class=\"wp-caption aligncenter\"><img loading=\"lazy\" decoding=\"async\" aria-describedby=\"caption-attachment-98625\" class=\"size-full wp-image-98625\" src=\"http:\/\/senoticias.com.br\/se\/wp-content\/uploads\/2016\/12\/Gremio-Campeao-SE-Noticias-e1481164883981.jpg\" alt=\"O Gr\u00eamio segurou o Atl\u00e9tico-MG em casa e voltou a conquistar um t\u00edtulo nacional ap\u00f3s 15 anos (Foto: Jefferson Bernardes\/ AFP)\" width=\"599\" height=\"400\" \/><p id=\"caption-attachment-98625\" class=\"wp-caption-text\">O Gr\u00eamio segurou o Atl\u00e9tico-MG em casa e voltou a conquistar um t\u00edtulo nacional ap\u00f3s 15 anos (Foto: Jefferson Bernardes\/ AFP)<\/p><\/div>\n<p style=\"text-align: justify;\">O t\u00e9cnico Renato Portaluppi cumpriu sua palavra e n\u00e3o deixou o t\u00edtulo escapar para o Galo, a quem seus comandados superaram na primeira final, em pleno Mineir\u00e3o, por 3 a 1. A partida\u00a0frente \u00e0 agremia\u00e7\u00e3o de Belo Horizonte\u00a0foi a primeira do futebol brasileiro\u00a0ap\u00f3s o fat\u00eddico acidente a\u00e9reo que vitimou 19 jogadores da Chapecoense, homenageada antes e durante o duelo.<\/p>\n<p style=\"text-align: justify;\">Prontos para o que der e vier, os ga\u00fachos tiveram o tradicional esp\u00edrito copeiro e administraram a vantagem para garantir a ta\u00e7a. Com o resultado, o Gr\u00eamio at\u00e9 a p\u00e9 ir\u00e1 disputar a Copa Libertadores da Am\u00e9rica de 2017.<\/p>\n<p style=\"text-align: justify;\">O atacante Miller Bola\u00f1os soube seu nome elevar para fazer o gol que confirmou o t\u00edtulo que n\u00e3o acontecia desde 2001, quando Tite era o treinador de uma equipe que tinha em Marcelinho Para\u00edba e Zinho seus grandes destaques. O tamb\u00e9m equatoriano Juan Cazares empatou no fim, mas n\u00e3o foi o suficiente para evitar a festa gremista.<\/p>\n<p style=\"text-align: justify;\">O imortal tricolor fatura o maior mata-mata nacional com x vit\u00f3rias, x empates e apenas uma derrota. Tal campanha, no entanto, poderia n\u00e3o ter acontecido se n\u00e3o fosse a chegada de Renato Ga\u00facho, que estreou em sua terceira passagem pelo clube porto-alegrense com uma emocionante vit\u00f3ria nos p\u00eanaltis sobre o Atl\u00e9tico-PR nas oitavas de final.<\/p>\n<p style=\"text-align: justify;\">Sem o peso de um jejum de 15 anos nas costas, o Gr\u00eamio se despede do hist\u00f3rico ano de 2016 no pr\u00f3ximo domingo, quando recebe o Botafogo, \u00e0s 17 horas (de Bras\u00edlia), pela 38\u00aa e \u00faltima rodada do Campeonato Brasileiro. O Atl\u00e9tico-MG, tamb\u00e9m classificado \u00e0 pr\u00f3xima edi\u00e7\u00e3o da Libertadores, j\u00e1 entra de f\u00e9rias, uma vez que se recusou a enfrentar a Chapecoense em fun\u00e7\u00e3o da trag\u00e9dia que envolveu a equipe catarinense.<\/p>\n<p style=\"text-align: justify;\">Com o Gr\u00eamio onde o Gr\u00eamio estiver, 55.337 mil torcedores lotaram a Arena \u2013 que teve recorde de p\u00fablico \u2013 para empurrar o Tricolor rumo ao pentacampeonato. Mas foi o Atl\u00e9tico quem teve a primeira chance de gol. Aos tr\u00eas minutos, F\u00e1bio Santos fez bom cruzamento na esquerda, J\u00fanior Urso subiu mais alto do que a zaga ga\u00facho e testou por cima, com perigo.<\/p>\n<p style=\"text-align: justify;\">Jogando com o regulamento debaixo do bra\u00e7o, o Tricolor come\u00e7ou acuado, mas permitindo a aproxima\u00e7\u00e3o do Galo em sua \u00e1rea. Tanto que Lucas Pratto e Luan arriscaram de longe e assustaram o goleiro Marcelo Grohe ainda antes dos primeiros 15 minutos.<\/p>\n<p>Ciente do perigo de jogar \u00e0 espera do advers\u00e1rio, o Gr\u00eamio adiantou suas linhas e ensaiou certa press\u00e3o. No entanto, o time de Belo Horizonte continuou perigoso. Aos 29, F\u00e1bio Santos novamente apareceu bem pela esquerda e cruzou na \u00e1rea. Robinho venceu a marca\u00e7\u00e3o e cabeceou \u00e0 direita da meta ga\u00facha, pr\u00f3ximo \u00e0 trave.<\/p>\n<p style=\"text-align: justify;\">Apesar de ter adotado um esquema mais cauteloso, o Tricolor ga\u00facho foi o dono da melhor oportunidade de abrir o placar no primeiro tempo. Aos 40 minutos, Douglas dominou no meio, ajeitou a bola e deu um lindo toque de calcanhar, deixando Everton na cara de Victor. O atacante, por\u00e9m, bateu fraco e o arqueiro caiu bem para fazer a defesa, garantindo o empate sem gols antes do intervalo.<\/p>\n<p><strong>Equatorianos marcam e Gr\u00eamio confirma t\u00edtulo<\/strong><\/p>\n<p style=\"text-align: justify;\">Precisando fazer gols para seguir sonhando com o t\u00edtulo, o Galo voltou diferente: saiu o volante J\u00fanior Urso para a entrada do meia Maicosuel. De fato, os mineiros ocuparam o campo de defesa gremista, mas sem organiza\u00e7\u00e3o t\u00e1tica e diante da retranca ga\u00facha n\u00e3o conseguiram amea\u00e7ar o gol de Grohe nos primeiros minutos da etapa final.<\/p>\n<p style=\"text-align: justify;\">Bem postado e sem pressa, o Gr\u00eamio come\u00e7ou a fazer o tempo passar, procurando tocar mais a bola. Diante de um cen\u00e1rio complicado, o t\u00e9cnico interino do Atl\u00e9tico-MG, Diogo Giacomini, mandou o atacante Juan Cazares a campo, tirando outro volante, Leandro Donizete. Tamb\u00e9m colocou Lucas C\u00e2ndido no lugar do cansado Luan.<\/p>\n<p style=\"text-align: justify;\">As mudan\u00e7as, no entanto, n\u00e3o surtiram efeito e o Gr\u00eamio manteve-se confort\u00e1vel com sua vantagem. Os comandados de Renato Ga\u00facho n\u00e3o tiveram vergonha de dar chut\u00f5es e carrinhos no aguardo do apito final do \u00e1rbitro Luiz Fl\u00e1vio de Oliveira.<\/p>\n<p style=\"text-align: justify;\">Mas at\u00e9 l\u00e1 o destino ainda reservaria uma surpresa agrad\u00e1vel ao copeiro Gr\u00eamio. Aos 43, em contra-ataque puxado por Luan, Everton fez boa jogada pela esquerda e cruzou rasteiro para o meio da \u00e1rea. A bola sobrou para Miller Bola\u00f1os, que havia acabado de entrar, s\u00f3 ter o trabalho de empurrar para as redes.<\/p>\n<p style=\"text-align: justify;\">Tr\u00eas minutos depois, o compatriota de Bola\u00f1os, Cazares, marcou um gol hist\u00f3rico na Arena do Gr\u00eamio. O atacante viu Grohe adiantado e arriscou de tr\u00e1s do meio de campo. A tentativa deu certo, porque a bola encobriu o arqueiro gremista e morreu no fundo do gol, empatando o confronto.<\/p>\n<p style=\"text-align: justify;\">Mesmo com o gola\u00e7o de Cazares, o Gr\u00eamio n\u00e3o se abalou, segurou a bola nos minutos finais at\u00e9 que o \u00e1rbitro apontasse o centro do campo e decretasse o t\u00edtulo para os ga\u00fachos. Um princ\u00edpio de confus\u00e3o entre os jogadores n\u00e3o estragou a festa do imortal Tricolor.<\/p>\n<p><strong>FICHA T\u00c9CNICA<br \/>\n<\/strong><strong>GR\u00caMIO 1 X 1 ATL\u00c9TICO-MG<\/strong><\/p>\n<p><strong>Local:<\/strong> Arena do Gr\u00eamio, em Porto Alegre (RS)<br \/>\n<strong>Data:<\/strong> 07 de dezembro de 2016, quarta-feira<br \/>\n<strong>Hor\u00e1rio:<\/strong> 21h45 (de Bras\u00edlia)<br \/>\n<strong>\u00c1rbitro<\/strong>: Luiz Fl\u00e1vio de Oliveira (SP)<br \/>\n<strong>Assistentes:<\/strong> Marcelo Carvalho Van Gasse (SP) e Kleber L\u00facio Gil (SC)<br \/>\n<strong>P\u00fablico:<\/strong>\u00a052.233 pagantes (55.337 no total)<br \/>\n<strong>Renda:<\/strong> R$ 5.105.964,00<br \/>\n<strong>Cart\u00f5es Amarelos:\u00a0<\/strong>Erazo e F\u00e1bio Santos (Atl\u00e9tico-MG); Marcelo Grohe e Miller Bola\u00f1os (Gr\u00eamio)<br \/>\n<strong>Cart\u00f5es Vermelhos:<\/strong>\u2013<\/p>\n<p><strong>GOLS:\u00a0<\/strong><\/p>\n<p>GR\u00caMIO: Miller Bola\u00f1os, aos 43 minutos do segundo tempo<br \/>\nATL\u00c9TICO-MG: Juan Cazares, aos 46 minutos do segundo tempo<\/p>\n<p><strong>GR\u00caMIO:<\/strong> Marcelo Grohe; Ed\u00edlson, Pedro Geromel, Kannemann e Marcelo Oliveira; Walace, Maicon, Ramiro (Jailson), Douglas (Miller Bola\u00f1os) e Everton (Fred); Luan<br \/>\n<strong>T\u00e9cnico:<\/strong> Renato Ga\u00facho<\/p>\n<p><strong>ATL\u00c9TICO-MG:<\/strong> Victor; Marcos Rocha, Gabriel, Erazo e F\u00e1bio Santos; Leandro Donizete, J\u00fanior Urso (Maicosuel), Rafael Carioca e Luan (Lucas C\u00e2ndido); Robinho e Lucas Pratto<br \/>\n<strong>T\u00e9cnico:<\/strong> Diogo Giacomini.<\/p>\n<p><img loading=\"lazy\" decoding=\"async\" class=\"aligncenter size-full wp-image-98507\" src=\"http:\/\/senoticias.com.br\/se\/wp-content\/uploads\/2016\/12\/Logo-fone-1-2-1.jpg\" alt=\"logo-fone-1-2-1\" width=\"599\" height=\"78\" srcset=\"https:\/\/senoticias.com.br\/se\/wp-content\/uploads\/2016\/12\/Logo-fone-1-2-1.jpg 599w, https:\/\/senoticias.com.br\/se\/wp-content\/uploads\/2016\/12\/Logo-fone-1-2-1-300x39.jpg 300w\" sizes=\"(max-width: 599px) 100vw, 599px\" \/><\/p>\n<p>&nbsp;<\/p>\n<div class=\"gallery-container\">\n<div class=\"gallery-inside \">\n<div class=\"fotorama--hidden\">\u00a0<strong>Acompanhe tamb\u00e9m o SE Not\u00edcias no<\/strong><strong>\u00a0<\/strong><strong><a href=\"https:\/\/twitter.com\/Senoticias\">Twitter<\/a>,<\/strong><strong>\u00a0<\/strong><strong><a href=\"https:\/\/www.facebook.com\/senoticias1\">Facebook\u00a0<\/a>e no<\/strong><strong>\u00a0<\/strong><strong><a href=\"https:\/\/www.instagram.com\/senoticias\/\">Instagram<\/a><\/strong><\/div>\n<div id=\"gallery-2392226\" class=\"fotorama fotorama1481164557658\" data-nav=\"thumbs\" data-hash=\"true\" data-width=\"100%\" data-loop=\"true\" data-ratio=\"16\/9\" data-click=\"true\" data-fit=\"contain\" data-thumbfit=\"contain\" data-keyboard=\"true\" data-swipe=\"true\" data-allowfullscreen=\"native\" data-minheight=\"330\"><\/div>\n<\/div>\n<\/div>\n","protected":false},"excerpt":{"rendered":"<p>por Gazeta Esportiva, em S\u00e3o Paulo, SP O Gr\u00eamio, enfim, voltou a transcender as fronteiras do Rio Grande do Sul. Na noite desta quarta-feira, em Porto Alegre, o Tricolor ga\u00facho superou um trauma de sua torcida, que n\u00e3o comemorava um t\u00edtulo de express\u00e3o nacional h\u00e1 15 anos, ao empatar em 1 a 1 com o [&hellip;]<\/p>\n","protected":false},"author":2,"featured_media":98625,"comment_status":"closed","ping_status":"closed","sticky":false,"template":"","format":"standard","meta":{"footnotes":""},"categories":[26],"tags":[],"class_list":{"0":"post-98624","1":"post","2":"type-post","3":"status-publish","4":"format-standard","5":"has-post-thumbnail","7":"category-esportes"},"_links":{"self":[{"href":"https:\/\/senoticias.com.br\/se\/wp-json\/wp\/v2\/posts\/98624"}],"collection":[{"href":"https:\/\/senoticias.com.br\/se\/wp-json\/wp\/v2\/posts"}],"about":[{"href":"https:\/\/senoticias.com.br\/se\/wp-json\/wp\/v2\/types\/post"}],"author":[{"embeddable":true,"href":"https:\/\/senoticias.com.br\/se\/wp-json\/wp\/v2\/users\/2"}],"replies":[{"embeddable":true,"href":"https:\/\/senoticias.com.br\/se\/wp-json\/wp\/v2\/comments?post=98624"}],"version-history":[{"count":0,"href":"https:\/\/senoticias.com.br\/se\/wp-json\/wp\/v2\/posts\/98624\/revisions"}],"wp:featuredmedia":[{"embeddable":true,"href":"https:\/\/senoticias.com.br\/se\/wp-json\/wp\/v2\/media\/98625"}],"wp:attachment":[{"href":"https:\/\/senoticias.com.br\/se\/wp-json\/wp\/v2\/media?parent=98624"}],"wp:term":[{"taxonomy":"category","embeddable":true,"href":"https:\/\/senoticias.com.br\/se\/wp-json\/wp\/v2\/categories?post=98624"},{"taxonomy":"post_tag","embeddable":true,"href":"https:\/\/senoticias.com.br\/se\/wp-json\/wp\/v2\/tags?post=98624"}],"curies":[{"name":"wp","href":"https:\/\/api.w.org\/{rel}","templated":true}]}}