{"id":98596,"date":"2016-12-07T15:16:57","date_gmt":"2016-12-07T18:16:57","guid":{"rendered":"http:\/\/senoticias.com.br\/se\/?p=98596"},"modified":"2016-12-07T15:17:31","modified_gmt":"2016-12-07T18:17:31","slug":"edvaldo-defende-parcerias-entre-os-prefeitos-da-regiao-metropolitana","status":"publish","type":"post","link":"https:\/\/senoticias.com.br\/se\/edvaldo-defende-parcerias-entre-os-prefeitos-da-regiao-metropolitana\/","title":{"rendered":"Edvaldo defende parcerias entre os prefeitos da regi\u00e3o metropolitana"},"content":{"rendered":"<div id=\":9z\" class=\"ii gt adP adO\">\n<div id=\":9m\" class=\"a3s aXjCH m158da7a40c07b8d1\">\n<div dir=\"ltr\" style=\"text-align: justify;\">\n<p><span style=\"font-size: large;\">O prefeito eleito de Aracaju, Edvaldo Nogueira (PCdoB), participou, nesta quarta-feira (7), de um encontro promovido pelo arcebispo da capital, Dom Jos\u00e9 Palmeira Lessa, com os gestores municipais eleitos da Grande Aracaju. Na reuni\u00e3o, que ocorreu na C\u00faria Metropolitana, Edvaldo defendeu a realiza\u00e7\u00e3o de parcerias entre os prefeitos da regi\u00e3o metropolitana e se disse aberto ao di\u00e1logo com a Igreja Cat\u00f3lica para discutir os problemas da cidade.<\/span><\/p>\n<div id=\"attachment_98597\" style=\"width: 609px\" class=\"wp-caption aligncenter\"><img loading=\"lazy\" decoding=\"async\" aria-describedby=\"caption-attachment-98597\" class=\"size-full wp-image-98597\" src=\"http:\/\/senoticias.com.br\/se\/wp-content\/uploads\/2016\/12\/Edvaldo-Nogueira-com-Dom-Lessa-SE-noticias-e1481134511569.jpg\" alt=\"Edvaldo defendeu a realiza\u00e7\u00e3o de parcerias entre os prefeitos da regi\u00e3o metropolitana. (Foto: Jana\u00edna Santos)\" width=\"599\" height=\"400\" \/><p id=\"caption-attachment-98597\" class=\"wp-caption-text\">Edvaldo defendeu a realiza\u00e7\u00e3o de parcerias entre os prefeitos da regi\u00e3o metropolitana. (Foto: Jana\u00edna Santos)<\/p><\/div>\n<p>&nbsp;<\/p>\n<p>\u201cOs quatro prefeitos da regi\u00e3o metropolitana s\u00e3o companheiros de partido e de coliga\u00e7\u00e3o. Eu e Padre Inaldo somos do PCdoB, e Marcos Santana e Airton Martins s\u00e3o do PMDB. N\u00f3s quatro somos do mesmo grupo pol\u00edtico. Isso vai facilitar, enormemente, o nosso trabalho. Discutimos, j\u00e1 durante o per\u00edodo eleitoral, a necessidade de colocarmos em pr\u00e1tica, o mais urgentemente poss\u00edvel, o cons\u00f3rcio do transporte p\u00fablico da regi\u00e3o metropolitana. Ent\u00e3o, vamos realizar a licita\u00e7\u00e3o do transporte para melhorar o servi\u00e7o nas quatros cidades. Mas tamb\u00e9m queremos ir al\u00e9m disso, criando cons\u00f3rcios em \u00e1reas como Seguran\u00e7a, Sa\u00fade e Limpeza P\u00fablica\u201d, destacou.<\/p>\n<p>Para Edvaldo Nogueira, a uni\u00e3o das quatro prefeituras ampliar\u00e1 as possibilidades de viabiliza\u00e7\u00e3o dos recursos financeiros e de atua\u00e7\u00e3o m\u00fatua das gest\u00f5es municipais. \u201cSe nos unirmos potencializaremos os recursos e nos ajudaremos mutuamente, para encontrar solu\u00e7\u00f5es para problemas comuns aos quatro munic\u00edpios. A nossa uni\u00e3o vai possibilitar o melhor funcionamento das prefeituras e a resolu\u00e7\u00e3o de problemas persistentes. Sei que como prefeito da capital, eu terei que liderar este processo, mas n\u00e3o h\u00e1 espa\u00e7o para solu\u00e7\u00f5es individualistas. Ser\u00e1 um trabalho conjunto e colaborativo\u201d, ressaltou.<\/p>\n<p>Edvaldo disse ainda ter consci\u00eancia das dificuldades que encontrar\u00e1 na prefeitura de Aracaju, mas ponderou que ir\u00e1 trabalhar \u201cincansavelmente\u201d para solucionar os problemas. \u201cN\u00e3o vou fazer uma gest\u00e3o olhando para tr\u00e1s. N\u00e3o vim para a prefeitura de Aracaju para ser um revanchista. Claro que vou mostrar o que encontrei na administra\u00e7\u00e3o, mas n\u00e3o vou fazer disso um cavalo de batalha dos quatro anos da minha gest\u00e3o\u201d, afirmou.<\/p>\n<p><strong>Igreja<\/strong><\/p>\n<div><span style=\"font-size: large;\"><br \/>\nO prefeito eleito da capital elogiou o arcebispo de Aracaju pela realiza\u00e7\u00e3o do encontro com os prefeitos e expressou seu desejo de buscar uma aproxima\u00e7\u00e3o com o Conselho Nacional do Laicato na Arquidiocese de Aracaju (Conal). \u201cMeu projeto \u00e9 construir as solu\u00e7\u00f5es conjuntamente\u201d, refor\u00e7ou.<\/span><\/div>\n<div><span style=\"font-size: large;\">\u00a0<\/span><\/div>\n<div>\n<p><span style=\"font-size: large;\">A reuni\u00e3o desta quarta-feira foi solicitada pelo arcebispo de Aracaju para abrir o di\u00e1logo com os gestores p\u00fablicos e colocar a Igreja \u00e0 disposi\u00e7\u00e3o das administra\u00e7\u00f5es, no sentido de se buscar o aprimoramento das pol\u00edticas sociais.<\/span><\/p>\n<p>Estiveram presentes no encontro os prefeitos eleitos de Nossa Senhora do Socorro, Padre Inaldo (PCdoB), e de S\u00e3o Crist\u00f3v\u00e3o, Marcos Santana (PMDB), al\u00e9m do vice-governador Belivaldo Chagas (PMDB), do coordenador do Conal, Ricardo Lima, e do coadjutor da Arquidiocese de Aracaju, Dom Jo\u00e3o Jos\u00e9 Costa.<\/p>\n<\/div>\n<div class=\"yj6qo ajU\">\n<div id=\":4t\" class=\"ajR\" tabindex=\"0\" data-tooltip=\"Mostrar conte\u00fado cortado\"><img decoding=\"async\" class=\"ajT\" src=\"https:\/\/ssl.gstatic.com\/ui\/v1\/icons\/mail\/images\/cleardot.gif\" \/><img loading=\"lazy\" decoding=\"async\" class=\"aligncenter size-full wp-image-98507\" src=\"http:\/\/senoticias.com.br\/se\/wp-content\/uploads\/2016\/12\/Logo-fone-1-2-1.jpg\" alt=\"logo-fone-1-2-1\" width=\"599\" height=\"78\" srcset=\"https:\/\/senoticias.com.br\/se\/wp-content\/uploads\/2016\/12\/Logo-fone-1-2-1.jpg 599w, https:\/\/senoticias.com.br\/se\/wp-content\/uploads\/2016\/12\/Logo-fone-1-2-1-300x39.jpg 300w\" sizes=\"(max-width: 599px) 100vw, 599px\" \/><\/div>\n<div class=\"ajR\" tabindex=\"0\" data-tooltip=\"Mostrar conte\u00fado cortado\"><\/div>\n<div class=\"ajR\" tabindex=\"0\" data-tooltip=\"Mostrar conte\u00fado cortado\"><strong>Acompanhe tamb\u00e9m o SE Not\u00edcias no<\/strong><strong>\u00a0<\/strong><strong><a href=\"https:\/\/twitter.com\/Senoticias\">Twitter<\/a>,<\/strong><strong>\u00a0<\/strong><strong><a href=\"https:\/\/www.facebook.com\/senoticias1\">Facebook\u00a0<\/a>e no<\/strong><strong>\u00a0<\/strong><strong><a href=\"https:\/\/www.instagram.com\/senoticias\/\">Instagram<\/a><\/strong><\/div>\n<div class=\"ajR\" tabindex=\"0\" data-tooltip=\"Mostrar conte\u00fado cortado\"><em>Ascom\/Edvaldo Nogueira<\/em><\/div>\n<\/div>\n<\/div>\n<\/div>\n<\/div>\n<div id=\":189\" class=\"hq gt\"><\/div>\n","protected":false},"excerpt":{"rendered":"<p>O prefeito eleito de Aracaju, Edvaldo Nogueira (PCdoB), participou, nesta quarta-feira (7), de um encontro promovido pelo arcebispo da capital, Dom Jos\u00e9 Palmeira Lessa, com os gestores municipais eleitos da Grande Aracaju. Na reuni\u00e3o, que ocorreu na C\u00faria Metropolitana, Edvaldo defendeu a realiza\u00e7\u00e3o de parcerias entre os prefeitos da regi\u00e3o metropolitana e se disse aberto [&hellip;]<\/p>\n","protected":false},"author":2,"featured_media":98597,"comment_status":"closed","ping_status":"closed","sticky":false,"template":"","format":"standard","meta":{"footnotes":""},"categories":[1461],"tags":[],"class_list":{"0":"post-98596","1":"post","2":"type-post","3":"status-publish","4":"format-standard","5":"has-post-thumbnail","7":"category-eleicoes-2016"},"_links":{"self":[{"href":"https:\/\/senoticias.com.br\/se\/wp-json\/wp\/v2\/posts\/98596"}],"collection":[{"href":"https:\/\/senoticias.com.br\/se\/wp-json\/wp\/v2\/posts"}],"about":[{"href":"https:\/\/senoticias.com.br\/se\/wp-json\/wp\/v2\/types\/post"}],"author":[{"embeddable":true,"href":"https:\/\/senoticias.com.br\/se\/wp-json\/wp\/v2\/users\/2"}],"replies":[{"embeddable":true,"href":"https:\/\/senoticias.com.br\/se\/wp-json\/wp\/v2\/comments?post=98596"}],"version-history":[{"count":0,"href":"https:\/\/senoticias.com.br\/se\/wp-json\/wp\/v2\/posts\/98596\/revisions"}],"wp:featuredmedia":[{"embeddable":true,"href":"https:\/\/senoticias.com.br\/se\/wp-json\/wp\/v2\/media\/98597"}],"wp:attachment":[{"href":"https:\/\/senoticias.com.br\/se\/wp-json\/wp\/v2\/media?parent=98596"}],"wp:term":[{"taxonomy":"category","embeddable":true,"href":"https:\/\/senoticias.com.br\/se\/wp-json\/wp\/v2\/categories?post=98596"},{"taxonomy":"post_tag","embeddable":true,"href":"https:\/\/senoticias.com.br\/se\/wp-json\/wp\/v2\/tags?post=98596"}],"curies":[{"name":"wp","href":"https:\/\/api.w.org\/{rel}","templated":true}]}}