{"id":98594,"date":"2016-12-07T15:07:58","date_gmt":"2016-12-07T18:07:58","guid":{"rendered":"http:\/\/senoticias.com.br\/se\/?p=98594"},"modified":"2016-12-11T08:01:06","modified_gmt":"2016-12-11T11:01:06","slug":"jackson-assina-convenio-de-estudos-para-duplicacao-da-br-235-com-ministro-dos-transportes","status":"publish","type":"post","link":"https:\/\/senoticias.com.br\/se\/jackson-assina-convenio-de-estudos-para-duplicacao-da-br-235-com-ministro-dos-transportes\/","title":{"rendered":"Jackson assina conv\u00eanio de estudos para duplica\u00e7\u00e3o da BR-235 com ministro dos Transportes"},"content":{"rendered":"<div class=\"m_1544502931105381768mb-30 m_1544502931105381768row\">\n<div class=\"m_1544502931105381768col-lg-12 m_1544502931105381768col-md-12 m_1544502931105381768col-sm-12 m_1544502931105381768col-xs-12\">\n<div class=\"m_1544502931105381768abstract\">\n<div class=\"m_1544502931105381768row\">\n<div class=\"m_1544502931105381768col-lg-12 m_1544502931105381768col-md-12 m_1544502931105381768col-sm-12 m_1544502931105381768col-xs-12\">\n<div class=\"m_1544502931105381768content\">\n<p style=\"text-align: justify;\">A duplica\u00e7\u00e3o da BR-235, a come\u00e7ar pelo estudo t\u00e9cnico de Viabilidade para Concess\u00e3o de Trecho da Rodovia, foi\u00a0tema\u00a0de audi\u00eancia na manh\u00e3 desta quarta-feira, 07, entre o governador Jackson Barreto, o ministro dos Transportes, Portos e Avia\u00e7\u00e3o Civil, Maur\u00edcio Quintella e o diretor do Departamento Nacional de infraestrutura de Transportes (Dnit), Valter Casemiro Silveira e diretores da Infraero. Na ocasi\u00e3o, foi assinado conv\u00eanio de Delega\u00e7\u00e3o de Compet\u00eancia da Uni\u00e3o para que Sergipe realize Estudo de Viabilidade para Concess\u00e3o de trecho da Rodovia BR\u2013235.<\/p>\n<div id=\"attachment_98595\" style=\"width: 609px\" class=\"wp-caption aligncenter\"><img loading=\"lazy\" decoding=\"async\" aria-describedby=\"caption-attachment-98595\" class=\"size-full wp-image-98595\" src=\"http:\/\/senoticias.com.br\/se\/wp-content\/uploads\/2016\/12\/Jackson-com-o-ministro-dos-transportes-SE-noticias-e1481134009883.jpg\" alt=\"Em reuni\u00e3o com ministro dos Transportes, com diretores do DNIT e da Infraero, Jackson Barreto tamb\u00e9m tratou da retomada das obras na BR-101 e conclus\u00e3o de amplia\u00e7\u00e3o da pista do aeroporto Santa Maria. (Foto: Roque S\u00e1)\" width=\"599\" height=\"399\" \/><p id=\"caption-attachment-98595\" class=\"wp-caption-text\">Em reuni\u00e3o com ministro dos Transportes, com diretores do DNIT e da Infraero, Jackson Barreto tamb\u00e9m tratou da retomada das obras na BR-101 e conclus\u00e3o de amplia\u00e7\u00e3o da pista do aeroporto Santa Maria. (Foto: Roque S\u00e1)<\/p><\/div>\n<p style=\"text-align: justify;\">Com o conv\u00eanio, a gest\u00e3o estadual ir\u00e1 realizar estudos para encontrar um modelo mais adequado para viabilizar a duplica\u00e7\u00e3o da BR-235, a partir da avenida Osvaldo Aranha (sa\u00edda de Aracaju), at\u00e9 o acesso ao povoado Terra Dura, em Ribeir\u00f3polis, passando por Itabaiana.<\/p>\n<p style=\"text-align: justify;\">Jackson Barreto avaliou positivamente o encontro. \u201cFomos informados pelo presidente do Dnit, Valter Casemiro, que haver\u00e1 obras de reformas e manuten\u00e7\u00e3o na BR-235. Tamb\u00e9m recebemos as informa\u00e7\u00f5es da retomada das obras dos trechos parados de duplica\u00e7\u00e3o da BR-101 nos lotes 1, que retoma de imediato, uma nova licita\u00e7\u00e3o do lote 2, que est\u00e1 parado, e a licita\u00e7\u00e3o para o lote 5 entre Est\u00e2ncia e a divisa com a Bahia. Tratamos, ainda, das obras do aeroporto e ficou acertado uma reuni\u00e3o entre a Infraero e a empresa para a retomada das obras da pista. Foi uma reuni\u00e3o produtiva e com boas not\u00edcias\u201d, disse.<\/p>\n<p style=\"text-align: justify;\">\u201cViemos debater a delega\u00e7\u00e3o de compet\u00eancia para que o Estado possa lan\u00e7ar um procedimento para fazer o estudo de viabilidade t\u00e9cnico e econ\u00f4mica da BR-235. Caso tenha viabilidade, vamos estudar a futura concess\u00e3o dessa rodovia, devido ao intenso fluxo de carro. Nossa expectativa \u00e9 duplicar esse trecho para que a rodovia encontre com a BR-101, facilitando o escoamento de produtos para o porto In\u00e1cio Barbosa e regi\u00e3o sul de Sergipe\u201d, explicou o secret\u00e1rio de Estado de Infraestrutura, Valmor Barbosa.<\/p>\n<p style=\"text-align: justify;\">Or\u00e7ada em R$ 63 milh\u00f5es, a duplica\u00e7\u00e3o da rodovia ir\u00e1 proporcionar a liga\u00e7\u00e3o do Agreste Sergipano \u00e0 regi\u00e3o sul e \u00e0 Bahia, sem passar pela capital, facilitando o escoamento da produ\u00e7\u00e3o da regi\u00e3o, em especial de Itabaiana, centro de produ\u00e7\u00e3o e distribui\u00e7\u00e3o de produtos agr\u00edcolas. Atualmente, a BR-235 \u00e9 o principal eixo de integra\u00e7\u00e3o da capital com o interior do estado, sendo tamb\u00e9m a principal liga\u00e7\u00e3o rodovi\u00e1ria com um dos principais polos tur\u00edstico de Sergipe, o C\u00e2nion de Xing\u00f3, em Canind\u00e9 de S\u00e3o Francisco.<\/p>\n<p style=\"text-align: justify;\"><strong>BR-101<\/strong><\/p>\n<p style=\"text-align: justify;\">Durante audi\u00eancia, o governador recebeu a garantia que, em janeiro, as obras da duplica\u00e7\u00e3o da BR-101 ser\u00e3o retomadas. Dividido em cinco lotes, os servi\u00e7os de duplica\u00e7\u00e3o ser\u00e3o iniciados no lote 1, a partir da divisa com Alagoas, em Propri\u00e1, km 0 ao km 40. Em fevereiro, ser\u00e3o licitados os lotes 2 e 5, que compreendem as imedia\u00e7\u00f5es de Capela at\u00e9 Pedra Branca, em Laranjeiras e o km 153 ao km 206,1, na divisa de Sergipe com a Bahia, em Cristin\u00e1polis, respectivamente.<\/p>\n<p style=\"text-align: justify;\">As obras de duplica\u00e7\u00e3o da BR-101(inseridas no PAC 2), na regi\u00e3o Nordeste, s\u00e3o o maior empreendimento rodovi\u00e1rio do pa\u00eds, atravessando cinco estados e perfazendo 861 quil\u00f4metros de extens\u00e3o. A previs\u00e3o de investimentos em Sergipe atinge a cifra aproximada de R$ 1 bilh\u00e3o para a duplica\u00e7\u00e3o nos 190 km planejados, divididos em cinco lotes de pavimenta\u00e7\u00e3o e mais quatro de constru\u00e7\u00e3o de pontes e viadutos entre a divisa com Alagoas e a divisa com a Bahia. Ao final da obra, Sergipe ter\u00e1 59% de sua malha de rodovias federais duplicada, do total de 320 km, sendo 204,3km na BR-101.<\/p>\n<p><strong>Aeroporto Santa Maria<\/strong><\/p>\n<p style=\"text-align: justify;\">O governador Jackson Barreto voltou a cobrar celeridade na conclus\u00e3o das obras do aeroporto Santa Maria, em Aracaju. No encontro com o ministro dos Transportes, Jackson foi informado que a Infraero ir\u00e1 se reunir com a empresa respons\u00e1vel pela amplia\u00e7\u00e3o pista de pouso na pr\u00f3xima ter\u00e7a-feira, dia 13, para que os servi\u00e7os sejam retomados. O gestor lembrou que falta 20% da obra, cerca de R$ 20 milh\u00f5es para o t\u00e9rmino da obra.<\/p>\n<p style=\"text-align: justify;\">No \u00faltimo dia 23, o chefe do Executivo Estadual<a href=\"http:\/\/www.agencia.se.gov.br\/noticias\/governo\/jackson-barreto-volta-a-cobrar-obras-do-aeroporto-santa-maria\" target=\"_blank\" data-saferedirecturl=\"https:\/\/www.google.com\/url?hl=pt-BR&amp;q=http:\/\/www.agencia.se.gov.br\/noticias\/governo\/jackson-barreto-volta-a-cobrar-obras-do-aeroporto-santa-maria&amp;source=gmail&amp;ust=1481219838675000&amp;usg=AFQjCNEQYBocOf8lETc2cgDv2j8M9ZlKBw\"> reuniu-se<\/a> com o presidente nacional da Infraero, Ant\u00f4nio Claret de Oliveira, para tratar do tema. Na ocasi\u00e3o, o governador lembrou a emenda impositiva que j\u00e1 existe para a Infraero, no valor de R$ 100 milh\u00f5es, ressaltando que uma parte dessa emenda seria suficiente para a retomada das obras da pista do aeroporto. \u201cFui questionar o porqu\u00ea da Infraero n\u00e3o trabalhar a libera\u00e7\u00e3o desta emenda que \u00e9 impositiva, ou seja, ela tem a garantia da libera\u00e7\u00e3o de recursos\u201d.<\/p>\n<p><strong>Presen\u00e7as<\/strong><\/p>\n<p>Participaram da audi\u00eancia o assessor do Minist\u00e9rio dos Transportes, Portos e Avia\u00e7\u00e3o Civil, Eduardo Pra\u00e7a; o chefe da Assessoria Parlamentar da Infraero, Cristiano Rob\u00e9rio; o diretor de Engenharia e Meio Ambiente da Infraero, Rog\u00e9rio Barzellay; o secret\u00e1rio de Fomento para A\u00e7\u00f5es de Transportes, Dino Antunes e o secret\u00e1rio de Estado de Comunica\u00e7\u00e3o, Sales Neto.<\/p>\n<\/div>\n<\/div>\n<\/div>\n<p><img loading=\"lazy\" decoding=\"async\" class=\"aligncenter size-full wp-image-98507\" src=\"http:\/\/senoticias.com.br\/se\/wp-content\/uploads\/2016\/12\/Logo-fone-1-2-1.jpg\" alt=\"logo-fone-1-2-1\" width=\"599\" height=\"78\" srcset=\"https:\/\/senoticias.com.br\/se\/wp-content\/uploads\/2016\/12\/Logo-fone-1-2-1.jpg 599w, https:\/\/senoticias.com.br\/se\/wp-content\/uploads\/2016\/12\/Logo-fone-1-2-1-300x39.jpg 300w\" sizes=\"(max-width: 599px) 100vw, 599px\" \/><\/p>\n<\/div>\n<div class=\"m_1544502931105381768abstract\"><strong>Acompanhe tamb\u00e9m o SE Not\u00edcias no<\/strong><strong>\u00a0<\/strong><strong><a href=\"https:\/\/twitter.com\/Senoticias\">Twitter<\/a>,<\/strong><strong>\u00a0<\/strong><strong><a href=\"https:\/\/www.facebook.com\/senoticias1\">Facebook\u00a0<\/a>e no<\/strong><strong>\u00a0<\/strong><strong><a href=\"https:\/\/www.instagram.com\/senoticias\/\">Instagram<\/a><\/strong><br \/>\nSecretaria de Estado da Comunica\u00e7\u00e3o<br \/>\nGoverno de Sergipe<\/div>\n<\/div>\n<\/div>\n","protected":false},"excerpt":{"rendered":"<p>A duplica\u00e7\u00e3o da BR-235, a come\u00e7ar pelo estudo t\u00e9cnico de Viabilidade para Concess\u00e3o de Trecho da Rodovia, foi\u00a0tema\u00a0de audi\u00eancia na manh\u00e3 desta quarta-feira, 07, entre o governador Jackson Barreto, o ministro dos Transportes, Portos e Avia\u00e7\u00e3o Civil, Maur\u00edcio Quintella e o diretor do Departamento Nacional de infraestrutura de Transportes (Dnit), Valter Casemiro Silveira e diretores [&hellip;]<\/p>\n","protected":false},"author":2,"featured_media":98595,"comment_status":"closed","ping_status":"closed","sticky":false,"template":"","format":"standard","meta":{"footnotes":""},"categories":[15,6],"tags":[],"class_list":{"0":"post-98594","1":"post","2":"type-post","3":"status-publish","4":"format-standard","5":"has-post-thumbnail","7":"category-destaques","8":"category-politica"},"_links":{"self":[{"href":"https:\/\/senoticias.com.br\/se\/wp-json\/wp\/v2\/posts\/98594"}],"collection":[{"href":"https:\/\/senoticias.com.br\/se\/wp-json\/wp\/v2\/posts"}],"about":[{"href":"https:\/\/senoticias.com.br\/se\/wp-json\/wp\/v2\/types\/post"}],"author":[{"embeddable":true,"href":"https:\/\/senoticias.com.br\/se\/wp-json\/wp\/v2\/users\/2"}],"replies":[{"embeddable":true,"href":"https:\/\/senoticias.com.br\/se\/wp-json\/wp\/v2\/comments?post=98594"}],"version-history":[{"count":0,"href":"https:\/\/senoticias.com.br\/se\/wp-json\/wp\/v2\/posts\/98594\/revisions"}],"wp:featuredmedia":[{"embeddable":true,"href":"https:\/\/senoticias.com.br\/se\/wp-json\/wp\/v2\/media\/98595"}],"wp:attachment":[{"href":"https:\/\/senoticias.com.br\/se\/wp-json\/wp\/v2\/media?parent=98594"}],"wp:term":[{"taxonomy":"category","embeddable":true,"href":"https:\/\/senoticias.com.br\/se\/wp-json\/wp\/v2\/categories?post=98594"},{"taxonomy":"post_tag","embeddable":true,"href":"https:\/\/senoticias.com.br\/se\/wp-json\/wp\/v2\/tags?post=98594"}],"curies":[{"name":"wp","href":"https:\/\/api.w.org\/{rel}","templated":true}]}}