{"id":98560,"date":"2016-12-08T07:31:04","date_gmt":"2016-12-08T10:31:04","guid":{"rendered":"http:\/\/senoticias.com.br\/se\/?p=98560"},"modified":"2016-12-09T08:17:18","modified_gmt":"2016-12-09T11:17:18","slug":"the-voice-brasil-tera-fase-remix-e-poder-supremo","status":"publish","type":"post","link":"https:\/\/senoticias.com.br\/se\/the-voice-brasil-tera-fase-remix-e-poder-supremo\/","title":{"rendered":"&#8220;The Voice Brasil&#8221; ter\u00e1 fase Remix e Poder Supremo"},"content":{"rendered":"<p style=\"text-align: justify;\">A quinta temporada do \u201cThe Voice Brasil\u201d entra na reta final, com mais uma novidade: a fase \u201cRemix\u201d, tamb\u00e9m ao vivo, que servir\u00e1 para balancear os times ap\u00f3s a \u201cBatalha dos T\u00e9cnicos\u201d.<\/p>\n<div id=\"attachment_98561\" style=\"width: 609px\" class=\"wp-caption aligncenter\"><img loading=\"lazy\" decoding=\"async\" aria-describedby=\"caption-attachment-98561\" class=\"size-full wp-image-98561\" src=\"http:\/\/senoticias.com.br\/se\/wp-content\/uploads\/2016\/12\/Claudio-Leite-SE-Noticias-e1481020120685.jpg\" alt=\"Claudia Leitte e Tiago Leifert. (Foto: Felipe Panfili e Felipe Assump\u00e7\u00e3o\/AgNews) \" width=\"599\" height=\"292\" \/><p id=\"caption-attachment-98561\" class=\"wp-caption-text\">Claudia Leitte e Tiago Leifert. (Foto: Felipe Panfili e Felipe Assump\u00e7\u00e3o\/AgNews)<\/p><\/div>\n<p style=\"text-align: justify;\">Assim, a partir da outra quinta-feira, dia 15, o bot\u00e3o vermelho ter\u00e1 novamente um papel de destaque, pois caber\u00e1 aos t\u00e9cnicos escolherem quem continuar\u00e1 no programa.<\/p>\n<p style=\"text-align: justify;\">Vai funcionar assim: ap\u00f3s assistirem \u00e0 apresenta\u00e7\u00e3o de cada participante, Cl\u00e1udia Leitte, Lulu Santos, Michel Tel\u00f3 e Carlinhos Brown ter\u00e3o a chance de escolher aquele que vai seguir na competi\u00e7\u00e3o.<\/p>\n<p style=\"text-align: justify;\">Se mais de um t\u00e9cnico acionar o bot\u00e3o, caber\u00e1 ao participante escolher com quem quer seguir. Al\u00e9m disso, os t\u00e9cnicos passar\u00e3o a contar com uma carta curinga, que dar\u00e1 o \u201cPoder Supremo\u201d na hora da escolha. Se mais de um apresentar a carta, a prioridade ser\u00e1 sempre do t\u00e9cnico original do time.<\/p>\n<p style=\"text-align: justify;\">Ao final da etapa Remix, cada um ter\u00e1 apenas tr\u00eas candidatos para a semifinal do reality, marcada para o\u00a0 dia 22 de dezembro.<\/p>\n<p>\u00c9 isso.<\/p>\n<p><img loading=\"lazy\" decoding=\"async\" class=\"aligncenter size-full wp-image-98507\" src=\"http:\/\/senoticias.com.br\/se\/wp-content\/uploads\/2016\/12\/Logo-fone-1-2-1.jpg\" alt=\"logo-fone-1-2-1\" width=\"599\" height=\"78\" srcset=\"https:\/\/senoticias.com.br\/se\/wp-content\/uploads\/2016\/12\/Logo-fone-1-2-1.jpg 599w, https:\/\/senoticias.com.br\/se\/wp-content\/uploads\/2016\/12\/Logo-fone-1-2-1-300x39.jpg 300w\" sizes=\"(max-width: 599px) 100vw, 599px\" \/><\/p>\n<p><strong>Acompanhe tamb\u00e9m o SE Not\u00edcias no<\/strong><strong>\u00a0<\/strong><strong><a href=\"https:\/\/twitter.com\/Senoticias\">Twitter<\/a>,<\/strong><strong>\u00a0<\/strong><strong><a href=\"https:\/\/www.facebook.com\/senoticias1\">Facebook\u00a0<\/a>e no<\/strong><strong>\u00a0<\/strong><strong><a href=\"https:\/\/www.instagram.com\/senoticias\/\">Instagram<\/a><\/strong><\/p>\n<div class=\"tooltip-container \">\n<div class=\"w-tooltip single\">\n<h5 class=\"open-tooltip\"><em>Fl\u00e1vio Ricco, Colunista do <a href=\"http:\/\/tvefamosos.uol.com.br\/colunas\/flavio-ricco\/2016\/12\/05\/the-voice-brasil-tera-fase-remix-e-poder-supremo.htm\">UOL<\/a>, com colabora\u00e7\u00e3o de\u00a0\u00a0Jos\u00e9 Carlos Nery<\/em><\/h5>\n<\/div>\n<\/div>\n<p>&nbsp;<\/p>\n","protected":false},"excerpt":{"rendered":"<p>A quinta temporada do \u201cThe Voice Brasil\u201d entra na reta final, com mais uma novidade: a fase \u201cRemix\u201d, tamb\u00e9m ao vivo, que servir\u00e1 para balancear os times ap\u00f3s a \u201cBatalha dos T\u00e9cnicos\u201d. Assim, a partir da outra quinta-feira, dia 15, o bot\u00e3o vermelho ter\u00e1 novamente um papel de destaque, pois caber\u00e1 aos t\u00e9cnicos escolherem quem [&hellip;]<\/p>\n","protected":false},"author":2,"featured_media":98561,"comment_status":"closed","ping_status":"closed","sticky":false,"template":"","format":"standard","meta":{"footnotes":""},"categories":[21],"tags":[],"class_list":{"0":"post-98560","1":"post","2":"type-post","3":"status-publish","4":"format-standard","5":"has-post-thumbnail","7":"category-entretenimento"},"_links":{"self":[{"href":"https:\/\/senoticias.com.br\/se\/wp-json\/wp\/v2\/posts\/98560"}],"collection":[{"href":"https:\/\/senoticias.com.br\/se\/wp-json\/wp\/v2\/posts"}],"about":[{"href":"https:\/\/senoticias.com.br\/se\/wp-json\/wp\/v2\/types\/post"}],"author":[{"embeddable":true,"href":"https:\/\/senoticias.com.br\/se\/wp-json\/wp\/v2\/users\/2"}],"replies":[{"embeddable":true,"href":"https:\/\/senoticias.com.br\/se\/wp-json\/wp\/v2\/comments?post=98560"}],"version-history":[{"count":0,"href":"https:\/\/senoticias.com.br\/se\/wp-json\/wp\/v2\/posts\/98560\/revisions"}],"wp:featuredmedia":[{"embeddable":true,"href":"https:\/\/senoticias.com.br\/se\/wp-json\/wp\/v2\/media\/98561"}],"wp:attachment":[{"href":"https:\/\/senoticias.com.br\/se\/wp-json\/wp\/v2\/media?parent=98560"}],"wp:term":[{"taxonomy":"category","embeddable":true,"href":"https:\/\/senoticias.com.br\/se\/wp-json\/wp\/v2\/categories?post=98560"},{"taxonomy":"post_tag","embeddable":true,"href":"https:\/\/senoticias.com.br\/se\/wp-json\/wp\/v2\/tags?post=98560"}],"curies":[{"name":"wp","href":"https:\/\/api.w.org\/{rel}","templated":true}]}}