{"id":98544,"date":"2016-12-05T19:25:24","date_gmt":"2016-12-05T22:25:24","guid":{"rendered":"http:\/\/senoticias.com.br\/se\/?p=98544"},"modified":"2016-12-06T06:23:42","modified_gmt":"2016-12-06T09:23:42","slug":"vamos-trabalhar-para-entregar-o-centro-de-convencoes-em-dezembro-de-2017-diz-governador","status":"publish","type":"post","link":"https:\/\/senoticias.com.br\/se\/vamos-trabalhar-para-entregar-o-centro-de-convencoes-em-dezembro-de-2017-diz-governador\/","title":{"rendered":"&#8220;Vamos trabalhar para entregar o Centro de Conven\u00e7\u00f5es em dezembro de 2017&#8221;, diz governador"},"content":{"rendered":"<p style=\"text-align: justify;\">O andamento das obras de reforma e amplia\u00e7\u00e3o do novo Centro de Conven\u00e7\u00f5es de Sergipe (CCS) foi vistoriado de perto pelo governador Jackson Barreto na manh\u00e3 desta segunda-feira, 05. O espa\u00e7o de realiza\u00e7\u00e3o de eventos est\u00e1 sendo reformado e ampliado, chegando a 14 mil m\u00b2 de estrutura, com novos audit\u00f3rios, al\u00e9m dos quatro j\u00e1 existentes, acomodando 2.300 pessoas, climatiza\u00e7\u00e3o nas \u00e1reas internas e externa, constru\u00e7\u00e3o de estacionamento coberto, passarela, escada rolante e instala\u00e7\u00e3o de elevador. S\u00e3o R$ 20.700.000 investidos, recursos do Minist\u00e9rio do Turismo (MT), e contrapartida do Governo do Estado.<\/p>\n<div id=\"attachment_98545\" style=\"width: 608px\" class=\"wp-caption aligncenter\"><a href=\"http:\/\/senoticias.com.br\/se\/wp-content\/uploads\/2016\/12\/571f89afc9908ef9a2b0feffc04ab375-e1480976661280.jpg\"><img loading=\"lazy\" decoding=\"async\" aria-describedby=\"caption-attachment-98545\" class=\"size-full wp-image-98545\" src=\"http:\/\/senoticias.com.br\/se\/wp-content\/uploads\/2016\/12\/571f89afc9908ef9a2b0feffc04ab375-e1480976661280.jpg\" alt=\"CCS est\u00e1 sendo reformado e ampliado, e contar\u00e1 com 13 audit\u00f3rios, climatiza\u00e7\u00e3o total, estacionamento coberto e com novas vagas, passarela, escada rolante e elevador\/ Foto: Jorge Henrique\/ASN\" width=\"598\" height=\"399\" \/><\/a><p id=\"caption-attachment-98545\" class=\"wp-caption-text\">CCS est\u00e1 sendo reformado e ampliado, e contar\u00e1 com 13 audit\u00f3rios, climatiza\u00e7\u00e3o total, estacionamento coberto e com novas vagas, passarela, escada rolante e elevador\/ Foto: Jorge Henrique\/ASN<\/p><\/div>\n<p style=\"text-align: justify;\">As interven\u00e7\u00f5es no Centro de Conven\u00e7\u00f5es estavam paralisadas devido ao atraso do repasse de recursos do Governo Federal. <a href=\"http:\/\/www.agencia.se.gov.br\/noticias\/governo\/em-reuniao-com-ministro-do-turismo-jackson-garante-recursos-para-centro-de-convencoes\">No \u00faltimo dia 23<\/a>, o governador Jackson Barreto esteve com o ministro do Turismo, Marx Beltr\u00e3o, discutindo a retomada dos servi\u00e7os no CCS e conseguiu, juntamente com o deputado federal F\u00e1bio Reis, a libera\u00e7\u00e3o de R$ 1,8 milh\u00e3o para a obra. A reforma do Centro de Conven\u00e7\u00f5es possibilitar\u00e1 que Sergipe receba eventos de grande porte e passe a concorrer com outros destinos de neg\u00f3cios.<\/p>\n<p style=\"text-align: justify;\">\u201cN\u00f3s hav\u00edamos prometido isso \u00e0 popula\u00e7\u00e3o e ao trade tur\u00edstico, mas, infelizmente, a aprova\u00e7\u00e3o do projeto complementar da Caixa Econ\u00f4mica demorou e houve aus\u00eancia de recursos. Essa \u00e9 uma obra que vai modernizar nosso estado, de modo a termos um Centro de Conven\u00e7\u00f5es capaz de receber grandes eventos a n\u00edvel nacional. Teremos um CCS com melhores condi\u00e7\u00f5es de atender as exig\u00eancias de um congresso, no qual seja necess\u00e1rio, por exemplo, fazer debates e confer\u00eancias. Vamos atender a uma demanda mais moderna e sofisticada do turismo em todas as suas dire\u00e7\u00f5es. Agora \u00e9 olhar para frente, tirar o atraso, correr com a obra, dentro das exig\u00eancias t\u00e9cnicas, e n\u00e3o perder o foco, pois o CCS precisa estar pronta at\u00e9 dezembro de 2017\u201d, declarou.<\/p>\n<p style=\"text-align: justify;\">Segundo o secret\u00e1rio de Estado da Infraestrutura (Seinfra), Valmor Barbosa, com a chegada de novos recursos para a obra, a empresa contratada j\u00e1 empregou mais oper\u00e1rios e ainda ir\u00e1 colocar mais \u00e0 disposi\u00e7\u00e3o. \u201cNessa interven\u00e7\u00e3o, a parte do pavilh\u00e3o, onde ocorria feiras e eventos, agora ser\u00e1 toda fechada e climatizada, oferecendo conforto e seguran\u00e7a. Com os novos audit\u00f3rios, deixaremos de ter 670 lugares para acomodar 2.300 pessoas. Poderemos ter 13 eventos ocorrendo simultaneamente. Al\u00e9m disso, teremos estacionamento com n\u00famero de vagas triplicado. Sergipe vai ter um bel\u00edssimo Centro de Conven\u00e7\u00f5es e n\u00e3o ficar\u00e1 aqu\u00e9m dos outros estados\u201d, pontuou, acrescentando que haver\u00e1 dois p\u00f3rticos de entrada e piso de alta resist\u00eancia e telhado com camada termoac\u00fastica.<\/p>\n<p style=\"text-align: justify;\">O Centro de Conven\u00e7\u00f5es de Sergipe ter\u00e1 a \u00e1rea atual aumentada de 8.000 m\u00b2 para 14.000 m\u00b2. Um novo pavilh\u00e3o est\u00e1 sendo constru\u00eddo no terreno ao lado e tem dois pavimentos: um t\u00e9rreo, onde ser\u00e1 implantado um estacionamento com 100 vagas para ve\u00edculos; e o superior, que ter\u00e1 os novos audit\u00f3rios. O pavilh\u00e3o existente ter\u00e1 uma sala de exposi\u00e7\u00e3o com capacidade para 3.000 pessoas.<\/p>\n<p style=\"text-align: justify;\">O desenvolvimento dos segmentos ligados a cadeia do Turismo foi comentado pelo secret\u00e1rio de Estado do Turismo (Setesp), Saulo Eloy. \u201cO CCS mostra que ser\u00e1 uma grande ferramenta de atra\u00e7\u00e3o de turistas e empreendedores, e realiza\u00e7\u00e3o de eventos. Vamos perceber efetivamente a import\u00e2ncia desse empreendimento para Sergipe n\u00e3o s\u00f3 atrav\u00e9s da capta\u00e7\u00e3o de grandes eventos corporativos, como tamb\u00e9m como uma artif\u00edcio de proje\u00e7\u00e3o social, melhorando a renda do estado e captando novas receitas\u201d, declarou.<\/p>\n<p style=\"text-align: justify;\">Luiz Sim\u00f5es \u00e9 presidente da Aracaju Convention &amp; Visitors Bureau e conta que o Centro de Conven\u00e7\u00f5es, at\u00e9 o in\u00edcio da obra, era o maior espa\u00e7o para a realiza\u00e7\u00e3o de eventos e que sua reforma e amplia\u00e7\u00e3o eram um pleito antigo do trade tur\u00edstico. Ele explica que a interven\u00e7\u00e3o vai melhorar o turismo de neg\u00f3cios sergipano, e haver\u00e1 possibilidade de organizar eventos de maior porte, com configura\u00e7\u00f5es mais modernas. \u201cParabenizo o governo pela iniciativa da obra. O Estado tem grande import\u00e2ncia no atrativo de empresas e \u00e9 um parceiro nosso. Estamos vivendo um bom momento com esse apoio\u201d.<\/p>\n<p style=\"text-align: justify;\">A propriet\u00e1ria da empresa Org. Ci\u00eancia e Tecnologia de Eventos, L\u00facia Souza, relatou que, com a reforma e amplia\u00e7\u00e3o do Centro de Conven\u00e7\u00f5es, a agenda do CCS vai ser concorrida. \u201cEssa obra \u00e9 fundamental n\u00e3o s\u00f3 para o mercado, como para a economia tur\u00edstica e de hot\u00e9is. O t\u00e9rmino dela \u00e9 de uma import\u00e2ncia suprema, pois vamos poder trazer eventos maiores. Venho acompanhando o projeto e achei as mudan\u00e7as interessantes. A ansiedade para que a obra acabe logo \u00e9 grande por parte de todo setor. Sergipe \u00e9 um grande destino e o turismo de eventos \u00e9 de import\u00e2ncia vital na economia do estado\u201d.<\/p>\n<p style=\"text-align: justify;\">L\u00facia ainda explicou que o turismo de eventos \u00e9 praticado com interesse profissional e cultural por meio de congressos, conven\u00e7\u00f5es, simp\u00f3sios, feiras, encontros culturais, reuni\u00f5es internacionais, entre outros, e \u00e9 uma das atividades econ\u00f4micas que mais crescem no mundo atualmente. Nesse sentido, para a empreendedora, o Centro de Conven\u00e7\u00f5es \u00e9 de fundamental import\u00e2ncia para que o estado tenha potencial competitivo para eventos.<\/p>\n<p style=\"text-align: justify;\"><strong>Gera\u00e7\u00e3o de emprego<\/strong><\/p>\n<p style=\"text-align: justify;\">Al\u00e9m da expectativa da gera\u00e7\u00e3o de renda e movimenta\u00e7\u00e3o do setor tur\u00edstico, a obra do Centro de Conven\u00e7\u00f5es proporciona o emprego direto e indireto de v\u00e1rios profissionais. De acordo com o secret\u00e1rio de Infraestrutura, atualmente s\u00e3o 50 funcion\u00e1rios trabalhando na obra e o n\u00famero vai aumentar com o passar dos dias. \u201cEstamos proporcionando gera\u00e7\u00e3o de emprego. Aqui \u00e9 poss\u00edvel ver quantos oper\u00e1rios trabalham e quantas fam\u00edlias s\u00e3o beneficiadas\u201d, disse, complementando que, diretamente ser\u00e3o 120 oper\u00e1rios e indiretamente mais de 300 empregos.<\/p>\n<p style=\"text-align: justify;\">O oper\u00e1rio Jos\u00e9 Luiz Vasco, 68, disse que \u00e9 gratificante fazer parte de uma obra que vai servir a muitas pessoas e setores. \u201cEssa interven\u00e7\u00e3o \u00e9 uma oportunidade para que mais gente tenha oportunidade de trabalho. Gosto de trabalhar com isso, n\u00e3o \u00e9 \u00e0 toa que j\u00e1 s\u00e3o 40 anos dedicados \u00e0 profiss\u00e3o. E \u00e9 esse tipo de obra que proporciona que a constru\u00e7\u00e3o civil n\u00e3o pare\u201d.<\/p>\n<p style=\"text-align: justify;\"><strong>Turismo de eventos<\/strong><\/p>\n<p style=\"text-align: justify;\">O turismo de eventos \u00e9 importante tanto para o pa\u00eds, quanto para Sergipe, esse segmento emprega mais de 7,5 milh\u00f5es de pessoas no Brasil, entre empregos diretos, terceirizados e indiretos, segundo estudo realizado pela Abeoc Brasil e o Sebrae entre 2013 e 2014, al\u00e9m de garantir um gasto m\u00e9dio, por turista, de US$ 150 d\u00f3lares\/dia nos eventos nacionais e de cerca de US$ 330\/dia nos eventos internacionais, segundo estudos da Funda\u00e7\u00e3o Get\u00falio Vargas (FGV) e da Embratur realizados em 2013.<\/p>\n<p style=\"text-align: justify;\">De acordo com a presidente da Associa\u00e7\u00e3o Brasileira da Ind\u00fastria de Hot\u00e9is de Sergipe (Abih\/SE), Daniela Mesquita, para o setor hoteleiro, as reforma e amplia\u00e7\u00e3o s\u00e3o muito importantes, pois o turismo de eventos fomenta o setor de hospedagem. \u201cFicamos felizes com a not\u00edcia de que a obra ser\u00e1 acelerada. Precisamos de um Centro de Conven\u00e7\u00f5es moderno para competir com espa\u00e7os de outros estados do Nordeste e melhorar o setor de turismo aqui. Ficamos agradecidos ao governador por ouvir o trade e proporcionar essa interven\u00e7\u00e3o. Com certeza, poderemos captar eventos para o ano de 2018\u201d, afirmou.<\/p>\n<p style=\"text-align: justify;\"><strong>Outros investimentos<\/strong><\/p>\n<p style=\"text-align: justify;\">Al\u00e9m da reforma e amplia\u00e7\u00e3o do Centro de Conven\u00e7\u00f5es, o Governo do Estado realiza outras interven\u00e7\u00f5es no setor tur\u00edstico, com o objetivo de fomentar a economia e o desenvolvimento social de Sergipe. A exemplo dos investimentos do Programa de Desenvolvimento do Turismo (Prodetur), que prev\u00ea um aporte de US$ 100 milh\u00f5es at\u00e9 2018, sendo US$ 60 milh\u00f5es do BID e US$ 40 milh\u00f5es, em regime de contrapartida j\u00e1 assegurada pela gest\u00e3o estadual.<\/p>\n<p style=\"text-align: justify;\">O Prodetur tem como objetivo contribuir para o fortalecimento da pol\u00edtica nacional de turismo e consolidar a gest\u00e3o tur\u00edstica cooperativa e descentralizada, oportunizando um modelo de desenvolvimento tur\u00edstico a partir do qual os investimentos dos governos estaduais e municipais respondam tanto \u00e0s especificidades locais, quanto a uma vis\u00e3o integral do turismo no Brasil.<\/p>\n<p style=\"text-align: justify;\">Ser\u00e3o contemplados investimentos na constru\u00e7\u00e3o e recupera\u00e7\u00e3o de orlas e equipamentos tur\u00edsticos, qualifica\u00e7\u00e3o da m\u00e3o-de-obra, infraestrutura de apoio e fortalecimento institucional do turismo. Atrav\u00e9s desses recursos, est\u00e3o previstas diversas obras como a nova Orla de Aracaju, a implanta\u00e7\u00e3o de esgotamento e da orla do povoado Crasto, em Santa Luzia do Itanhi, de dois atracadouros no povoado Caibros, em Itaporanga; a constru\u00e7\u00e3o da orlinha do povoado Curralinho, em Po\u00e7o Redondo; as reformas da Orla P\u00f4r do Sol e do Centro de Turismo, em Aracaju, entre outros investimentos que ir\u00e3o transformar significativamente o setor econ\u00f4mico do turismo em Sergipe.<\/p>\n<p style=\"line-height: 14.25pt;\"><strong><span style=\"font-size: 10.0pt; font-family: 'Georgia','serif'; color: #333333;\">Acompanhe tamb\u00e9m o SE Not\u00edcias no<\/span><\/strong><span class=\"apple-converted-space\"><b><span style=\"font-size: 10.0pt; font-family: 'Georgia','serif'; color: #333333;\">\u00a0<\/span><\/b><\/span><strong><span style=\"font-size: 10.0pt; font-family: 'Georgia','serif'; color: #333333;\"><a href=\"https:\/\/twitter.com\/Senoticias\" target=\"_blank\">Twitter<\/a>,<\/span><\/strong><span class=\"apple-converted-space\"><b><span style=\"font-size: 10.0pt; font-family: 'Georgia','serif'; color: #333333;\">\u00a0<\/span><\/b><\/span><strong><span style=\"font-size: 10.0pt; font-family: 'Georgia','serif'; color: #333333;\"><a href=\"https:\/\/www.facebook.com\/senoticias1\" target=\"_blank\">Facebook<span class=\"apple-converted-space\"><span style=\"color: windowtext; text-decoration: none;\">\u00a0<\/span><\/span><\/a>e no<\/span><\/strong><span class=\"apple-converted-space\"><b><span style=\"font-size: 10.0pt; font-family: 'Georgia','serif'; color: #333333;\">\u00a0<\/span><\/b><\/span><strong><span style=\"font-size: 10.0pt; font-family: 'Georgia','serif'; color: #333333;\"><a href=\"https:\/\/www.instagram.com\/senoticias\/\" target=\"_blank\">Instagram<\/a>.<\/span><\/strong><\/p>\n<p style=\"line-height: 14.25pt;\"><a href=\"http:\/\/senoticias.com.br\/se\/wp-content\/uploads\/2016\/12\/Logo-fone-1-2-1.jpg\"><img loading=\"lazy\" decoding=\"async\" class=\"aligncenter size-full wp-image-98507\" src=\"http:\/\/senoticias.com.br\/se\/wp-content\/uploads\/2016\/12\/Logo-fone-1-2-1.jpg\" alt=\"logo-fone-1-2-1\" width=\"599\" height=\"78\" srcset=\"https:\/\/senoticias.com.br\/se\/wp-content\/uploads\/2016\/12\/Logo-fone-1-2-1.jpg 599w, https:\/\/senoticias.com.br\/se\/wp-content\/uploads\/2016\/12\/Logo-fone-1-2-1-300x39.jpg 300w\" sizes=\"(max-width: 599px) 100vw, 599px\" \/><\/a><\/p>\n<p style=\"line-height: 14.25pt;\"><em>Da Ag\u00eancia Sergipe de Not\u00edcias<\/em><\/p>\n<p style=\"text-align: justify;\">\n","protected":false},"excerpt":{"rendered":"<p>O andamento das obras de reforma e amplia\u00e7\u00e3o do novo Centro de Conven\u00e7\u00f5es de Sergipe (CCS) foi vistoriado de perto pelo governador Jackson Barreto na manh\u00e3 desta segunda-feira, 05. O espa\u00e7o de realiza\u00e7\u00e3o de eventos est\u00e1 sendo reformado e ampliado, chegando a 14 mil m\u00b2 de estrutura, com novos audit\u00f3rios, al\u00e9m dos quatro j\u00e1 existentes, [&hellip;]<\/p>\n","protected":false},"author":5618,"featured_media":98545,"comment_status":"closed","ping_status":"closed","sticky":false,"template":"","format":"standard","meta":{"footnotes":""},"categories":[6,42],"tags":[1704,1705],"class_list":{"0":"post-98544","1":"post","2":"type-post","3":"status-publish","4":"format-standard","5":"has-post-thumbnail","7":"category-politica","8":"category-turismo","9":"tag-vamos-trabalhar-para-entregar-o-centro-de-convencoes-em-dezembro-de-2017","10":"tag-diz-governador"},"_links":{"self":[{"href":"https:\/\/senoticias.com.br\/se\/wp-json\/wp\/v2\/posts\/98544"}],"collection":[{"href":"https:\/\/senoticias.com.br\/se\/wp-json\/wp\/v2\/posts"}],"about":[{"href":"https:\/\/senoticias.com.br\/se\/wp-json\/wp\/v2\/types\/post"}],"author":[{"embeddable":true,"href":"https:\/\/senoticias.com.br\/se\/wp-json\/wp\/v2\/users\/5618"}],"replies":[{"embeddable":true,"href":"https:\/\/senoticias.com.br\/se\/wp-json\/wp\/v2\/comments?post=98544"}],"version-history":[{"count":0,"href":"https:\/\/senoticias.com.br\/se\/wp-json\/wp\/v2\/posts\/98544\/revisions"}],"wp:featuredmedia":[{"embeddable":true,"href":"https:\/\/senoticias.com.br\/se\/wp-json\/wp\/v2\/media\/98545"}],"wp:attachment":[{"href":"https:\/\/senoticias.com.br\/se\/wp-json\/wp\/v2\/media?parent=98544"}],"wp:term":[{"taxonomy":"category","embeddable":true,"href":"https:\/\/senoticias.com.br\/se\/wp-json\/wp\/v2\/categories?post=98544"},{"taxonomy":"post_tag","embeddable":true,"href":"https:\/\/senoticias.com.br\/se\/wp-json\/wp\/v2\/tags?post=98544"}],"curies":[{"name":"wp","href":"https:\/\/api.w.org\/{rel}","templated":true}]}}