{"id":98488,"date":"2016-12-04T12:44:59","date_gmt":"2016-12-04T15:44:59","guid":{"rendered":"http:\/\/senoticias.com.br\/se\/?p=98488"},"modified":"2016-12-04T12:44:59","modified_gmt":"2016-12-04T15:44:59","slug":"dez-anos-depois-ministerio-publico-desenterra-caso-furnas","status":"publish","type":"post","link":"https:\/\/senoticias.com.br\/se\/dez-anos-depois-ministerio-publico-desenterra-caso-furnas\/","title":{"rendered":"Dez anos depois, Minist\u00e9rio P\u00fablico desenterra caso furnas"},"content":{"rendered":"<p style=\"text-align: justify\">Ap\u00f3s dez anos do surgimento das primeiras den\u00fancias dando conta de um esquema de corrup\u00e7\u00e3o e desvios em Furnas, o Minist\u00e9rio P\u00fablico Federal do Rio de Janeiro (MPF-RJ) remeteu \u00e0 Procuradoria-Geral da Rep\u00fablica (PGR) os inqu\u00e9ritos da investiga\u00e7\u00e3o sobre o caso. Segundo o MPF-RJ, o fato foi encaminhado \u00e0 PGR ap\u00f3s serem identificados que &#8220;os fatos constitutivos do objeto envolvem parlamentares detentores de foro por prerrogativa de fun\u00e7\u00e3o&#8221;.<\/p>\n<div id=\"attachment_98489\" style=\"width: 608px\" class=\"wp-caption aligncenter\"><a href=\"http:\/\/senoticias.com.br\/se\/wp-content\/uploads\/2016\/12\/Caso-Furnas-SE-Noticias-e1480866238277.jpg\"><img loading=\"lazy\" decoding=\"async\" aria-describedby=\"caption-attachment-98489\" class=\"size-full wp-image-98489\" src=\"http:\/\/senoticias.com.br\/se\/wp-content\/uploads\/2016\/12\/Caso-Furnas-SE-Noticias-e1480866238277.jpg\" alt=\"Foto: Divulga\u00e7\u00e3o\/Brasil 247\" width=\"598\" height=\"213\" \/><\/a><p id=\"caption-attachment-98489\" class=\"wp-caption-text\">Foto: Divulga\u00e7\u00e3o\/Brasil 247<\/p><\/div>\n<p style=\"text-align: justify\">A decis\u00e3o de encaminhar o inqu\u00e9rito sobre o caso foi tomada pelo promotor da 24\u00aa Promotoria de Justi\u00e7a de Investiga\u00e7\u00e3o Penal da 1\u00aa Central de Inqu\u00e9ritos, Rubem Viana. Segundo o jornal O Estado de S\u00e3o Paulo, a documenta\u00e7\u00e3o foi encaminhada em setembro deste ano e est\u00e3o sob sigilo judicial. O material foi recebido pela PGR na ultima sexta-feira (2).<\/p>\n<p style=\"text-align: justify\">As investiga\u00e7\u00f5es sobre corrup\u00e7\u00e3o em Furnas foram iniciadas em 2005, quando a Pol\u00edcia Federal abriu inqu\u00e9rito para apurar uma s\u00e9rie de den\u00fancias feitas pelo ex-deputado Roberto Jefferson por ocasi\u00e3o da CPI dos Correios. Na ocasi\u00e3o, Jefferson informou aos investigadores sobre a exist\u00eancia do esquema na estatal energ\u00e9tica de Furnas. Um dos investigados, o lobista Nilton Monteiro, apresentou uma lista com o nome de 156 pol\u00edticos que teriam sido beneficiados com propinas origin\u00e1rias do esquema no que ficou conhecido como a &#8220;lista de Furnas&#8221;.<\/p>\n<p style=\"text-align: justify\">Apesar disso as investiga\u00e7\u00f5es n\u00e3o avan\u00e7aram. Em 2012, o MPF-RJ denunciou 11 pessoas sob a acusa\u00e7\u00e3o de envolvimento em irregularidades em dois contratos de termel\u00e9tricas. O caso foi remetido para a Pol\u00edcia Civil e somente em mar\u00e7o deste exerc\u00edcio o inqu\u00e9rito foi conclu\u00eddo e em setembro a Justi\u00e7a Estadual arquivou o processo. J\u00e1 a parte que envolve pol\u00edticos e parlamentares foi encaminhada \u00e0 PGR.<\/p>\n<p style=\"text-align: justify\"><strong>Acompanhe tamb\u00e9m o SE Not\u00edcias no<\/strong><strong>\u00a0<\/strong><strong><a href=\"https:\/\/twitter.com\/Senoticias\">Twitter<\/a>,<\/strong><strong>\u00a0<\/strong><strong><a href=\"https:\/\/www.facebook.com\/senoticias1\">Facebook\u00a0<\/a>e no<\/strong><strong>\u00a0<\/strong><strong><a href=\"https:\/\/www.instagram.com\/senoticias\/\">Instagram<\/a><\/strong><\/p>\n<p style=\"text-align: justify\"><a href=\"http:\/\/senoticias.com.br\/se\/wp-content\/uploads\/2016\/11\/Logo-fone-1-2-1-5.jpg\"><img loading=\"lazy\" decoding=\"async\" class=\"aligncenter size-full wp-image-98386\" src=\"http:\/\/senoticias.com.br\/se\/wp-content\/uploads\/2016\/11\/Logo-fone-1-2-1-5.jpg\" alt=\"logo-fone-1-2-1\" width=\"599\" height=\"78\" srcset=\"https:\/\/senoticias.com.br\/se\/wp-content\/uploads\/2016\/11\/Logo-fone-1-2-1-5.jpg 599w, https:\/\/senoticias.com.br\/se\/wp-content\/uploads\/2016\/11\/Logo-fone-1-2-1-5-300x39.jpg 300w\" sizes=\"(max-width: 599px) 100vw, 599px\" \/><\/a><\/p>\n<p style=\"text-align: justify\">Do Brasil 247<\/p>\n","protected":false},"excerpt":{"rendered":"<p>Ap\u00f3s dez anos do surgimento das primeiras den\u00fancias dando conta de um esquema de corrup\u00e7\u00e3o e desvios em Furnas, o Minist\u00e9rio P\u00fablico Federal do Rio de Janeiro (MPF-RJ) remeteu \u00e0 Procuradoria-Geral da Rep\u00fablica (PGR) os inqu\u00e9ritos da investiga\u00e7\u00e3o sobre o caso. Segundo o MPF-RJ, o fato foi encaminhado \u00e0 PGR ap\u00f3s serem identificados que &#8220;os [&hellip;]<\/p>\n","protected":false},"author":5618,"featured_media":98489,"comment_status":"closed","ping_status":"closed","sticky":false,"template":"","format":"standard","meta":{"footnotes":""},"categories":[6],"tags":[1695,1696],"class_list":{"0":"post-98488","1":"post","2":"type-post","3":"status-publish","4":"format-standard","5":"has-post-thumbnail","7":"category-politica","8":"tag-dez-anos-depois","9":"tag-ministerio-publico-desenterra-caso-furnas"},"_links":{"self":[{"href":"https:\/\/senoticias.com.br\/se\/wp-json\/wp\/v2\/posts\/98488"}],"collection":[{"href":"https:\/\/senoticias.com.br\/se\/wp-json\/wp\/v2\/posts"}],"about":[{"href":"https:\/\/senoticias.com.br\/se\/wp-json\/wp\/v2\/types\/post"}],"author":[{"embeddable":true,"href":"https:\/\/senoticias.com.br\/se\/wp-json\/wp\/v2\/users\/5618"}],"replies":[{"embeddable":true,"href":"https:\/\/senoticias.com.br\/se\/wp-json\/wp\/v2\/comments?post=98488"}],"version-history":[{"count":0,"href":"https:\/\/senoticias.com.br\/se\/wp-json\/wp\/v2\/posts\/98488\/revisions"}],"wp:featuredmedia":[{"embeddable":true,"href":"https:\/\/senoticias.com.br\/se\/wp-json\/wp\/v2\/media\/98489"}],"wp:attachment":[{"href":"https:\/\/senoticias.com.br\/se\/wp-json\/wp\/v2\/media?parent=98488"}],"wp:term":[{"taxonomy":"category","embeddable":true,"href":"https:\/\/senoticias.com.br\/se\/wp-json\/wp\/v2\/categories?post=98488"},{"taxonomy":"post_tag","embeddable":true,"href":"https:\/\/senoticias.com.br\/se\/wp-json\/wp\/v2\/tags?post=98488"}],"curies":[{"name":"wp","href":"https:\/\/api.w.org\/{rel}","templated":true}]}}