{"id":98476,"date":"2016-12-03T17:20:34","date_gmt":"2016-12-03T20:20:34","guid":{"rendered":"http:\/\/senoticias.com.br\/se\/?p=98476"},"modified":"2016-12-04T19:34:24","modified_gmt":"2016-12-04T22:34:24","slug":"03122016-10h42-atualizado-em-03122016-10h43-4-275-estao-inscritos-para-fazer-o-enem-em-sergipe","status":"publish","type":"post","link":"https:\/\/senoticias.com.br\/se\/03122016-10h42-atualizado-em-03122016-10h43-4-275-estao-inscritos-para-fazer-o-enem-em-sergipe\/","title":{"rendered":"4.275 est\u00e3o inscritos para fazer o Enem em Sergipe"},"content":{"rendered":"<p style=\"text-align: justify;\">Em Sergipe 4.275 inscritos est\u00e3o aptos para fazer o Exame Nacional do Ensino M\u00e9dio (Enem) neste s\u00e1bado (3) e domingo (4), segundo dados do Instituto Nacional de Estudos e Pesquisas Educacionais An\u00edsio Teixeira (Inep).<\/p>\n<div id=\"attachment_98477\" style=\"width: 608px\" class=\"wp-caption aligncenter\"><a href=\"http:\/\/senoticias.com.br\/se\/wp-content\/uploads\/2016\/12\/enem-provas-SE-Noticias-e1480796339379.jpg\"><img loading=\"lazy\" decoding=\"async\" aria-describedby=\"caption-attachment-98477\" class=\"size-full wp-image-98477\" src=\"http:\/\/senoticias.com.br\/se\/wp-content\/uploads\/2016\/12\/enem-provas-SE-Noticias-e1480796339379.jpg\" alt=\"Caderno de provas do primeiro dia da primeira rodada do Enem 2016 (Foto: G1) \" width=\"598\" height=\"449\" \/><\/a><p id=\"caption-attachment-98477\" class=\"wp-caption-text\">Caderno de provas do primeiro dia da primeira rodada do Enem 2016 (Foto: G1)<\/p><\/div>\n<p style=\"text-align: justify;\">Ainda de acordo com o Inep, os inscritos est\u00e3o distribu\u00eddos em um local da capital, que vai receber apenas uma pessoa e os demais est\u00e3o distribu\u00eddos em 11 locais de prova no munic\u00edpio de S\u00e3o Crist\u00f3v\u00e3o (SE), na Grande Aracaju.<\/p>\n<p style=\"text-align: justify;\">Esses estudantes deixaram de fazer o exame no in\u00edcio do m\u00eas de novembro em virtude da ocupa\u00e7\u00e3o de locais de prova, no campus da Universidade Federal Sergipe (UFS).<\/p>\n<p style=\"text-align: justify;\">Os inscritos em Sergipe devem ficar atentos ao hor\u00e1rio das provas que seguem o hor\u00e1rio de Bras\u00edlia. J\u00e1 que o estado est\u00e1 fora do Hor\u00e1rio de Ver\u00e3o. Os port\u00f5es fecham ao meio dia (hor\u00e1rio local) e as provas come\u00e7am \u00e0s 12h30 (hor\u00e1rio local). Nas provas deste s\u00e1bado ser\u00e3o respondidas 45 quest\u00f5es sobre Ci\u00eancias Humanas e 45 quest\u00f5es de Ci\u00eancia da Natureza. Com o tempo de prova de 4h30.<br \/>\nNeste domingo, os alunos respondem 45 quest\u00f5es de linguagens e c\u00f3digos, 45 de matem\u00e1tica e reda\u00e7\u00e3o. O tempo de dura\u00e7\u00e3o da prova \u00e9 de 5h30. E os alunos devem chegar ao local da prova no mesmo hor\u00e1rio.<br \/>\nMesmo com a altera\u00e7\u00e3o das datas o Inep garante que a divulga\u00e7\u00e3o das notas do Enem 2016 est\u00e1 mantida para 19 de janeiro.<\/p>\n<p style=\"text-align: justify;\"><strong>Acompanhe tamb\u00e9m o SE Not\u00edcias no<\/strong><strong>\u00a0<\/strong><strong><a href=\"https:\/\/twitter.com\/Senoticias\">Twitter<\/a>,<\/strong><strong>\u00a0<\/strong><strong><a href=\"https:\/\/www.facebook.com\/senoticias1\">Facebook\u00a0<\/a>e no<\/strong><strong>\u00a0<\/strong><strong><a href=\"https:\/\/www.instagram.com\/senoticias\/\">Instagram<\/a><\/strong><\/p>\n<p style=\"text-align: justify;\"><a href=\"http:\/\/senoticias.com.br\/se\/wp-content\/uploads\/2016\/11\/Logo-fone-1-2-1-5.jpg\"><img loading=\"lazy\" decoding=\"async\" class=\"aligncenter size-full wp-image-98386\" src=\"http:\/\/senoticias.com.br\/se\/wp-content\/uploads\/2016\/11\/Logo-fone-1-2-1-5.jpg\" alt=\"logo-fone-1-2-1\" width=\"599\" height=\"78\" srcset=\"https:\/\/senoticias.com.br\/se\/wp-content\/uploads\/2016\/11\/Logo-fone-1-2-1-5.jpg 599w, https:\/\/senoticias.com.br\/se\/wp-content\/uploads\/2016\/11\/Logo-fone-1-2-1-5-300x39.jpg 300w\" sizes=\"(max-width: 599px) 100vw, 599px\" \/><\/a><\/p>\n<p style=\"text-align: justify;\"><strong><em>Do G1 SE<\/em><\/strong><\/p>\n","protected":false},"excerpt":{"rendered":"<p>Em Sergipe 4.275 inscritos est\u00e3o aptos para fazer o Exame Nacional do Ensino M\u00e9dio (Enem) neste s\u00e1bado (3) e domingo (4), segundo dados do Instituto Nacional de Estudos e Pesquisas Educacionais An\u00edsio Teixeira (Inep). Ainda de acordo com o Inep, os inscritos est\u00e3o distribu\u00eddos em um local da capital, que vai receber apenas uma pessoa [&hellip;]<\/p>\n","protected":false},"author":5618,"featured_media":98477,"comment_status":"closed","ping_status":"closed","sticky":false,"template":"","format":"standard","meta":{"footnotes":""},"categories":[6],"tags":[],"class_list":{"0":"post-98476","1":"post","2":"type-post","3":"status-publish","4":"format-standard","5":"has-post-thumbnail","7":"category-politica"},"_links":{"self":[{"href":"https:\/\/senoticias.com.br\/se\/wp-json\/wp\/v2\/posts\/98476"}],"collection":[{"href":"https:\/\/senoticias.com.br\/se\/wp-json\/wp\/v2\/posts"}],"about":[{"href":"https:\/\/senoticias.com.br\/se\/wp-json\/wp\/v2\/types\/post"}],"author":[{"embeddable":true,"href":"https:\/\/senoticias.com.br\/se\/wp-json\/wp\/v2\/users\/5618"}],"replies":[{"embeddable":true,"href":"https:\/\/senoticias.com.br\/se\/wp-json\/wp\/v2\/comments?post=98476"}],"version-history":[{"count":0,"href":"https:\/\/senoticias.com.br\/se\/wp-json\/wp\/v2\/posts\/98476\/revisions"}],"wp:featuredmedia":[{"embeddable":true,"href":"https:\/\/senoticias.com.br\/se\/wp-json\/wp\/v2\/media\/98477"}],"wp:attachment":[{"href":"https:\/\/senoticias.com.br\/se\/wp-json\/wp\/v2\/media?parent=98476"}],"wp:term":[{"taxonomy":"category","embeddable":true,"href":"https:\/\/senoticias.com.br\/se\/wp-json\/wp\/v2\/categories?post=98476"},{"taxonomy":"post_tag","embeddable":true,"href":"https:\/\/senoticias.com.br\/se\/wp-json\/wp\/v2\/tags?post=98476"}],"curies":[{"name":"wp","href":"https:\/\/api.w.org\/{rel}","templated":true}]}}