{"id":98472,"date":"2016-12-03T17:09:00","date_gmt":"2016-12-03T20:09:00","guid":{"rendered":"http:\/\/senoticias.com.br\/se\/?p=98472"},"modified":"2016-12-04T17:10:00","modified_gmt":"2016-12-04T20:10:00","slug":"debaixo-de-chuva-e-muita-emocao-corpos-das-vitimas-sao-recebidos-em-chapeco","status":"publish","type":"post","link":"https:\/\/senoticias.com.br\/se\/debaixo-de-chuva-e-muita-emocao-corpos-das-vitimas-sao-recebidos-em-chapeco\/","title":{"rendered":"Debaixo de chuva e muita emo\u00e7\u00e3o, corpos das v\u00edtimas s\u00e3o recebidos em Chapec\u00f3"},"content":{"rendered":"<p style=\"text-align: justify;\">Debaixo de muita chuva e sob forte emo\u00e7\u00e3o, desembarcaram na manh\u00e3 de hoje (3) os corpos das v\u00edtimas do acidente a\u00e9reo da Chapecoense na Arena Cond\u00e1. A retirada dos corpos das tr\u00eas aeronaves que vieram da Col\u00f4mbia teve in\u00edcio por volta de 10h e demorou cerca de 50 minutos. Soldados do Ex\u00e9rcito formaram um corredor por onde passaram os caix\u00f5es, que estavam cobertos com um pano branco com o s\u00edmbolo da Chapecoense e uma faixa com o nome de cada uma das v\u00edtimas. O primeiro e o \u00faltimo caix\u00e3o retirados receberam uma salva de tiros.<\/p>\n<div id=\"attachment_98473\" style=\"width: 590px\" class=\"wp-caption aligncenter\"><a href=\"http:\/\/senoticias.com.br\/se\/wp-content\/uploads\/2016\/12\/Corpos-das-vitimas-da-queda-do-aviao-da-chapecoense-SE-Noticias.jpg\"><img loading=\"lazy\" decoding=\"async\" aria-describedby=\"caption-attachment-98473\" class=\"size-full wp-image-98473\" src=\"http:\/\/senoticias.com.br\/se\/wp-content\/uploads\/2016\/12\/Corpos-das-vitimas-da-queda-do-aviao-da-chapecoense-SE-Noticias.jpg\" alt=\"Foto: Beto Barata\/PR\" width=\"580\" height=\"388\" srcset=\"https:\/\/senoticias.com.br\/se\/wp-content\/uploads\/2016\/12\/Corpos-das-vitimas-da-queda-do-aviao-da-chapecoense-SE-Noticias.jpg 580w, https:\/\/senoticias.com.br\/se\/wp-content\/uploads\/2016\/12\/Corpos-das-vitimas-da-queda-do-aviao-da-chapecoense-SE-Noticias-300x201.jpg 300w, https:\/\/senoticias.com.br\/se\/wp-content\/uploads\/2016\/12\/Corpos-das-vitimas-da-queda-do-aviao-da-chapecoense-SE-Noticias-90x60.jpg 90w, https:\/\/senoticias.com.br\/se\/wp-content\/uploads\/2016\/12\/Corpos-das-vitimas-da-queda-do-aviao-da-chapecoense-SE-Noticias-180x120.jpg 180w, https:\/\/senoticias.com.br\/se\/wp-content\/uploads\/2016\/12\/Corpos-das-vitimas-da-queda-do-aviao-da-chapecoense-SE-Noticias-95x64.jpg 95w\" sizes=\"(max-width: 580px) 100vw, 580px\" \/><\/a><p id=\"caption-attachment-98473\" class=\"wp-caption-text\">Foto: Beto Barata\/PR<\/p><\/div>\n<p style=\"text-align: justify;\">As fam\u00edlias deixaram a sala reservada dentro do aeroporto e acompanharam a chegada dos corpos debaixo de um toldo na \u00e1rea externa do aeroporto. Os familiares choravam muito e se amparavam.<\/p>\n<p style=\"text-align: justify;\">Do aeroporto, os caix\u00f5es foram colocados em caminh\u00f5es abertos que far\u00e3o um cortejo pelas ruas da cidade com previs\u00e3o de dura\u00e7\u00e3o de uma hora e meia. No acostamento da estrada que sai do aeroporto, o p\u00fablico j\u00e1 se aglomera debaixo de guarda-chuvas e vestindo a camisa da Chapecoense para acompanhar o desfile.<\/p>\n<p style=\"text-align: justify;\"><strong>Michel Temer<\/strong><\/p>\n<p style=\"text-align: justify;\">O presidente da Rep\u00fablica Michel Temer acompanhou, junto com o governador de Santa Catarina Raimundo Colombo, a chegada dos corpos. Apesar da previs\u00e3o inicial, Temer decidiu ir ao funeral coletivo na Arena Cond\u00e1. O presidente da Rep\u00fablica chegou a Chapec\u00f3 (SC) por volta das 9h de hoje e inicialmente participaria apenas de uma cerim\u00f4nia de honras f\u00fanebres no pr\u00f3prio aeroporto. Temer disse que n\u00e3o avisou antes que participaria do vel\u00f3rio porque n\u00e3o queria causar transtornos.<\/p>\n<p style=\"text-align: justify;\">&#8220;Na verdade eu n\u00e3o poderia dizer antes porque se eu dissesse a seguran\u00e7a ia colocar p\u00f3rtico na entrada do est\u00e1dio, iria revistar as pessoas que entram. Por isso u s\u00f3 comuniquei que ieira agora, para facilitar a vida de todos&#8221;, disse.<\/p>\n<p style=\"text-align: justify;\">Tamb\u00e9m estava presente na recep\u00e7\u00e3o o embaixador da Col\u00f4mbia no Brasil, Alejandro Borba, que disse acreditar que os la\u00e7os de amizade entre Brasil e Col\u00f4mbia saem fortalecidos da treg\u00e9dia. &#8221; Estamos aqui, todos os colombianos, solid\u00e1rios e comovidos com essa trag\u00e9dia. Quero apresentar \u00e0 na\u00e7\u00e3o brasileira e a Chapec\u00f3 as nossas condol\u00eancia e solidariedade por essa perda de vidas que afetou toda a Col\u00f4mbia. Os melhores desejos para que as fam\u00edlias e toda a cidade possam seguir adiante depois dessa trag\u00e9dia, disse.<\/p>\n<p style=\"text-align: justify;\"><strong>Acompanhe tamb\u00e9m o SE Not\u00edcias no<\/strong><strong>\u00a0<\/strong><strong><a href=\"https:\/\/twitter.com\/Senoticias\">Twitter<\/a>,<\/strong><strong>\u00a0<\/strong><strong><a href=\"https:\/\/www.facebook.com\/senoticias1\">Facebook\u00a0<\/a>e no<\/strong><strong>\u00a0<\/strong><strong><a href=\"https:\/\/www.instagram.com\/senoticias\/\">Instagram<\/a><\/strong><\/p>\n<p style=\"text-align: justify;\"><a href=\"http:\/\/senoticias.com.br\/se\/wp-content\/uploads\/2016\/11\/Logo-fone-1-2-1-5.jpg\"><img loading=\"lazy\" decoding=\"async\" class=\"aligncenter size-full wp-image-98386\" src=\"http:\/\/senoticias.com.br\/se\/wp-content\/uploads\/2016\/11\/Logo-fone-1-2-1-5.jpg\" alt=\"logo-fone-1-2-1\" width=\"599\" height=\"78\" srcset=\"https:\/\/senoticias.com.br\/se\/wp-content\/uploads\/2016\/11\/Logo-fone-1-2-1-5.jpg 599w, https:\/\/senoticias.com.br\/se\/wp-content\/uploads\/2016\/11\/Logo-fone-1-2-1-5-300x39.jpg 300w\" sizes=\"(max-width: 599px) 100vw, 599px\" \/><\/a><\/p>\n<p style=\"text-align: justify;\"><em>Da Ag\u00eancia Brasil.<\/em><\/p>\n","protected":false},"excerpt":{"rendered":"<p>Debaixo de muita chuva e sob forte emo\u00e7\u00e3o, desembarcaram na manh\u00e3 de hoje (3) os corpos das v\u00edtimas do acidente a\u00e9reo da Chapecoense na Arena Cond\u00e1. A retirada dos corpos das tr\u00eas aeronaves que vieram da Col\u00f4mbia teve in\u00edcio por volta de 10h e demorou cerca de 50 minutos. Soldados do Ex\u00e9rcito formaram um corredor [&hellip;]<\/p>\n","protected":false},"author":5618,"featured_media":98473,"comment_status":"closed","ping_status":"closed","sticky":false,"template":"","format":"standard","meta":{"footnotes":""},"categories":[26],"tags":[1692,1691],"class_list":{"0":"post-98472","1":"post","2":"type-post","3":"status-publish","4":"format-standard","5":"has-post-thumbnail","7":"category-esportes","8":"tag-corpos-das-vitimas-sao-recebidos-em-chapeco","9":"tag-debaixo-de-chuva-e-muita-emocao"},"_links":{"self":[{"href":"https:\/\/senoticias.com.br\/se\/wp-json\/wp\/v2\/posts\/98472"}],"collection":[{"href":"https:\/\/senoticias.com.br\/se\/wp-json\/wp\/v2\/posts"}],"about":[{"href":"https:\/\/senoticias.com.br\/se\/wp-json\/wp\/v2\/types\/post"}],"author":[{"embeddable":true,"href":"https:\/\/senoticias.com.br\/se\/wp-json\/wp\/v2\/users\/5618"}],"replies":[{"embeddable":true,"href":"https:\/\/senoticias.com.br\/se\/wp-json\/wp\/v2\/comments?post=98472"}],"version-history":[{"count":0,"href":"https:\/\/senoticias.com.br\/se\/wp-json\/wp\/v2\/posts\/98472\/revisions"}],"wp:featuredmedia":[{"embeddable":true,"href":"https:\/\/senoticias.com.br\/se\/wp-json\/wp\/v2\/media\/98473"}],"wp:attachment":[{"href":"https:\/\/senoticias.com.br\/se\/wp-json\/wp\/v2\/media?parent=98472"}],"wp:term":[{"taxonomy":"category","embeddable":true,"href":"https:\/\/senoticias.com.br\/se\/wp-json\/wp\/v2\/categories?post=98472"},{"taxonomy":"post_tag","embeddable":true,"href":"https:\/\/senoticias.com.br\/se\/wp-json\/wp\/v2\/tags?post=98472"}],"curies":[{"name":"wp","href":"https:\/\/api.w.org\/{rel}","templated":true}]}}