{"id":98463,"date":"2016-12-03T11:49:25","date_gmt":"2016-12-03T14:49:25","guid":{"rendered":"http:\/\/senoticias.com.br\/se\/?p=98463"},"modified":"2016-12-03T13:03:15","modified_gmt":"2016-12-03T16:03:15","slug":"dono-da-construtora-cunha-foi-internado-no-huse-voltou-para-a-8a-dm-e-teve-prisao-domiciliar-negada","status":"publish","type":"post","link":"https:\/\/senoticias.com.br\/se\/dono-da-construtora-cunha-foi-internado-no-huse-voltou-para-a-8a-dm-e-teve-prisao-domiciliar-negada\/","title":{"rendered":"Dono da Construtora Cunha foi internado no HUSE, voltou para a 8\u00aa DM e teve pris\u00e3o domiciliar negada"},"content":{"rendered":"<p style=\"text-align: justify;\">Dono da Construtora Cunha foi internado no HUSE, voltou para a 8\u00aa DM e teve pris\u00e3o domiciliar negada.<\/p>\n<div id=\"attachment_98436\" style=\"width: 609px\" class=\"wp-caption aligncenter\"><img loading=\"lazy\" decoding=\"async\" aria-describedby=\"caption-attachment-98436\" class=\"size-full wp-image-98436\" src=\"http:\/\/senoticias.com.br\/se\/wp-content\/uploads\/2016\/12\/DEOTAP-SE-NOTICIAS-e1480680250340.jpg\" alt=\"A opera\u00e7\u00e3o \u00e9 resultado de uma investiga\u00e7\u00e3o do Departamento de Crimes contra a Ordem Tribut\u00e1ria e Administra\u00e7\u00e3o P\u00fablica (Deotap). (Foto: SE Not\u00edcias)\" width=\"599\" height=\"463\" \/><p id=\"caption-attachment-98436\" class=\"wp-caption-text\">A opera\u00e7\u00e3o \u00e9 resultado de uma investiga\u00e7\u00e3o do Departamento de Crimes contra a Ordem Tribut\u00e1ria e Administra\u00e7\u00e3o P\u00fablica (Deotap). (Foto: SE Not\u00edcias)<\/p><\/div>\n<p style=\"text-align: justify;\">O empres\u00e1rio Jos\u00e9 Francisco Cunha, mais conhecido como &#8220;Z\u00e9 de Rola&#8221;, propriet\u00e1rio da Construtora Cunha, continua preso, informa o jornalista Gilmar Carvalho do <a href=\"http:\/\/www.nenoticias.com.br\/99696_dono-da-construtora-cunha-foi-internado-no-huse-voltou-para-a-8a-dm-e-teve-prisao-domiciliar-negada.html\"><strong>NE<\/strong><\/a> Not\u00edcias.<\/p>\n<p style=\"text-align: justify;\">Ele teve pris\u00e3o preventiva decretada por fraudar IPTU da Prefeitura de Aracaju.<\/p>\n<p style=\"text-align: justify;\">O empres\u00e1rio foi preso na manh\u00e3 de ontem, 2, pelo Deotap, coordenado pela delegada de pol\u00edcia Daniele Garcia.<\/p>\n<p style=\"text-align: justify;\">Na 8\u00aa DM, teve picos de press\u00e3o e foi levado para o HUSE.<\/p>\n<p style=\"text-align: justify;\">Na manh\u00e3 deste s\u00e1bado, voltou para a delegacia.<\/p>\n<p style=\"text-align: justify;\">Sua defesa tenta obter habeas corpus, negado pelo desembargador Diogenes Barreto, que est\u00e1 no plant\u00e3o do Tribunal de Justi\u00e7a de Sergipe.<\/p>\n<p style=\"text-align: justify;\">O empres\u00e1rio tem 78 anos de idade e, segundo a pol\u00edcia, foi beneficiado com mais de R$ 10 milh\u00f5es com as fraudes.<\/p>\n<p style=\"text-align: justify;\"><img loading=\"lazy\" decoding=\"async\" class=\"aligncenter size-full wp-image-98386\" src=\"http:\/\/senoticias.com.br\/se\/wp-content\/uploads\/2016\/11\/Logo-fone-1-2-1-5.jpg\" alt=\"logo-fone-1-2-1\" width=\"599\" height=\"78\" srcset=\"https:\/\/senoticias.com.br\/se\/wp-content\/uploads\/2016\/11\/Logo-fone-1-2-1-5.jpg 599w, https:\/\/senoticias.com.br\/se\/wp-content\/uploads\/2016\/11\/Logo-fone-1-2-1-5-300x39.jpg 300w\" sizes=\"(max-width: 599px) 100vw, 599px\" \/><\/p>\n<p style=\"text-align: justify;\"><em><strong>Acompanhe tamb\u00e9m o SE Not\u00edcias no\u00a0<a href=\"https:\/\/twitter.com\/Senoticias\" target=\"_blank\">Twitter<\/a>,\u00a0<a href=\"https:\/\/www.facebook.com\/senoticias1\" target=\"_blank\">Facebook\u00a0<\/a>e no\u00a0<a href=\"https:\/\/www.instagram.com\/senoticias\/\" target=\"_blank\">Instagram<\/a><\/strong><\/em><\/p>\n","protected":false},"excerpt":{"rendered":"<p>Dono da Construtora Cunha foi internado no HUSE, voltou para a 8\u00aa DM e teve pris\u00e3o domiciliar negada. O empres\u00e1rio Jos\u00e9 Francisco Cunha, mais conhecido como &#8220;Z\u00e9 de Rola&#8221;, propriet\u00e1rio da Construtora Cunha, continua preso, informa o jornalista Gilmar Carvalho do NE Not\u00edcias. Ele teve pris\u00e3o preventiva decretada por fraudar IPTU da Prefeitura de Aracaju. [&hellip;]<\/p>\n","protected":false},"author":2,"featured_media":98436,"comment_status":"closed","ping_status":"closed","sticky":false,"template":"","format":"standard","meta":{"footnotes":""},"categories":[7],"tags":[],"class_list":{"0":"post-98463","1":"post","2":"type-post","3":"status-publish","4":"format-standard","5":"has-post-thumbnail","7":"category-policia"},"_links":{"self":[{"href":"https:\/\/senoticias.com.br\/se\/wp-json\/wp\/v2\/posts\/98463"}],"collection":[{"href":"https:\/\/senoticias.com.br\/se\/wp-json\/wp\/v2\/posts"}],"about":[{"href":"https:\/\/senoticias.com.br\/se\/wp-json\/wp\/v2\/types\/post"}],"author":[{"embeddable":true,"href":"https:\/\/senoticias.com.br\/se\/wp-json\/wp\/v2\/users\/2"}],"replies":[{"embeddable":true,"href":"https:\/\/senoticias.com.br\/se\/wp-json\/wp\/v2\/comments?post=98463"}],"version-history":[{"count":0,"href":"https:\/\/senoticias.com.br\/se\/wp-json\/wp\/v2\/posts\/98463\/revisions"}],"wp:featuredmedia":[{"embeddable":true,"href":"https:\/\/senoticias.com.br\/se\/wp-json\/wp\/v2\/media\/98436"}],"wp:attachment":[{"href":"https:\/\/senoticias.com.br\/se\/wp-json\/wp\/v2\/media?parent=98463"}],"wp:term":[{"taxonomy":"category","embeddable":true,"href":"https:\/\/senoticias.com.br\/se\/wp-json\/wp\/v2\/categories?post=98463"},{"taxonomy":"post_tag","embeddable":true,"href":"https:\/\/senoticias.com.br\/se\/wp-json\/wp\/v2\/tags?post=98463"}],"curies":[{"name":"wp","href":"https:\/\/api.w.org\/{rel}","templated":true}]}}