{"id":98460,"date":"2016-12-03T07:11:12","date_gmt":"2016-12-03T10:11:12","guid":{"rendered":"http:\/\/senoticias.com.br\/se\/?p=98460"},"modified":"2016-12-03T07:11:12","modified_gmt":"2016-12-03T10:11:12","slug":"deso-realiza-manutencao-na-adutora-sertaneja","status":"publish","type":"post","link":"https:\/\/senoticias.com.br\/se\/deso-realiza-manutencao-na-adutora-sertaneja\/","title":{"rendered":"Deso realiza manuten\u00e7\u00e3o na Adutora Sertaneja"},"content":{"rendered":"<p style=\"text-align: justify;\">A Companhia de Saneamento de Sergipe &#8211; Deso comunica que, em virtude de manuten\u00e7\u00e3o na Adutora Sertaneja, ser\u00e1 interrompido o abastecimento neste s\u00e1bado, 3, das 8h \u00e0s 19h, nas seguintes localidades:<\/p>\n<p style=\"text-align: justify;\">Canhoba, Nossa Senhora de Lourdes, Itabi, Graccho Cardoso, Aquidab\u00e3, Cumbe, Feira Nova, zona rural de Gararu e Nossa Senhora das Dores, al\u00e9m de Nossa Senhora da Gl\u00f3ria, especificamente no Hospital, Pres\u00eddio, Bairro Cohab, Conjunto Danilo Arag\u00e3o e Bairro Bras\u00edlia.<img loading=\"lazy\" decoding=\"async\" class=\"aligncenter size-full wp-image-98461\" src=\"http:\/\/senoticias.com.br\/se\/wp-content\/uploads\/2016\/12\/aviso-deso-SE-Noticias-e1480759813580.jpg\" alt=\"aviso-deso-se-noticias\" width=\"599\" height=\"387\" \/><\/p>\n<p style=\"text-align: justify;\">A Deso recomenda a utiliza\u00e7\u00e3o econ\u00f4mica da \u00e1gua existente nas caixas d&#8217; \u00e1gua e reservat\u00f3rios residenciais, evitando-se desperd\u00edcios.<\/p>\n<p style=\"text-align: justify;\">Casos de emerg\u00eancia e pedidos de servi\u00e7os podem ser informados pelo telefone <strong>0800 079 0195<\/strong>, com prioridade para creches, hospitais, asilos e demais entidades dessa natureza.<\/p>\n<p style=\"text-align: justify;\"><img loading=\"lazy\" decoding=\"async\" class=\"aligncenter size-full wp-image-98386\" src=\"http:\/\/senoticias.com.br\/se\/wp-content\/uploads\/2016\/11\/Logo-fone-1-2-1-5.jpg\" alt=\"logo-fone-1-2-1\" width=\"599\" height=\"78\" srcset=\"https:\/\/senoticias.com.br\/se\/wp-content\/uploads\/2016\/11\/Logo-fone-1-2-1-5.jpg 599w, https:\/\/senoticias.com.br\/se\/wp-content\/uploads\/2016\/11\/Logo-fone-1-2-1-5-300x39.jpg 300w\" sizes=\"(max-width: 599px) 100vw, 599px\" \/><\/p>\n<p style=\"text-align: justify;\"><em><strong>Acompanhe tamb\u00e9m o SE Not\u00edcias no\u00a0<a href=\"https:\/\/twitter.com\/Senoticias\" target=\"_blank\">Twitter<\/a>,\u00a0<a href=\"https:\/\/www.facebook.com\/senoticias1\" target=\"_blank\">Facebook\u00a0<\/a>e no\u00a0<a href=\"https:\/\/www.instagram.com\/senoticias\/\" target=\"_blank\">Instagram<\/a><\/strong><\/em><\/p>\n<p style=\"text-align: justify;\"><em>por Ascom\/Deso<\/em><\/p>\n","protected":false},"excerpt":{"rendered":"<p>A Companhia de Saneamento de Sergipe &#8211; Deso comunica que, em virtude de manuten\u00e7\u00e3o na Adutora Sertaneja, ser\u00e1 interrompido o abastecimento neste s\u00e1bado, 3, das 8h \u00e0s 19h, nas seguintes localidades: Canhoba, Nossa Senhora de Lourdes, Itabi, Graccho Cardoso, Aquidab\u00e3, Cumbe, Feira Nova, zona rural de Gararu e Nossa Senhora das Dores, al\u00e9m de Nossa [&hellip;]<\/p>\n","protected":false},"author":2,"featured_media":98461,"comment_status":"closed","ping_status":"closed","sticky":false,"template":"","format":"standard","meta":{"footnotes":""},"categories":[38],"tags":[],"class_list":{"0":"post-98460","1":"post","2":"type-post","3":"status-publish","4":"format-standard","5":"has-post-thumbnail","7":"category-municipios"},"_links":{"self":[{"href":"https:\/\/senoticias.com.br\/se\/wp-json\/wp\/v2\/posts\/98460"}],"collection":[{"href":"https:\/\/senoticias.com.br\/se\/wp-json\/wp\/v2\/posts"}],"about":[{"href":"https:\/\/senoticias.com.br\/se\/wp-json\/wp\/v2\/types\/post"}],"author":[{"embeddable":true,"href":"https:\/\/senoticias.com.br\/se\/wp-json\/wp\/v2\/users\/2"}],"replies":[{"embeddable":true,"href":"https:\/\/senoticias.com.br\/se\/wp-json\/wp\/v2\/comments?post=98460"}],"version-history":[{"count":0,"href":"https:\/\/senoticias.com.br\/se\/wp-json\/wp\/v2\/posts\/98460\/revisions"}],"wp:featuredmedia":[{"embeddable":true,"href":"https:\/\/senoticias.com.br\/se\/wp-json\/wp\/v2\/media\/98461"}],"wp:attachment":[{"href":"https:\/\/senoticias.com.br\/se\/wp-json\/wp\/v2\/media?parent=98460"}],"wp:term":[{"taxonomy":"category","embeddable":true,"href":"https:\/\/senoticias.com.br\/se\/wp-json\/wp\/v2\/categories?post=98460"},{"taxonomy":"post_tag","embeddable":true,"href":"https:\/\/senoticias.com.br\/se\/wp-json\/wp\/v2\/tags?post=98460"}],"curies":[{"name":"wp","href":"https:\/\/api.w.org\/{rel}","templated":true}]}}