{"id":98454,"date":"2016-12-02T18:40:26","date_gmt":"2016-12-02T21:40:26","guid":{"rendered":"http:\/\/senoticias.com.br\/se\/?p=98454"},"modified":"2016-12-03T07:15:19","modified_gmt":"2016-12-03T10:15:19","slug":"numero-de-assinantes-de-tv-paga-continua-caindo-por-causa-da-crise-economica","status":"publish","type":"post","link":"https:\/\/senoticias.com.br\/se\/numero-de-assinantes-de-tv-paga-continua-caindo-por-causa-da-crise-economica\/","title":{"rendered":"N\u00famero de assinantes de TV paga continua caindo por causa da crise econ\u00f4mica"},"content":{"rendered":"<p style=\"text-align: justify;\">A crise econ\u00f4mica tem levado muitas fam\u00edlias brasileiras a cancelarem o servi\u00e7o de TV paga. O n\u00famero de clientes de TV por assinatura no pa\u00eds caiu 2,4% entre outubro de 2015 e o mesmo m\u00eas deste ano. O setor registrou uma perda de 471 mil assinantes no per\u00edodo e chegou a 18,9 milh\u00f5es de clientes em outubro de 2016, segundo dados divulgados hoje (2) pela Ag\u00eancia Nacional de Telecomunica\u00e7\u00f5es (Anatel).<\/p>\n<div id=\"attachment_98457\" style=\"width: 410px\" class=\"wp-caption aligncenter\"><a href=\"http:\/\/senoticias.com.br\/se\/wp-content\/uploads\/2016\/12\/inclusao-canais-abertos-tv-a-cabo.jpg\"><img loading=\"lazy\" decoding=\"async\" aria-describedby=\"caption-attachment-98457\" class=\"wp-image-98457 size-full\" src=\"http:\/\/senoticias.com.br\/se\/wp-content\/uploads\/2016\/12\/inclusao-canais-abertos-tv-a-cabo.jpg\" alt=\"inclusao-canais-abertos-tv-a-cabo\" width=\"400\" height=\"307\" srcset=\"https:\/\/senoticias.com.br\/se\/wp-content\/uploads\/2016\/12\/inclusao-canais-abertos-tv-a-cabo.jpg 400w, https:\/\/senoticias.com.br\/se\/wp-content\/uploads\/2016\/12\/inclusao-canais-abertos-tv-a-cabo-300x230.jpg 300w, https:\/\/senoticias.com.br\/se\/wp-content\/uploads\/2016\/12\/inclusao-canais-abertos-tv-a-cabo-45x35.jpg 45w\" sizes=\"(max-width: 400px) 100vw, 400px\" \/><\/a><p id=\"caption-attachment-98457\" class=\"wp-caption-text\">Foto: Arquivo SE Not\u00edcias<\/p><\/div>\n<p style=\"text-align: justify;\">O n\u00famero de assinantes come\u00e7ou a cair j\u00e1 no in\u00edcio do ano passado. Em 2015, o setor perdeu 3,1% de sua base de clientes. \u201c O fator principal \u00e9 a crise econ\u00f4mica, que levou principalmente as fam\u00edlias de mais baixa renda a cancelar seus pacotes\u201d, disse o presidente da consultoria Teleco, Eduardo Tude. Entre outubro de 2015 e outubro de 2016, a entrada dos servi\u00e7os de TV por assinatura nos domic\u00edlios brasileiros caiu de 29,22% para 27,83%.<\/p>\n<p style=\"text-align: justify;\">A queda do n\u00famero de assinantes nos \u00faltimos meses contrasta com o crescimento do setor nos anos anteriores. Entre 2010 e 2014, o n\u00famero de assinantes dobrou e, em 2014 o setor cresceu 8,7%.<\/p>\n<p style=\"text-align: justify;\"><strong>Queda esperada<\/strong><\/p>\n<p style=\"text-align: justify;\">Para a Associa\u00e7\u00e3o Brasileira de TV por Assinatura (ABTA), no entanto, os n\u00fameros n\u00e3o s\u00e3o t\u00e3o assustadores, j\u00e1 que o setor teve uma redu\u00e7\u00e3o menor do que a queda registrada na economia do pa\u00eds como um todo. \u201cN\u00e3o \u00e9 o que a gente gostaria, obviamente, gostar\u00edamos de estar crescendo, mas n\u00f3s estamos inseridos em um contexto econ\u00f4mico dif\u00edcil, com desemprego alt\u00edssimo\u201d, destacou o presidente da ABTA, Oscar Sim\u00f5es. De janeiro a outubro deste ano, a queda no n\u00famero de assinantes foi de 0,59%.<\/p>\n<p style=\"text-align: justify;\">Segundo ele, o que explica o fato de o n\u00famero de assinantes n\u00e3o ter ca\u00eddo tanto \u00e9 que as fam\u00edlias usam cada vez mais a TV por assinatura como uma forma de lazer. \u201cO nosso produto est\u00e1 cada vez mais se revestindo de essencialidade para as pessoas. Como tem uma programa\u00e7\u00e3o diversificada, tem canal infantil, \u00e9 um produto que atende a diversas faixas et\u00e1rias e a diferentes fam\u00edlias, acaba sendo a principal fonte de lazer, informa\u00e7\u00e3o e cultura\u201d, afirmou o presidente da ABTA.<\/p>\n<p style=\"text-align: justify;\">De acordo com Sim\u00f5es, os \u00faltimos meses j\u00e1 v\u00eam demonstrando uma desacelera\u00e7\u00e3o da queda no n\u00famero de clientes, e a retomada do crescimento vai depender de quando a economia do pa\u00eds vai voltar a crescer. \u201cAssim que a economia retomar [o crescimento], a gente retoma acima da economia. Se ano que vem a economia crescer 1%, provavelmente a gente cres\u00e7a 3%\u201d, estimou.<\/p>\n<p style=\"text-align: justify;\">Em 2016, apesar da queda geral, em alguns meses foi registrado um aumento no n\u00famero de assinantes, o que pode ser atribu\u00eddo aos Jogos Ol\u00edmpicos e \u00e0 entrada do servi\u00e7o em novas cidades.<\/p>\n<p style=\"text-align: justify;\"><strong>Acompanhe tamb\u00e9m o SE Not\u00edcias no<\/strong><strong>\u00a0<\/strong><strong><a href=\"https:\/\/twitter.com\/Senoticias\">Twitter<\/a>,<\/strong><strong>\u00a0<\/strong><strong><a href=\"https:\/\/www.facebook.com\/senoticias1\">Facebook\u00a0<\/a>e no<\/strong><strong>\u00a0<\/strong><strong><a href=\"https:\/\/www.instagram.com\/senoticias\/\">Instagram<\/a><\/strong><\/p>\n<p style=\"text-align: justify;\"><a href=\"http:\/\/senoticias.com.br\/se\/wp-content\/uploads\/2016\/11\/Logo-fone-1-2-1-5.jpg\"><img loading=\"lazy\" decoding=\"async\" class=\"aligncenter size-full wp-image-98386\" src=\"http:\/\/senoticias.com.br\/se\/wp-content\/uploads\/2016\/11\/Logo-fone-1-2-1-5.jpg\" alt=\"logo-fone-1-2-1\" width=\"599\" height=\"78\" srcset=\"https:\/\/senoticias.com.br\/se\/wp-content\/uploads\/2016\/11\/Logo-fone-1-2-1-5.jpg 599w, https:\/\/senoticias.com.br\/se\/wp-content\/uploads\/2016\/11\/Logo-fone-1-2-1-5-300x39.jpg 300w\" sizes=\"(max-width: 599px) 100vw, 599px\" \/><\/a><\/p>\n<p style=\"text-align: justify;\"><strong>Da Ag\u00eancia Brasil\u00a0<\/strong><\/p>\n","protected":false},"excerpt":{"rendered":"<p>A crise econ\u00f4mica tem levado muitas fam\u00edlias brasileiras a cancelarem o servi\u00e7o de TV paga. O n\u00famero de clientes de TV por assinatura no pa\u00eds caiu 2,4% entre outubro de 2015 e o mesmo m\u00eas deste ano. O setor registrou uma perda de 471 mil assinantes no per\u00edodo e chegou a 18,9 milh\u00f5es de clientes [&hellip;]<\/p>\n","protected":false},"author":5618,"featured_media":98457,"comment_status":"closed","ping_status":"closed","sticky":false,"template":"","format":"standard","meta":{"footnotes":""},"categories":[15,8],"tags":[1686],"class_list":{"0":"post-98454","1":"post","2":"type-post","3":"status-publish","4":"format-standard","5":"has-post-thumbnail","7":"category-destaques","8":"category-esporte-e-cultura","9":"tag-numero-de-assinantes-de-tv-paga-continua-caindo-por-causa-da-crise-economica"},"_links":{"self":[{"href":"https:\/\/senoticias.com.br\/se\/wp-json\/wp\/v2\/posts\/98454"}],"collection":[{"href":"https:\/\/senoticias.com.br\/se\/wp-json\/wp\/v2\/posts"}],"about":[{"href":"https:\/\/senoticias.com.br\/se\/wp-json\/wp\/v2\/types\/post"}],"author":[{"embeddable":true,"href":"https:\/\/senoticias.com.br\/se\/wp-json\/wp\/v2\/users\/5618"}],"replies":[{"embeddable":true,"href":"https:\/\/senoticias.com.br\/se\/wp-json\/wp\/v2\/comments?post=98454"}],"version-history":[{"count":0,"href":"https:\/\/senoticias.com.br\/se\/wp-json\/wp\/v2\/posts\/98454\/revisions"}],"wp:featuredmedia":[{"embeddable":true,"href":"https:\/\/senoticias.com.br\/se\/wp-json\/wp\/v2\/media\/98457"}],"wp:attachment":[{"href":"https:\/\/senoticias.com.br\/se\/wp-json\/wp\/v2\/media?parent=98454"}],"wp:term":[{"taxonomy":"category","embeddable":true,"href":"https:\/\/senoticias.com.br\/se\/wp-json\/wp\/v2\/categories?post=98454"},{"taxonomy":"post_tag","embeddable":true,"href":"https:\/\/senoticias.com.br\/se\/wp-json\/wp\/v2\/tags?post=98454"}],"curies":[{"name":"wp","href":"https:\/\/api.w.org\/{rel}","templated":true}]}}