{"id":98453,"date":"2016-12-02T18:32:53","date_gmt":"2016-12-02T21:32:53","guid":{"rendered":"http:\/\/senoticias.com.br\/se\/?p=98453"},"modified":"2016-12-02T18:38:22","modified_gmt":"2016-12-02T21:38:22","slug":"98453-2","status":"publish","type":"post","link":"https:\/\/senoticias.com.br\/se\/98453-2\/","title":{"rendered":"Acusados de tentar matar advogado s\u00e3o presos"},"content":{"rendered":"<p style=\"text-align: justify;\">A Secretaria da Seguran\u00e7a P\u00fablica, por meio do Departamento de Homic\u00eddios e Prote\u00e7\u00e3o \u00e0 Pessoa (DHPP), apresenta nesta segunda-feira, 5, \u00e0s 8h30, na Sala de Imprensa Radialista Julio Cesar, os detalhes da investiga\u00e7\u00e3o que culminou na pris\u00e3o dos envolvidos na <a href=\"http:\/\/senoticias.com.br\/se\/advogado-baleado-em-aracaju-10-tiros-no-seu-veiculo-2-atingiram-o-braco\/\"><strong>tentativa de homic\u00eddio<\/strong><\/a> cometida contra o advogado Antonio Mortari, ocorrida em 4 de agosto.<\/p>\n<div id=\"attachment_98455\" style=\"width: 609px\" class=\"wp-caption aligncenter\"><img loading=\"lazy\" decoding=\"async\" aria-describedby=\"caption-attachment-98455\" class=\"size-full wp-image-98455\" src=\"http:\/\/senoticias.com.br\/se\/wp-content\/uploads\/2016\/12\/Advogado-Antonio-Mortari-SE-Noticias.jpg\" alt=\"o advogado Ant\u00f4nio Mortari foi alvo de uma tentativa de homic\u00eddio em Aracaju\" width=\"599\" height=\"449\" srcset=\"https:\/\/senoticias.com.br\/se\/wp-content\/uploads\/2016\/12\/Advogado-Antonio-Mortari-SE-Noticias.jpg 599w, https:\/\/senoticias.com.br\/se\/wp-content\/uploads\/2016\/12\/Advogado-Antonio-Mortari-SE-Noticias-300x225.jpg 300w, https:\/\/senoticias.com.br\/se\/wp-content\/uploads\/2016\/12\/Advogado-Antonio-Mortari-SE-Noticias-45x35.jpg 45w\" sizes=\"(max-width: 599px) 100vw, 599px\" \/><p id=\"caption-attachment-98455\" class=\"wp-caption-text\">O advogado Ant\u00f4nio Mortari foi alvo de uma tentativa de homic\u00eddio, no m\u00eas de agosto, em Aracaju. (Foto: arquivo\/OAB\/SE)<\/p><\/div>\n<p style=\"text-align: justify;\">As investiga\u00e7\u00f5es conduzidas em parceria entre o DHPP e a Divis\u00e3o de Intelig\u00eancia e Planejamento Policial (Dipol) duraram quatro meses e foi concclu\u00edda com as pris\u00f5es dos envolvidos nesta sexta-feira, 2.<\/p>\n<p><img loading=\"lazy\" decoding=\"async\" class=\"aligncenter size-full wp-image-98386\" src=\"http:\/\/senoticias.com.br\/se\/wp-content\/uploads\/2016\/11\/Logo-fone-1-2-1-5.jpg\" alt=\"logo-fone-1-2-1\" width=\"599\" height=\"78\" srcset=\"https:\/\/senoticias.com.br\/se\/wp-content\/uploads\/2016\/11\/Logo-fone-1-2-1-5.jpg 599w, https:\/\/senoticias.com.br\/se\/wp-content\/uploads\/2016\/11\/Logo-fone-1-2-1-5-300x39.jpg 300w\" sizes=\"(max-width: 599px) 100vw, 599px\" \/><\/p>\n<p><em><strong>Acompanhe tamb\u00e9m o SE Not\u00edcias no\u00a0<a href=\"https:\/\/twitter.com\/Senoticias\" target=\"_blank\">Twitter<\/a>,\u00a0<a href=\"https:\/\/www.facebook.com\/senoticias1\" target=\"_blank\">Facebook\u00a0<\/a>e no\u00a0<a href=\"https:\/\/www.instagram.com\/senoticias\/\" target=\"_blank\">Instagram<\/a><\/strong><\/em><\/p>\n<p><em>Informa\u00e7\u00f5es da SSP\/SE<\/em><\/p>\n","protected":false},"excerpt":{"rendered":"<p>A Secretaria da Seguran\u00e7a P\u00fablica, por meio do Departamento de Homic\u00eddios e Prote\u00e7\u00e3o \u00e0 Pessoa (DHPP), apresenta nesta segunda-feira, 5, \u00e0s 8h30, na Sala de Imprensa Radialista Julio Cesar, os detalhes da investiga\u00e7\u00e3o que culminou na pris\u00e3o dos envolvidos na tentativa de homic\u00eddio cometida contra o advogado Antonio Mortari, ocorrida em 4 de agosto. As [&hellip;]<\/p>\n","protected":false},"author":2,"featured_media":98455,"comment_status":"closed","ping_status":"closed","sticky":false,"template":"","format":"standard","meta":{"footnotes":""},"categories":[15,7],"tags":[],"class_list":{"0":"post-98453","1":"post","2":"type-post","3":"status-publish","4":"format-standard","5":"has-post-thumbnail","7":"category-destaques","8":"category-policia"},"_links":{"self":[{"href":"https:\/\/senoticias.com.br\/se\/wp-json\/wp\/v2\/posts\/98453"}],"collection":[{"href":"https:\/\/senoticias.com.br\/se\/wp-json\/wp\/v2\/posts"}],"about":[{"href":"https:\/\/senoticias.com.br\/se\/wp-json\/wp\/v2\/types\/post"}],"author":[{"embeddable":true,"href":"https:\/\/senoticias.com.br\/se\/wp-json\/wp\/v2\/users\/2"}],"replies":[{"embeddable":true,"href":"https:\/\/senoticias.com.br\/se\/wp-json\/wp\/v2\/comments?post=98453"}],"version-history":[{"count":0,"href":"https:\/\/senoticias.com.br\/se\/wp-json\/wp\/v2\/posts\/98453\/revisions"}],"wp:featuredmedia":[{"embeddable":true,"href":"https:\/\/senoticias.com.br\/se\/wp-json\/wp\/v2\/media\/98455"}],"wp:attachment":[{"href":"https:\/\/senoticias.com.br\/se\/wp-json\/wp\/v2\/media?parent=98453"}],"wp:term":[{"taxonomy":"category","embeddable":true,"href":"https:\/\/senoticias.com.br\/se\/wp-json\/wp\/v2\/categories?post=98453"},{"taxonomy":"post_tag","embeddable":true,"href":"https:\/\/senoticias.com.br\/se\/wp-json\/wp\/v2\/tags?post=98453"}],"curies":[{"name":"wp","href":"https:\/\/api.w.org\/{rel}","templated":true}]}}