{"id":98451,"date":"2016-12-02T18:26:12","date_gmt":"2016-12-02T21:26:12","guid":{"rendered":"http:\/\/senoticias.com.br\/se\/?p=98451"},"modified":"2016-12-05T16:37:12","modified_gmt":"2016-12-05T19:37:12","slug":"goretti-reis-participa-de-seminario-de-seguranca-em-pernambuco","status":"publish","type":"post","link":"https:\/\/senoticias.com.br\/se\/goretti-reis-participa-de-seminario-de-seguranca-em-pernambuco\/","title":{"rendered":"Goretti Reis participa de Semin\u00e1rio de Seguran\u00e7a em Pernambuco"},"content":{"rendered":"<p style=\"text-align: justify;\">O encontro aconteceu no Hotel Golden Tulip, em Recife, PE e teve como tema: Pol\u00edticas P\u00fablicas e Seguran\u00e7a Social. O evento contou com dois pain\u00e9is de discuss\u00e3o, conduzidos pelo Secret\u00e1rio de Seguran\u00e7a da Prefeitura de Recife, Murilo Cavalcante e reuniu estudantes, parlamentares, profissionais de seguran\u00e7a e demais convidados que discutiram as melhores formas de atender as demandas da sociedade no que se refere a seguran\u00e7a.<\/p>\n<div id=\"attachment_98452\" style=\"width: 476px\" class=\"wp-caption aligncenter\"><a href=\"http:\/\/senoticias.com.br\/se\/wp-content\/uploads\/2016\/12\/Seminario-de-seguranca-publica-SE-Noticias.jpg\"><img loading=\"lazy\" decoding=\"async\" aria-describedby=\"caption-attachment-98452\" class=\"wp-image-98452 size-full\" src=\"http:\/\/senoticias.com.br\/se\/wp-content\/uploads\/2016\/12\/Seminario-de-seguranca-publica-SE-Noticias.jpg\" alt=\"Foto: Ascom parlamentar\" width=\"466\" height=\"350\" srcset=\"https:\/\/senoticias.com.br\/se\/wp-content\/uploads\/2016\/12\/Seminario-de-seguranca-publica-SE-Noticias.jpg 466w, https:\/\/senoticias.com.br\/se\/wp-content\/uploads\/2016\/12\/Seminario-de-seguranca-publica-SE-Noticias-300x225.jpg 300w, https:\/\/senoticias.com.br\/se\/wp-content\/uploads\/2016\/12\/Seminario-de-seguranca-publica-SE-Noticias-45x35.jpg 45w\" sizes=\"(max-width: 466px) 100vw, 466px\" \/><\/a><p id=\"caption-attachment-98452\" class=\"wp-caption-text\">Deputada representou a Alese. (Foto:\u00a0Assessoria Parlamentar)<\/p><\/div>\n<p style=\"text-align: justify;\">\u201c\u00c9 importante a nossa participa\u00e7\u00e3o como representante de Sergipe para que possamos levar para o nosso estado alternativas que possam amenizar a inseguran\u00e7a que tanto aflige nosso estado e nosso pa\u00eds. O que o secret\u00e1rio de Seguran\u00e7a disse \u00e9 fato, precisamos de pol\u00edticas voltadas para que a cidade seja segura para as mulheres e para os grupos mais vulner\u00e1veis. A viol\u00eancia atinge a todas as classes sociais. Discutimos as experi\u00eancias e ideias que envolvem o \u201cpacto com a viol\u00eancia\u201d que est\u00e1 funcionando em alguns estados e precisamos aprimorar e copiar\u201d, ressaltou Goretti Reis.<\/p>\n<p style=\"text-align: justify;\"><strong>Acompanhe tamb\u00e9m o SE Not\u00edcias no<\/strong><strong>\u00a0<\/strong><strong><a href=\"https:\/\/twitter.com\/Senoticias\">Twitter<\/a>,<\/strong><strong>\u00a0<\/strong><strong><a href=\"https:\/\/www.facebook.com\/senoticias1\">Facebook\u00a0<\/a>e no<\/strong><strong>\u00a0<\/strong><strong><a href=\"https:\/\/www.instagram.com\/senoticias\/\">Instagram<\/a><\/strong><\/p>\n<p style=\"text-align: justify;\"><a href=\"http:\/\/senoticias.com.br\/se\/wp-content\/uploads\/2016\/11\/Logo-fone-1-2-1-5.jpg\"><img loading=\"lazy\" decoding=\"async\" class=\"aligncenter size-full wp-image-98386\" src=\"http:\/\/senoticias.com.br\/se\/wp-content\/uploads\/2016\/11\/Logo-fone-1-2-1-5.jpg\" alt=\"logo-fone-1-2-1\" width=\"599\" height=\"78\" srcset=\"https:\/\/senoticias.com.br\/se\/wp-content\/uploads\/2016\/11\/Logo-fone-1-2-1-5.jpg 599w, https:\/\/senoticias.com.br\/se\/wp-content\/uploads\/2016\/11\/Logo-fone-1-2-1-5-300x39.jpg 300w\" sizes=\"(max-width: 599px) 100vw, 599px\" \/><\/a><\/p>\n<p><em>Informa\u00e7\u00f5es da\u00a0Assessoria Parlamentar<\/em><\/p>\n","protected":false},"excerpt":{"rendered":"<p>O encontro aconteceu no Hotel Golden Tulip, em Recife, PE e teve como tema: Pol\u00edticas P\u00fablicas e Seguran\u00e7a Social. O evento contou com dois pain\u00e9is de discuss\u00e3o, conduzidos pelo Secret\u00e1rio de Seguran\u00e7a da Prefeitura de Recife, Murilo Cavalcante e reuniu estudantes, parlamentares, profissionais de seguran\u00e7a e demais convidados que discutiram as melhores formas de atender [&hellip;]<\/p>\n","protected":false},"author":5618,"featured_media":98452,"comment_status":"closed","ping_status":"closed","sticky":false,"template":"","format":"standard","meta":{"footnotes":""},"categories":[15,6],"tags":[1685],"class_list":{"0":"post-98451","1":"post","2":"type-post","3":"status-publish","4":"format-standard","5":"has-post-thumbnail","7":"category-destaques","8":"category-politica","9":"tag-goretti-reis-participa-de-seminario-de-seguranca-em-pernambuco"},"_links":{"self":[{"href":"https:\/\/senoticias.com.br\/se\/wp-json\/wp\/v2\/posts\/98451"}],"collection":[{"href":"https:\/\/senoticias.com.br\/se\/wp-json\/wp\/v2\/posts"}],"about":[{"href":"https:\/\/senoticias.com.br\/se\/wp-json\/wp\/v2\/types\/post"}],"author":[{"embeddable":true,"href":"https:\/\/senoticias.com.br\/se\/wp-json\/wp\/v2\/users\/5618"}],"replies":[{"embeddable":true,"href":"https:\/\/senoticias.com.br\/se\/wp-json\/wp\/v2\/comments?post=98451"}],"version-history":[{"count":0,"href":"https:\/\/senoticias.com.br\/se\/wp-json\/wp\/v2\/posts\/98451\/revisions"}],"wp:featuredmedia":[{"embeddable":true,"href":"https:\/\/senoticias.com.br\/se\/wp-json\/wp\/v2\/media\/98452"}],"wp:attachment":[{"href":"https:\/\/senoticias.com.br\/se\/wp-json\/wp\/v2\/media?parent=98451"}],"wp:term":[{"taxonomy":"category","embeddable":true,"href":"https:\/\/senoticias.com.br\/se\/wp-json\/wp\/v2\/categories?post=98451"},{"taxonomy":"post_tag","embeddable":true,"href":"https:\/\/senoticias.com.br\/se\/wp-json\/wp\/v2\/tags?post=98451"}],"curies":[{"name":"wp","href":"https:\/\/api.w.org\/{rel}","templated":true}]}}