{"id":98450,"date":"2016-12-02T16:53:39","date_gmt":"2016-12-02T19:53:39","guid":{"rendered":"http:\/\/senoticias.com.br\/se\/?p=98450"},"modified":"2016-12-02T17:57:38","modified_gmt":"2016-12-02T20:57:38","slug":"tribunal-de-contas-exige-que-municipios-divulguem-relacao-de-credores","status":"publish","type":"post","link":"https:\/\/senoticias.com.br\/se\/tribunal-de-contas-exige-que-municipios-divulguem-relacao-de-credores\/","title":{"rendered":"Tribunal de Contas exige que munic\u00edpios divulguem rela\u00e7\u00e3o de credores"},"content":{"rendered":"<p style=\"text-align: justify;\">O Tribunal de Contas do Estado (TCE\/SE) estabeleceu um prazo de 10 dias para que os munic\u00edpios disponibilizem nos seus portais da transpar\u00eancia as respectivas listas de credores a fim de cumprirem a Resolu\u00e7\u00e3o n\u00ba 296\/2016, que disp\u00f5e sobre a observ\u00e2ncia da ordem cronol\u00f3gica de pagamentos nos contratos firmados.<\/p>\n<div id=\"attachment_91484\" style=\"width: 609px\" class=\"wp-caption aligncenter\"><img loading=\"lazy\" decoding=\"async\" aria-describedby=\"caption-attachment-91484\" class=\"size-full wp-image-91484\" src=\"http:\/\/senoticias.com.br\/se\/wp-content\/uploads\/2016\/05\/1726040053-clovis.jpg\" alt=\"A exig\u00eancia foi proposta pelo conselheiro-presidente Cl\u00f3vis Barbosa de Melo na sess\u00e3o plen\u00e1ria da \u00faltima quinta-feira, dia 1\u00ba, quando lembrou j\u00e1 terem transcorridos os 60 dias necess\u00e1rios para a Resolu\u00e7\u00e3o entrar em vigor. (Foto: Cleverton Ribeiro)\" width=\"599\" height=\"400\" srcset=\"https:\/\/senoticias.com.br\/se\/wp-content\/uploads\/2016\/05\/1726040053-clovis.jpg 599w, https:\/\/senoticias.com.br\/se\/wp-content\/uploads\/2016\/05\/1726040053-clovis-300x200.jpg 300w, https:\/\/senoticias.com.br\/se\/wp-content\/uploads\/2016\/05\/1726040053-clovis-342x228.jpg 342w\" sizes=\"(max-width: 599px) 100vw, 599px\" \/><p id=\"caption-attachment-91484\" class=\"wp-caption-text\">A exig\u00eancia foi proposta pelo conselheiro-presidente Cl\u00f3vis Barbosa de Melo na sess\u00e3o plen\u00e1ria da \u00faltima quinta-feira, dia 1\u00ba, quando lembrou j\u00e1 terem transcorridos os 60 dias necess\u00e1rios para a Resolu\u00e7\u00e3o entrar em vigor. (Foto: Cleverton Ribeiro)<\/p><\/div>\n<p style=\"text-align: justify;\">A exig\u00eancia foi proposta pelo conselheiro-presidente Cl\u00f3vis Barbosa de Melo na sess\u00e3o plen\u00e1ria da \u00faltima quinta-feira, dia 1\u00ba, quando lembrou j\u00e1 terem transcorridos os 60 dias necess\u00e1rios para a Resolu\u00e7\u00e3o entrar em vigor.<\/p>\n<p style=\"text-align: justify;\">Nas publica\u00e7\u00f5es exigidas dos gestores deve conter informa\u00e7\u00f5es como a unidade gestora, fonte de recursos, identifica\u00e7\u00e3o do procedimento administrativo e do contrato, credor, identifica\u00e7\u00e3o do documento demonstrativo do adimplemento contratual para efeito de exigibilidade, valor, data de vencimento da obriga\u00e7\u00e3o, entre outras.<\/p>\n<p>As listas de credores dever\u00e3o ainda ser publicadas semestralmente no respectivo Di\u00e1rio Oficial Eletr\u00f4nico do Tribunal de Contas do Estado no mesmo prazo de publica\u00e7\u00e3o do Relat\u00f3rio de Gest\u00e3o Fiscal.<\/p>\n<p style=\"text-align: justify;\">A Resolu\u00e7\u00e3o n\u00ba. 296\/2016 tem o objetivo de assegurar o cumprimento do artigo 5\u00ba da Lei Federal n\u00ba. 8.666, de 21 de junho de 1993 (Lei de Licita\u00e7\u00f5es), segundo o qual cada unidade da administra\u00e7\u00e3o, no pagamento das obriga\u00e7\u00f5es relativas ao fornecimento de bens, loca\u00e7\u00f5es, realiza\u00e7\u00e3o de obras e presta\u00e7\u00e3o de servi\u00e7os, deve observar a estrita ordem cronol\u00f3gica das datas de suas exigibilidades, conforme a fonte de recursos.<\/p>\n<p style=\"text-align: justify;\">&#8220;O recebimento do pagamento na sequ\u00eancia cronol\u00f3gica de sua exigibilidade constitui leg\u00edtima expectativa daqueles que firmam rela\u00e7\u00e3o jur\u00eddica contratual com a Administra\u00e7\u00e3o&#8221;, diz a Resolu\u00e7\u00e3o, que institui procedimentos, rotinas, deveres e responsabilidades para a adequada observ\u00e2ncia da ordem cronol\u00f3gica de pagamentos nos contratos.<\/p>\n<p style=\"text-align: justify;\">Apesar de vedar o pagamento de despesas em desacordo com a respectiva ordem cronol\u00f3gica de exigibilidade, a Resolu\u00e7\u00e3o prev\u00ea exce\u00e7\u00f5es quando comprovado preju\u00edzo ao interesse p\u00fablico, em situa\u00e7\u00f5es extraordin\u00e1rias.<\/p>\n<p style=\"text-align: justify;\"><img loading=\"lazy\" decoding=\"async\" class=\"aligncenter size-full wp-image-98386\" src=\"http:\/\/senoticias.com.br\/se\/wp-content\/uploads\/2016\/11\/Logo-fone-1-2-1-5.jpg\" alt=\"logo-fone-1-2-1\" width=\"599\" height=\"78\" srcset=\"https:\/\/senoticias.com.br\/se\/wp-content\/uploads\/2016\/11\/Logo-fone-1-2-1-5.jpg 599w, https:\/\/senoticias.com.br\/se\/wp-content\/uploads\/2016\/11\/Logo-fone-1-2-1-5-300x39.jpg 300w\" sizes=\"(max-width: 599px) 100vw, 599px\" \/><\/p>\n<p style=\"text-align: justify;\"><strong>Acompanhe tamb\u00e9m o SE Not\u00edcias no<\/strong><strong>\u00a0<\/strong><strong><a href=\"https:\/\/twitter.com\/Senoticias\">Twitter<\/a>,<\/strong><strong>\u00a0<\/strong><strong><a href=\"https:\/\/www.facebook.com\/senoticias1\">Facebook<\/a><\/strong><strong>\u00a0<\/strong><strong>e no<\/strong><a href=\"https:\/\/www.instagram.com\/senoticias\/\"><strong>\u00a0<\/strong><strong>Instagram<\/strong><\/a><\/p>\n<p style=\"text-align: justify;\"><strong><em>Ascom\/TCE<\/em><\/strong><\/p>\n","protected":false},"excerpt":{"rendered":"<p>O Tribunal de Contas do Estado (TCE\/SE) estabeleceu um prazo de 10 dias para que os munic\u00edpios disponibilizem nos seus portais da transpar\u00eancia as respectivas listas de credores a fim de cumprirem a Resolu\u00e7\u00e3o n\u00ba 296\/2016, que disp\u00f5e sobre a observ\u00e2ncia da ordem cronol\u00f3gica de pagamentos nos contratos firmados. A exig\u00eancia foi proposta pelo conselheiro-presidente [&hellip;]<\/p>\n","protected":false},"author":2,"featured_media":91484,"comment_status":"closed","ping_status":"closed","sticky":false,"template":"","format":"standard","meta":{"footnotes":""},"categories":[15,6],"tags":[],"class_list":{"0":"post-98450","1":"post","2":"type-post","3":"status-publish","4":"format-standard","5":"has-post-thumbnail","7":"category-destaques","8":"category-politica"},"_links":{"self":[{"href":"https:\/\/senoticias.com.br\/se\/wp-json\/wp\/v2\/posts\/98450"}],"collection":[{"href":"https:\/\/senoticias.com.br\/se\/wp-json\/wp\/v2\/posts"}],"about":[{"href":"https:\/\/senoticias.com.br\/se\/wp-json\/wp\/v2\/types\/post"}],"author":[{"embeddable":true,"href":"https:\/\/senoticias.com.br\/se\/wp-json\/wp\/v2\/users\/2"}],"replies":[{"embeddable":true,"href":"https:\/\/senoticias.com.br\/se\/wp-json\/wp\/v2\/comments?post=98450"}],"version-history":[{"count":0,"href":"https:\/\/senoticias.com.br\/se\/wp-json\/wp\/v2\/posts\/98450\/revisions"}],"wp:featuredmedia":[{"embeddable":true,"href":"https:\/\/senoticias.com.br\/se\/wp-json\/wp\/v2\/media\/91484"}],"wp:attachment":[{"href":"https:\/\/senoticias.com.br\/se\/wp-json\/wp\/v2\/media?parent=98450"}],"wp:term":[{"taxonomy":"category","embeddable":true,"href":"https:\/\/senoticias.com.br\/se\/wp-json\/wp\/v2\/categories?post=98450"},{"taxonomy":"post_tag","embeddable":true,"href":"https:\/\/senoticias.com.br\/se\/wp-json\/wp\/v2\/tags?post=98450"}],"curies":[{"name":"wp","href":"https:\/\/api.w.org\/{rel}","templated":true}]}}