{"id":98447,"date":"2016-12-02T17:49:41","date_gmt":"2016-12-02T20:49:41","guid":{"rendered":"http:\/\/senoticias.com.br\/se\/?p=98447"},"modified":"2016-12-05T16:38:00","modified_gmt":"2016-12-05T19:38:00","slug":"governo-implanta-projeto-dom-tavora-em-carira","status":"publish","type":"post","link":"https:\/\/senoticias.com.br\/se\/governo-implanta-projeto-dom-tavora-em-carira\/","title":{"rendered":"Governo implanta Projeto Dom T\u00e1vora em Carira"},"content":{"rendered":"<div class=\"m_339285490041927573mb-30 m_339285490041927573row\">\n<div class=\"m_339285490041927573col-lg-12 m_339285490041927573col-md-12 m_339285490041927573col-sm-12 m_339285490041927573col-xs-12\">\n<div class=\"m_339285490041927573abstract\">\n<p style=\"text-align: justify;\">Nesta segunda-feira, 05, o governador Jackson Barreto autoriza a implanta\u00e7\u00e3o do Projeto Dom T\u00e1vora em Carira, no Agreste sergipano. Ser\u00e3o assinados quatro contratos de Planos de Investimento Produtivo, beneficiando 113 fam\u00edlias, um investimento de R$ 1.238.472,00. \u00a0A solenidade est\u00e1 marcada para as 15 horas.<\/p>\n<div id=\"attachment_98448\" style=\"width: 609px\" class=\"wp-caption aligncenter\"><img loading=\"lazy\" decoding=\"async\" aria-describedby=\"caption-attachment-98448\" class=\"size-full wp-image-98448\" src=\"http:\/\/senoticias.com.br\/se\/wp-content\/uploads\/2016\/12\/Convite-inuguracao-carira-e1480711641197.jpg\" alt=\"O Dom T\u00e1vora ir\u00e1 desenvolver a\u00e7\u00f5es nas \u00e1reas de bovinocultura e ovinocultura em quatro associa\u00e7\u00f5es de moradores de povoados e assentamentos de Carira\" width=\"599\" height=\"599\" \/><p id=\"caption-attachment-98448\" class=\"wp-caption-text\">O Dom T\u00e1vora ir\u00e1 desenvolver a\u00e7\u00f5es nas \u00e1reas de bovinocultura e ovinocultura em quatro associa\u00e7\u00f5es de moradores de povoados e assentamentos de Carira<\/p><\/div>\n<p style=\"text-align: justify;\">Voltado para o incremento de neg\u00f3cios na \u00e1rea rural, com foco nas cadeias produtivas e na sustentabilidade, o Dom T\u00e1vora ir\u00e1 desenvolver a\u00e7\u00f5es nas \u00e1reas de bovinocultura e ovinocultura em quatro associa\u00e7\u00f5es de moradores de povoados e assentamentos de Carira. O Assentamento Luiz Carlos Prestes ser\u00e1 contemplado com um plano de investimento que prev\u00ea a implanta\u00e7\u00e3o de um projeto de bovinocultura que vai beneficiar 28 fam\u00edlias, com investimento de R$ 230.472,00.<\/p>\n<p style=\"text-align: justify;\">A Associa\u00e7\u00e3o Comunit\u00e1ria do Povoado Lagoa Verde celebra conv\u00eanio para a implanta\u00e7\u00e3o de um projeto de ovinocultura, o qual beneficia 30 fam\u00edlias, com investimento de R$ 360.000,00. A Associa\u00e7\u00e3o Comunit\u00e1ria do Povoado Lagoa do Meio ser\u00e1 contemplada com um projeto de ovinocultura. S\u00e3o R$ 360 mil, que beneficiar\u00e1 31 fam\u00edlias. J\u00e1 a Associa\u00e7\u00e3o Comunit\u00e1ria do Povoado Santa Maria foi contemplada com um plano de investimento de ovinocultura, o qual vai beneficiar 24 fam\u00edlias e prev\u00ea um investimento de R$ 288.000,00.<\/p>\n<p><strong>Dom T\u00e1vora<\/strong><\/p>\n<p style=\"text-align: justify;\">O Projeto Dom T\u00e1vora, cofinanciado pela FIDA, tem por objetivo promover o desenvolvimento de neg\u00f3cios agropecu\u00e1rios e n\u00e3o agropecu\u00e1rios, por meio de financiamento de planos de neg\u00f3cios para associa\u00e7\u00f5es e cooperativas de agricultores familiares. Contratado em 2013, com investimento previsto de US$ 28 milh\u00f5es, sendo contrapartida estadual de US$ 12,3 milh\u00f5es, o projeto Dom T\u00e1vora beneficiar\u00e1 10 mil fam\u00edlias de pequenos produtores rurais, beneficiando 40 mil pessoas, atrav\u00e9s da implementa\u00e7\u00e3o de 300 planos de neg\u00f3cios. O Projeto atua em 15 munic\u00edpios dos territ\u00f3rios Agreste Central, Centro Sul, Baixo S\u00e3o Francisco e M\u00e9dio Sert\u00e3o Sergipano.<\/p>\n<p style=\"text-align: justify;\">Entre os munic\u00edpios beneficiados est\u00e3o Nossa Senhora Aparecida, Carira e Pinh\u00e3o (Agreste Central); Tobias Barreto, Po\u00e7o Verde e Sim\u00e3o Dias (Centro Sul); Graccho Cardoso e Aquidab\u00e3 (M\u00e9dio Sert\u00e3o); e Pacatuba, Brejo Grande, Ilha das Flores,\u00a0Ne\u00f3polis, Santana do S\u00e3o Francisco, Japoat\u00e3 e Canhoba (Baixo S\u00e3o Francisco).<\/p>\n<p style=\"text-align: justify;\">O lan\u00e7amento do Projeto Dom T\u00e1vora foi realizado em 07 de janeiro deste ano, no povoado Betume, em Ne\u00f3polis, quando foi celebrado conv\u00eanio entre o Governo do Estado de Sergipe e a Associa\u00e7\u00e3o de Pescadores Evang\u00e9licos do povoado celebraram conv\u00eanio para a implementa\u00e7\u00e3o de um Plano de Neg\u00f3cios de Piscicultura Intensiva em Tanques Rede. \u00a0O plano promove o fortalecimento do cultivo de til\u00e1pias no sistema intensivo de tanques redes, proporcionando uma melhoria na qualidade de vida a 20 fam\u00edlia de pescadores benefici\u00e1rias que viviam em situa\u00e7\u00e3o de risco e vulnerabilidade social. O investimento foi de R$ 300.617,00.<\/p>\n<p style=\"text-align: justify;\">Na \u00faltima sexta-feira, 02 de dezembro, foram celebrados tr\u00eas planos de investimento produtivo no munic\u00edpio de Graccho Cardoso. O investimento \u00e9 de R$ 986.641,19 e beneficia 98 fam\u00edlias de agricultores familiares, um total de 400 pessoas.<\/p>\n<p><strong>Servi\u00e7o<\/strong><\/p>\n<p style=\"text-align: justify;\"><strong>O qu\u00ea<\/strong>&#8211; Assinatura de contratos de Planos de Investimento Produtivo no \u00e2mbito do Projeto Dom T\u00e1vora;<\/p>\n<p><strong>Quando<\/strong>&#8211; Nesta segunda-feira, dia 05, \u00e0s 15 horas;<\/p>\n<p><strong>Onde<\/strong>&#8211; Clube do BNB, em Carira.<\/p>\n<\/div>\n<div class=\"m_339285490041927573abstract\"><\/div>\n<\/div>\n<\/div>\n<p><img loading=\"lazy\" decoding=\"async\" class=\"aligncenter size-full wp-image-98386\" src=\"http:\/\/senoticias.com.br\/se\/wp-content\/uploads\/2016\/11\/Logo-fone-1-2-1-5.jpg\" alt=\"logo-fone-1-2-1\" width=\"599\" height=\"78\" srcset=\"https:\/\/senoticias.com.br\/se\/wp-content\/uploads\/2016\/11\/Logo-fone-1-2-1-5.jpg 599w, https:\/\/senoticias.com.br\/se\/wp-content\/uploads\/2016\/11\/Logo-fone-1-2-1-5-300x39.jpg 300w\" sizes=\"(max-width: 599px) 100vw, 599px\" \/><br \/>\n<strong>Acompanhe tamb\u00e9m o SE Not\u00edcias no<\/strong><strong>\u00a0<\/strong><strong><a href=\"https:\/\/twitter.com\/Senoticias\">Twitter<\/a>,<\/strong><strong>\u00a0<\/strong><strong><a href=\"https:\/\/www.facebook.com\/senoticias1\">Facebook<\/a><\/strong><strong>\u00a0<\/strong><strong>e no<\/strong><a href=\"https:\/\/www.instagram.com\/senoticias\/\"><strong>\u00a0<\/strong><strong>Instagram<\/strong><\/a><\/p>\n<p><em>Secretaria de Estado da Comunica\u00e7\u00e3o Social <\/em><br \/>\n<em>Governo de Sergipe <\/em><\/p>\n","protected":false},"excerpt":{"rendered":"<p>Nesta segunda-feira, 05, o governador Jackson Barreto autoriza a implanta\u00e7\u00e3o do Projeto Dom T\u00e1vora em Carira, no Agreste sergipano. Ser\u00e3o assinados quatro contratos de Planos de Investimento Produtivo, beneficiando 113 fam\u00edlias, um investimento de R$ 1.238.472,00. \u00a0A solenidade est\u00e1 marcada para as 15 horas. Voltado para o incremento de neg\u00f3cios na \u00e1rea rural, com foco [&hellip;]<\/p>\n","protected":false},"author":2,"featured_media":98448,"comment_status":"closed","ping_status":"closed","sticky":false,"template":"","format":"standard","meta":{"footnotes":""},"categories":[15,6],"tags":[],"class_list":{"0":"post-98447","1":"post","2":"type-post","3":"status-publish","4":"format-standard","5":"has-post-thumbnail","7":"category-destaques","8":"category-politica"},"_links":{"self":[{"href":"https:\/\/senoticias.com.br\/se\/wp-json\/wp\/v2\/posts\/98447"}],"collection":[{"href":"https:\/\/senoticias.com.br\/se\/wp-json\/wp\/v2\/posts"}],"about":[{"href":"https:\/\/senoticias.com.br\/se\/wp-json\/wp\/v2\/types\/post"}],"author":[{"embeddable":true,"href":"https:\/\/senoticias.com.br\/se\/wp-json\/wp\/v2\/users\/2"}],"replies":[{"embeddable":true,"href":"https:\/\/senoticias.com.br\/se\/wp-json\/wp\/v2\/comments?post=98447"}],"version-history":[{"count":0,"href":"https:\/\/senoticias.com.br\/se\/wp-json\/wp\/v2\/posts\/98447\/revisions"}],"wp:featuredmedia":[{"embeddable":true,"href":"https:\/\/senoticias.com.br\/se\/wp-json\/wp\/v2\/media\/98448"}],"wp:attachment":[{"href":"https:\/\/senoticias.com.br\/se\/wp-json\/wp\/v2\/media?parent=98447"}],"wp:term":[{"taxonomy":"category","embeddable":true,"href":"https:\/\/senoticias.com.br\/se\/wp-json\/wp\/v2\/categories?post=98447"},{"taxonomy":"post_tag","embeddable":true,"href":"https:\/\/senoticias.com.br\/se\/wp-json\/wp\/v2\/tags?post=98447"}],"curies":[{"name":"wp","href":"https:\/\/api.w.org\/{rel}","templated":true}]}}