{"id":98446,"date":"2016-12-02T17:23:43","date_gmt":"2016-12-02T20:23:43","guid":{"rendered":"http:\/\/senoticias.com.br\/se\/?p=98446"},"modified":"2016-12-02T17:25:17","modified_gmt":"2016-12-02T20:25:17","slug":"ans-suspende-a-comercializacao-de-69-planos-de-saude-de-11-operadoras","status":"publish","type":"post","link":"https:\/\/senoticias.com.br\/se\/ans-suspende-a-comercializacao-de-69-planos-de-saude-de-11-operadoras\/","title":{"rendered":"ANS suspende a comercializa\u00e7\u00e3o de 69 planos de sa\u00fade de 11 operadoras"},"content":{"rendered":"<p style=\"text-align: justify;\">A Ag\u00eancia Nacional de Sa\u00fade Suplementar (ANS) vai suspender por pelo menos tr\u00eas meses a comercializa\u00e7\u00e3o de <a href=\"http:\/\/www.ans.gov.br\/planos-de-saude-e-operadoras\/contratacao-e-troca-de-plano\/planos-de-saude-com-comercializacao-suspensa\/operadoras-com-planos-suspensos\"><strong>69 planos de sa\u00fade de 11 operadoras<\/strong><\/a> a partir de sexta-feira (9). A medida \u00e9 uma puni\u00e7\u00e3o devido a reclama\u00e7\u00f5es recebidas no terceiro trimestre de 2016 e relativas \u00e0 cobertura assistencial, como negativas e demora no atendimento.<\/p>\n<div id=\"attachment_92742\" style=\"width: 609px\" class=\"wp-caption aligncenter\"><img loading=\"lazy\" decoding=\"async\" aria-describedby=\"caption-attachment-92742\" class=\"size-full wp-image-92742\" src=\"http:\/\/senoticias.com.br\/se\/wp-content\/uploads\/2016\/06\/Aumento-dos-planos-de-saude-e1464985571488.jpg\" alt=\"ANS suspende a comercializa\u00e7\u00e3o de 69 planos de sa\u00fade. (Foto: divulga\u00e7\u00e3o\/ANS)\" width=\"599\" height=\"449\" \/><p id=\"caption-attachment-92742\" class=\"wp-caption-text\">ANS suspende a comercializa\u00e7\u00e3o de 69 planos de sa\u00fade. (Foto: divulga\u00e7\u00e3o\/ANS)<\/p><\/div>\n<p style=\"text-align: justify;\">Juntos, os planos de sa\u00fade suspensos t\u00eam cerca de 692 mil benefici\u00e1rios. Estes clientes n\u00e3o s\u00e3o afetados pela puni\u00e7\u00e3o, pois a inten\u00e7\u00e3o da ANS \u00e9 que as operadoras melhorem os servi\u00e7os prestados aos atuais benefici\u00e1rios para s\u00f3 ent\u00e3o come\u00e7arem a oferecer servi\u00e7o a novos clientes. O levantamento das reclama\u00e7\u00f5es \u00e9 feito a cada tr\u00eas meses. A medida levou em considera\u00e7\u00e3o 13.956 reclama\u00e7\u00f5es recebidas no per\u00edodo de 1\u00b0 de julho a 30 de setembro.<\/p>\n<p>&nbsp;<\/p>\n<p style=\"text-align: justify;\">Das 11 operadoras com planos suspensos, uma j\u00e1 tinha recebido a puni\u00e7\u00e3o no per\u00edodo anterior, nos meses de abril, maio e junho, e 10 n\u00e3o constavam na \u00faltima lista. Enquanto isso, oito operadoras poder\u00e3o voltar a comercializar 22 produtos que estavam impedidas de vender.<\/p>\n<p style=\"text-align: justify;\"><img loading=\"lazy\" decoding=\"async\" class=\"aligncenter size-full wp-image-98386\" src=\"http:\/\/senoticias.com.br\/se\/wp-content\/uploads\/2016\/11\/Logo-fone-1-2-1-5.jpg\" alt=\"logo-fone-1-2-1\" width=\"599\" height=\"78\" srcset=\"https:\/\/senoticias.com.br\/se\/wp-content\/uploads\/2016\/11\/Logo-fone-1-2-1-5.jpg 599w, https:\/\/senoticias.com.br\/se\/wp-content\/uploads\/2016\/11\/Logo-fone-1-2-1-5-300x39.jpg 300w\" sizes=\"(max-width: 599px) 100vw, 599px\" \/><\/p>\n<p style=\"text-align: justify;\"><strong>Acompanhe tamb\u00e9m o SE Not\u00edcias no<\/strong><strong>\u00a0<\/strong><strong><a href=\"https:\/\/twitter.com\/Senoticias\">Twitter<\/a>,<\/strong><strong>\u00a0<\/strong><strong><a href=\"https:\/\/www.facebook.com\/senoticias1\">Facebook<\/a><\/strong><strong>\u00a0<\/strong><strong>e no<\/strong><a href=\"https:\/\/www.instagram.com\/senoticias\/\"><strong>\u00a0<\/strong><strong>Instagram<\/strong><\/a><\/p>\n<p><em>Ag\u00eancia Brasil<\/em><\/p>\n","protected":false},"excerpt":{"rendered":"<p>A Ag\u00eancia Nacional de Sa\u00fade Suplementar (ANS) vai suspender por pelo menos tr\u00eas meses a comercializa\u00e7\u00e3o de 69 planos de sa\u00fade de 11 operadoras a partir de sexta-feira (9). A medida \u00e9 uma puni\u00e7\u00e3o devido a reclama\u00e7\u00f5es recebidas no terceiro trimestre de 2016 e relativas \u00e0 cobertura assistencial, como negativas e demora no atendimento. Juntos, [&hellip;]<\/p>\n","protected":false},"author":2,"featured_media":92742,"comment_status":"closed","ping_status":"closed","sticky":false,"template":"","format":"standard","meta":{"footnotes":""},"categories":[6],"tags":[],"class_list":{"0":"post-98446","1":"post","2":"type-post","3":"status-publish","4":"format-standard","5":"has-post-thumbnail","7":"category-politica"},"_links":{"self":[{"href":"https:\/\/senoticias.com.br\/se\/wp-json\/wp\/v2\/posts\/98446"}],"collection":[{"href":"https:\/\/senoticias.com.br\/se\/wp-json\/wp\/v2\/posts"}],"about":[{"href":"https:\/\/senoticias.com.br\/se\/wp-json\/wp\/v2\/types\/post"}],"author":[{"embeddable":true,"href":"https:\/\/senoticias.com.br\/se\/wp-json\/wp\/v2\/users\/2"}],"replies":[{"embeddable":true,"href":"https:\/\/senoticias.com.br\/se\/wp-json\/wp\/v2\/comments?post=98446"}],"version-history":[{"count":0,"href":"https:\/\/senoticias.com.br\/se\/wp-json\/wp\/v2\/posts\/98446\/revisions"}],"wp:featuredmedia":[{"embeddable":true,"href":"https:\/\/senoticias.com.br\/se\/wp-json\/wp\/v2\/media\/92742"}],"wp:attachment":[{"href":"https:\/\/senoticias.com.br\/se\/wp-json\/wp\/v2\/media?parent=98446"}],"wp:term":[{"taxonomy":"category","embeddable":true,"href":"https:\/\/senoticias.com.br\/se\/wp-json\/wp\/v2\/categories?post=98446"},{"taxonomy":"post_tag","embeddable":true,"href":"https:\/\/senoticias.com.br\/se\/wp-json\/wp\/v2\/tags?post=98446"}],"curies":[{"name":"wp","href":"https:\/\/api.w.org\/{rel}","templated":true}]}}