{"id":98441,"date":"2016-12-02T14:09:25","date_gmt":"2016-12-02T17:09:25","guid":{"rendered":"http:\/\/senoticias.com.br\/se\/?p=98441"},"modified":"2016-12-03T07:16:18","modified_gmt":"2016-12-03T10:16:18","slug":"seis-presos-fogem-do-presidio-de-sao-cristovao","status":"publish","type":"post","link":"https:\/\/senoticias.com.br\/se\/seis-presos-fogem-do-presidio-de-sao-cristovao\/","title":{"rendered":"Seis presos fogem do pres\u00eddio de S\u00e3o Crist\u00f3v\u00e3o; confira fotos"},"content":{"rendered":"<p style=\"text-align: justify;\">Seis\u00a0detentos fugiram do Complexo Penitenci\u00e1rio Doutor Manoel Carvalho Neto (Copemcan) na madrugada desta sexta-feira (2). A unidade localizada no munic\u00edpio de S\u00e3o Crist\u00f3v\u00e3o (SE) e a pol\u00edcia realiza as buscas pelos fugitivos.<\/p>\n<div id=\"attachment_98442\" style=\"width: 609px\" class=\"wp-caption aligncenter\"><img loading=\"lazy\" decoding=\"async\" aria-describedby=\"caption-attachment-98442\" class=\"size-full wp-image-98442\" src=\"http:\/\/senoticias.com.br\/se\/wp-content\/uploads\/2016\/12\/WhatsApp-Image-2016-12-02-at-11.03.28-1-e1480698071774.jpeg\" alt=\"Os fugitivos estavam na unidade de seguro B, onde ficam os presos que possuem algum tipo de rivalidade com outros e os que t\u00eam pouco tempo no pres\u00eddio. (Foto: Redes Sociais)\" width=\"599\" height=\"1065\" \/><p id=\"caption-attachment-98442\" class=\"wp-caption-text\">Os fugitivos estavam na unidade de seguro B, onde ficam os presos que possuem algum tipo de rivalidade com outros e os que t\u00eam pouco tempo no pres\u00eddio. (Foto: Redes Sociais)<\/p><\/div>\n<p style=\"text-align: justify;\">A fuga foi percebida pelos agentes penitenci\u00e1rios no in\u00edcio da manh\u00e3. A fuga ocorreu no Pavilh\u00e3o 5, que tem capacidade para 160, mas abriga 450. Somente este ano, j\u00e1 houve mais de 50 presos fugiram do Copemcan.<\/p>\n<div id=\"attachment_98443\" style=\"width: 609px\" class=\"wp-caption aligncenter\"><img loading=\"lazy\" decoding=\"async\" aria-describedby=\"caption-attachment-98443\" class=\"size-full wp-image-98443\" src=\"http:\/\/senoticias.com.br\/se\/wp-content\/uploads\/2016\/12\/WhatsApp-Image-2016-12-02-at-11.04.42-1-e1480698358513.jpeg\" alt=\"Para conseguir fugir do local, os presidi\u00e1rios fizeram uma \u201cteresa\u201d, uma esp\u00e9cie de corda feita com len\u00e7\u00f3is, e sa\u00edram pelo muro. (Foto: Redes Sociais)\" width=\"599\" height=\"1065\" \/><p id=\"caption-attachment-98443\" class=\"wp-caption-text\">Para conseguir fugir do local, os presidi\u00e1rios fizeram uma \u201cteresa\u201d, uma esp\u00e9cie de corda feita com len\u00e7\u00f3is, e sa\u00edram pelo muro. (Foto: Redes Sociais)<\/p><\/div>\n<div id=\"attachment_98444\" style=\"width: 609px\" class=\"wp-caption aligncenter\"><img loading=\"lazy\" decoding=\"async\" aria-describedby=\"caption-attachment-98444\" class=\"size-full wp-image-98444\" src=\"http:\/\/senoticias.com.br\/se\/wp-content\/uploads\/2016\/12\/WhatsApp-Image-2016-12-02-at-11.03.31-e1480698466938.jpeg\" alt=\"Os presidi\u00e1rios utilizaram um \u201calicate\u201d, uma esp\u00e9cie de corda feita com len\u00e7\u00f3is, e sa\u00edram pelo muro.\" width=\"599\" height=\"337\" \/><p id=\"caption-attachment-98444\" class=\"wp-caption-text\">Os presidi\u00e1rios utilizaram um \u201calicate\u201d, para cortar o port\u00e3o, e sa\u00edram pelo muro. (Foto: redes Sociais)<\/p><\/div>\n<p><img loading=\"lazy\" decoding=\"async\" class=\"aligncenter size-full wp-image-98386\" src=\"http:\/\/senoticias.com.br\/se\/wp-content\/uploads\/2016\/11\/Logo-fone-1-2-1-5.jpg\" alt=\"logo-fone-1-2-1\" width=\"599\" height=\"78\" srcset=\"https:\/\/senoticias.com.br\/se\/wp-content\/uploads\/2016\/11\/Logo-fone-1-2-1-5.jpg 599w, https:\/\/senoticias.com.br\/se\/wp-content\/uploads\/2016\/11\/Logo-fone-1-2-1-5-300x39.jpg 300w\" sizes=\"(max-width: 599px) 100vw, 599px\" \/><\/p>\n<p><strong>Acompanhe tamb\u00e9m o SE Not\u00edcias no<\/strong><strong>\u00a0<\/strong><strong><a href=\"https:\/\/twitter.com\/Senoticias\">Twitter<\/a>,<\/strong><strong>\u00a0<\/strong><strong><a href=\"https:\/\/www.facebook.com\/senoticias1\">Facebook<\/a><\/strong><strong>\u00a0<\/strong><strong>e no<\/strong><a href=\"https:\/\/www.instagram.com\/senoticias\/\"><strong>\u00a0<\/strong><strong>Instagram<\/strong><\/a><\/p>\n<p><strong><em>Informa\u00e7\u00f5es do G1 SE<\/em><\/strong><\/p>\n","protected":false},"excerpt":{"rendered":"<p>Seis\u00a0detentos fugiram do Complexo Penitenci\u00e1rio Doutor Manoel Carvalho Neto (Copemcan) na madrugada desta sexta-feira (2). A unidade localizada no munic\u00edpio de S\u00e3o Crist\u00f3v\u00e3o (SE) e a pol\u00edcia realiza as buscas pelos fugitivos. A fuga foi percebida pelos agentes penitenci\u00e1rios no in\u00edcio da manh\u00e3. A fuga ocorreu no Pavilh\u00e3o 5, que tem capacidade para 160, mas [&hellip;]<\/p>\n","protected":false},"author":2,"featured_media":98442,"comment_status":"closed","ping_status":"closed","sticky":false,"template":"","format":"standard","meta":{"footnotes":""},"categories":[7],"tags":[],"class_list":{"0":"post-98441","1":"post","2":"type-post","3":"status-publish","4":"format-standard","5":"has-post-thumbnail","7":"category-policia"},"_links":{"self":[{"href":"https:\/\/senoticias.com.br\/se\/wp-json\/wp\/v2\/posts\/98441"}],"collection":[{"href":"https:\/\/senoticias.com.br\/se\/wp-json\/wp\/v2\/posts"}],"about":[{"href":"https:\/\/senoticias.com.br\/se\/wp-json\/wp\/v2\/types\/post"}],"author":[{"embeddable":true,"href":"https:\/\/senoticias.com.br\/se\/wp-json\/wp\/v2\/users\/2"}],"replies":[{"embeddable":true,"href":"https:\/\/senoticias.com.br\/se\/wp-json\/wp\/v2\/comments?post=98441"}],"version-history":[{"count":0,"href":"https:\/\/senoticias.com.br\/se\/wp-json\/wp\/v2\/posts\/98441\/revisions"}],"wp:featuredmedia":[{"embeddable":true,"href":"https:\/\/senoticias.com.br\/se\/wp-json\/wp\/v2\/media\/98442"}],"wp:attachment":[{"href":"https:\/\/senoticias.com.br\/se\/wp-json\/wp\/v2\/media?parent=98441"}],"wp:term":[{"taxonomy":"category","embeddable":true,"href":"https:\/\/senoticias.com.br\/se\/wp-json\/wp\/v2\/categories?post=98441"},{"taxonomy":"post_tag","embeddable":true,"href":"https:\/\/senoticias.com.br\/se\/wp-json\/wp\/v2\/tags?post=98441"}],"curies":[{"name":"wp","href":"https:\/\/api.w.org\/{rel}","templated":true}]}}