{"id":98438,"date":"2016-12-02T13:32:10","date_gmt":"2016-12-02T16:32:10","guid":{"rendered":"http:\/\/senoticias.com.br\/se\/?p=98438"},"modified":"2016-12-05T16:39:45","modified_gmt":"2016-12-05T19:39:45","slug":"operacao-venal-resulta-em-sete-presos-por-fraudes-no-pagamento-do-iptu-de-aracaju","status":"publish","type":"post","link":"https:\/\/senoticias.com.br\/se\/operacao-venal-resulta-em-sete-presos-por-fraudes-no-pagamento-do-iptu-de-aracaju\/","title":{"rendered":"Opera\u00e7\u00e3o Venal resulta em sete presos por fraudes no pagamento do IPTU de Aracaju"},"content":{"rendered":"<p style=\"text-align: justify;\">Foi realizada na manh\u00e3 desta sexta-feira, 02, na Sala de Imprensa \u201cRadialista J\u00falio C\u00e9sar\u201d, a coletiva de imprensa com o objetivo de informar o resultado da Opera\u00e7\u00e3o Venal, deflagrada nas primeiras horas de hoje. O objetivo \u00e9 dar cumprimento a diversos mandados de pris\u00e3o e de busca e apreens\u00e3o contra pessoas envolvidas em fraudes no pagamento do IPTU de Aracaju. A opera\u00e7\u00e3o \u00e9 furto de investiga\u00e7\u00f5es do Departamento de Crimes contra a Ordem Tribut\u00e1ria e Administra\u00e7\u00e3o P\u00fablica (Deotap).<\/p>\n<p>Clique\u00a0<a href=\"https:\/\/www.flickr.com\/photos\/142963275@N03\/albums\/72157677227018146\">aqui<\/a>\u00a0e confira mais fotos da Opera\u00e7\u00e3o Venal<\/p>\n<p style=\"text-align: justify;\">Segundo o delegado Gabriel Nogueira, coordenador das investiga\u00e7\u00f5es no Deotap, a den\u00fancia sobre fraudes no imposto municipal partiu de auditores daSecretaria Municipal da Fazenda. \u201cRecebemos a informa\u00e7\u00e3o de que um funcion\u00e1rio comissionado da Prefeitura, lotado na PGM, fazia uso de uma senha de diretor da Secretaria de Finan\u00e7as de Aracaju, e a partir da\u00ed cancelava d\u00e9bitos de IPTU e ISS mediante cobran\u00e7a de propina\u201d, relatou.<\/p>\n<p style=\"text-align: justify;\">A fraude envolvia a utiliza\u00e7\u00e3o de uma senha de uma servidora da Semfaz que estava autorizada a fazer as baixas do IPTU no sistema, que foi obtida de forma il\u00edcita pelo servidor comissionado da Prefeitura que atualmente estava cedido para a Procuradoria Geral do Munic\u00edpio. De l\u00e1, eram feitas as altera\u00e7\u00f5es no sistema para a retirada dos d\u00e9bitos. Al\u00e9m dele, havia a participa\u00e7\u00e3o de dois indiv\u00edduos, respons\u00e1veis por intermediar as negocia\u00e7\u00f5es entre o servidor p\u00fablico e as empresas benefici\u00e1rias.<\/p>\n<div id=\"attachment_98439\" style=\"width: 609px\" class=\"wp-caption aligncenter\"><img loading=\"lazy\" decoding=\"async\" aria-describedby=\"caption-attachment-98439\" class=\"size-full wp-image-98439\" src=\"http:\/\/senoticias.com.br\/se\/wp-content\/uploads\/2016\/12\/Dinheiro-da-operacao-venal-SE-Noticias-e1480696513144.jpg\" alt=\"Sete suspeitos de fraudes s\u00e3o presos por preju\u00edzo de R$ 17 milh\u00f5es no IPTU. (Foto: SSP\/SE)\" width=\"599\" height=\"400\" \/><p id=\"caption-attachment-98439\" class=\"wp-caption-text\">Sete suspeitos de fraudes s\u00e3o presos por preju\u00edzo de R$ 17 milh\u00f5es no IPTU. (Foto: SSP\/SE)<\/p><\/div>\n<p style=\"text-align: justify;\">\u201cEm um dos casos investigados, havia um d\u00e9bito, por parte da empresa, no valor de 10 milh\u00f5es de reais, e que o servidor teria recebido 100 mil reais de propina para a retirada desse d\u00e9bito no sistema da Semfaz de Aracaju\u201d, explicou o delegado Gabriel Nogueira.<\/p>\n<p style=\"text-align: justify;\">Foram presos na manh\u00e3 de hoje: V\u00edtor Alexandre de Barros Alves, respons\u00e1vel por promover as altera\u00e7\u00f5es indevidas de dados no sistema informatizado da Semfaz de Aracaju; Luiz Humberto Rezende Machado Filho, um dos respons\u00e1veis por intermediar as negocia\u00e7\u00f5es entre o V\u00edtor Alexandre e o grupo econ\u00f4mico Cunha, inclusive, recebendo as vantagens indevidas para repassar a V\u00edtor; Leovaldo Santos de Almeida, conhecido como \u201cAldo\u201d, juntamente com Luiz Humberto, seria um dos respons\u00e1veis por intermediar as negocia\u00e7\u00f5es entre o V\u00edtor Alexandre e o grupo econ\u00f4mico Cunha.<\/p>\n<p style=\"text-align: justify;\">Entre os empres\u00e1rios, foram presos: Jos\u00e9 Francisco da Cunha, que teria se beneficiado em mais de R$ 10 milh\u00f5es em cancelamentos ilegais de IPTU (h\u00e1, inclusive, ind\u00edcios que ele teria efetuado o pagamento de vantagem econ\u00f4mica indevida para a consecu\u00e7\u00e3o do peculato eletr\u00f4nico); Edison Jos\u00e9 dos Santos, apontado como o segundo principal benefici\u00e1rio do esquema criminoso, tendo-se beneficiado em mais de tr\u00eas milh\u00f5es de reais em cancelamentos ilegais de IPTU; Sandra Regina da Cunha D&#8217;Elia, propriet\u00e1ria da empresa Uni\u00e3o Seguran\u00e7a Patrimonial, e uma das principais benefici\u00e1rias do esquema criminoso. A sua empresa auferiu mais de R$ 400 mil de cancelamentos ilegais de IPTU (h\u00e1 ind\u00edcios que revelam que ela pessoalmente pagou vantagem indevida ao servidor p\u00fablico Vitor Alexandre); e Carlos Henrique Soares Nascimento, apontado como o terceiro principal benefici\u00e1rio do esquema criminoso, quando levado em considera\u00e7\u00e3o os im\u00f3veis registrados em seu nome e no de suas empresas (HOTEL APERIP\u00ca e NATOUR). O seu grupo econ\u00f4mico teria se beneficado em mais de R$ 1 milh\u00e3o em cancelamentos ilegais de IPTU, perante a Semfaz.<\/p>\n<p style=\"text-align: justify;\">A partir de um levantamento feito at\u00e9 esse momento, constatou-se que mais de R$ 17 milh\u00f5es foram retirados do cadastro de d\u00e9bito da Prefeitura de Aracaju. Tamb\u00e9m foram identificados mais de 17 benefici\u00e1rios dessa pr\u00e1tica delitiva, que ser\u00e3o chamados posteriormente para os devidos esclarecimentos. A Pol\u00edcia Civil ainda apreendeu, durante a opera\u00e7\u00e3o, certa quantia em esp\u00e9cie que foi recolhida em dois locais alvos da investiga\u00e7\u00e3o. O dinheiro foi encaminhado \u00e0 sede da DEOTAP, juntamente com os seus propriet\u00e1rios, para contagem.<\/p>\n<p style=\"text-align: justify;\">No total, cerca de 80 profissionais, entre delegados, agentes e escriv\u00e3es, participaram da opera\u00e7\u00e3o, no cumprimento dos mandados de pris\u00e3o e de busca e apreens\u00e3o. Todo o material apreendido ser\u00e1 submetido a exame pericial feito pelo Laborat\u00f3rio de Tecnologia contra a Lavagem de Dinheiro.<\/p>\n<p style=\"text-align: justify;\">Tamb\u00e9m estiveram presentes na coletiva, o secret\u00e1rio de Seguran\u00e7a P\u00fablica de Sergipe, Jo\u00e3o Batista Santos, J\u00fanior; o delegado-geral da Pol\u00edcia Civil, Alessandro Vieira; as delegadas Daniele Garcia, coordenadora do Deotap e N\u00e1dia Flausino; os procuradores do Munic\u00edpio, Carlos Pinna e Ramon Rocha; e o secret\u00e1rio da Fazenda de Aracaju, Jair Ara\u00fajo de Oliveira.<\/p>\n<p style=\"text-align: justify;\"><img loading=\"lazy\" decoding=\"async\" class=\"aligncenter size-full wp-image-98386\" src=\"http:\/\/senoticias.com.br\/se\/wp-content\/uploads\/2016\/11\/Logo-fone-1-2-1-5.jpg\" alt=\"logo-fone-1-2-1\" width=\"599\" height=\"78\" srcset=\"https:\/\/senoticias.com.br\/se\/wp-content\/uploads\/2016\/11\/Logo-fone-1-2-1-5.jpg 599w, https:\/\/senoticias.com.br\/se\/wp-content\/uploads\/2016\/11\/Logo-fone-1-2-1-5-300x39.jpg 300w\" sizes=\"(max-width: 599px) 100vw, 599px\" \/><\/p>\n<p style=\"text-align: justify;\"><strong>Acompanhe tamb\u00e9m o SE Not\u00edcias no<\/strong><strong>\u00a0<\/strong><strong><a href=\"https:\/\/twitter.com\/Senoticias\">Twitter<\/a>,<\/strong><strong>\u00a0<\/strong><strong><a href=\"https:\/\/www.facebook.com\/senoticias1\">Facebook<\/a><\/strong><strong>\u00a0<\/strong><strong>e no<\/strong><a href=\"https:\/\/www.instagram.com\/senoticias\/\"><strong>\u00a0<\/strong><strong>Instagram<\/strong><\/a><\/p>\n<p style=\"text-align: justify;\"><strong><em>Informa\u00e7\u00f5es da SSP\/SE<\/em><\/strong><\/p>\n","protected":false},"excerpt":{"rendered":"<p>Foi realizada na manh\u00e3 desta sexta-feira, 02, na Sala de Imprensa \u201cRadialista J\u00falio C\u00e9sar\u201d, a coletiva de imprensa com o objetivo de informar o resultado da Opera\u00e7\u00e3o Venal, deflagrada nas primeiras horas de hoje. O objetivo \u00e9 dar cumprimento a diversos mandados de pris\u00e3o e de busca e apreens\u00e3o contra pessoas envolvidas em fraudes no [&hellip;]<\/p>\n","protected":false},"author":2,"featured_media":98439,"comment_status":"closed","ping_status":"closed","sticky":false,"template":"","format":"standard","meta":{"footnotes":""},"categories":[15,6],"tags":[],"class_list":{"0":"post-98438","1":"post","2":"type-post","3":"status-publish","4":"format-standard","5":"has-post-thumbnail","7":"category-destaques","8":"category-politica"},"_links":{"self":[{"href":"https:\/\/senoticias.com.br\/se\/wp-json\/wp\/v2\/posts\/98438"}],"collection":[{"href":"https:\/\/senoticias.com.br\/se\/wp-json\/wp\/v2\/posts"}],"about":[{"href":"https:\/\/senoticias.com.br\/se\/wp-json\/wp\/v2\/types\/post"}],"author":[{"embeddable":true,"href":"https:\/\/senoticias.com.br\/se\/wp-json\/wp\/v2\/users\/2"}],"replies":[{"embeddable":true,"href":"https:\/\/senoticias.com.br\/se\/wp-json\/wp\/v2\/comments?post=98438"}],"version-history":[{"count":0,"href":"https:\/\/senoticias.com.br\/se\/wp-json\/wp\/v2\/posts\/98438\/revisions"}],"wp:featuredmedia":[{"embeddable":true,"href":"https:\/\/senoticias.com.br\/se\/wp-json\/wp\/v2\/media\/98439"}],"wp:attachment":[{"href":"https:\/\/senoticias.com.br\/se\/wp-json\/wp\/v2\/media?parent=98438"}],"wp:term":[{"taxonomy":"category","embeddable":true,"href":"https:\/\/senoticias.com.br\/se\/wp-json\/wp\/v2\/categories?post=98438"},{"taxonomy":"post_tag","embeddable":true,"href":"https:\/\/senoticias.com.br\/se\/wp-json\/wp\/v2\/tags?post=98438"}],"curies":[{"name":"wp","href":"https:\/\/api.w.org\/{rel}","templated":true}]}}