{"id":98432,"date":"2016-12-02T08:46:10","date_gmt":"2016-12-02T11:46:10","guid":{"rendered":"http:\/\/senoticias.com.br\/se\/?p=98432"},"modified":"2016-12-02T08:58:31","modified_gmt":"2016-12-02T11:58:31","slug":"policiais-civis-de-sergipe-cumpre-mandado-de-prisao-em-jequieba","status":"publish","type":"post","link":"https:\/\/senoticias.com.br\/se\/policiais-civis-de-sergipe-cumpre-mandado-de-prisao-em-jequieba\/","title":{"rendered":"Pol\u00edcia  Civil de Sergipe cumpre mandado de pris\u00e3o em Jequi\u00e9\/BA"},"content":{"rendered":"<p style=\"text-align: justify;\">Policiais Civis lotados na Delegacia Regional de Itabaiana, sob a coordena\u00e7\u00e3o dos delegados F\u00e1bio Santana e Lauana Guedes, com apoio da Pol\u00edcia Civil do estado da Bahia, efetuaram na noite dessa quinta-feira, 01, a pris\u00e3o de Adams Vargas Silva, 20 anos, em cumprimento a mandado de pris\u00e3o expedido pela Justi\u00e7a. Ele foi preso na cidade baiana de Jequi\u00e9.<\/p>\n<div id=\"attachment_98433\" style=\"width: 415px\" class=\"wp-caption aligncenter\"><img loading=\"lazy\" decoding=\"async\" aria-describedby=\"caption-attachment-98433\" class=\"size-full wp-image-98433\" src=\"http:\/\/senoticias.com.br\/se\/wp-content\/uploads\/2016\/12\/Suspeito-preso-na-bahia-SE-Noticias.jpg\" alt=\"Preso \u00e9 suspeito de compor uma associa\u00e7\u00e3o criminosa especializada em furto de ve\u00edculos. (Foto: Pol\u00edcia Civil\/Sergipe) \" width=\"405\" height=\"380\" srcset=\"https:\/\/senoticias.com.br\/se\/wp-content\/uploads\/2016\/12\/Suspeito-preso-na-bahia-SE-Noticias.jpg 405w, https:\/\/senoticias.com.br\/se\/wp-content\/uploads\/2016\/12\/Suspeito-preso-na-bahia-SE-Noticias-300x281.jpg 300w\" sizes=\"(max-width: 405px) 100vw, 405px\" \/><p id=\"caption-attachment-98433\" class=\"wp-caption-text\">Preso \u00e9 suspeito de compor uma associa\u00e7\u00e3o criminosa especializada em furto de ve\u00edculos. (Foto: Pol\u00edcia Civil\/Sergipe)<\/p><\/div>\n<p style=\"text-align: justify;\">Segundo os policiais, Adams \u00e9 suspeito de compor uma associa\u00e7\u00e3o criminosa especializada em furtos de caminh\u00f5es e ve\u00edculos pesados que atua no Nordeste.<\/p>\n<p style=\"text-align: justify;\">As investiga\u00e7\u00f5es que foram realizadas em conjunto com a Divis\u00e3o de Intelig\u00eancia da Pol\u00edcia Civil (Dipol) prosseguem no intuito de desmantelar o grupo criminoso e efetuar a pris\u00e3o dos outros componentes.<\/p>\n<p style=\"text-align: justify;\">O acusado foi preso no munic\u00edpio de Jequi\u00e9\/BA e encaminhado \u00e0 delegacia sergipana, onde se encontra custodiado, \u00e0 disposi\u00e7\u00e3o do Poder Judici\u00e1rio.<\/p>\n<p style=\"text-align: justify;\"><img loading=\"lazy\" decoding=\"async\" class=\"aligncenter size-full wp-image-98386\" src=\"http:\/\/senoticias.com.br\/se\/wp-content\/uploads\/2016\/11\/Logo-fone-1-2-1-5.jpg\" alt=\"logo-fone-1-2-1\" width=\"599\" height=\"78\" srcset=\"https:\/\/senoticias.com.br\/se\/wp-content\/uploads\/2016\/11\/Logo-fone-1-2-1-5.jpg 599w, https:\/\/senoticias.com.br\/se\/wp-content\/uploads\/2016\/11\/Logo-fone-1-2-1-5-300x39.jpg 300w\" sizes=\"(max-width: 599px) 100vw, 599px\" \/><\/p>\n<p style=\"text-align: justify;\"><strong>Acompanhe tamb\u00e9m o SE Not\u00edcias no<\/strong><strong>\u00a0<\/strong><strong><a href=\"https:\/\/twitter.com\/Senoticias\">Twitter<\/a>,<\/strong><strong>\u00a0<\/strong><strong><a href=\"https:\/\/www.facebook.com\/senoticias1\">Facebook<\/a><\/strong><strong>\u00a0<\/strong><strong>e no<\/strong><a href=\"https:\/\/www.instagram.com\/senoticias\/\"><strong>\u00a0<\/strong><strong>Instagram<\/strong><\/a><\/p>\n<p style=\"text-align: justify;\"><em><strong>Informa\u00e7\u00f5es da <a href=\"http:\/\/www.ssp.se.gov.br\/modules\/news\/article.php?storyid=6787\">SSP\/SE<\/a><\/strong><\/em><\/p>\n","protected":false},"excerpt":{"rendered":"<p>Policiais Civis lotados na Delegacia Regional de Itabaiana, sob a coordena\u00e7\u00e3o dos delegados F\u00e1bio Santana e Lauana Guedes, com apoio da Pol\u00edcia Civil do estado da Bahia, efetuaram na noite dessa quinta-feira, 01, a pris\u00e3o de Adams Vargas Silva, 20 anos, em cumprimento a mandado de pris\u00e3o expedido pela Justi\u00e7a. Ele foi preso na cidade [&hellip;]<\/p>\n","protected":false},"author":2,"featured_media":98433,"comment_status":"closed","ping_status":"closed","sticky":false,"template":"","format":"standard","meta":{"footnotes":""},"categories":[7],"tags":[],"class_list":{"0":"post-98432","1":"post","2":"type-post","3":"status-publish","4":"format-standard","5":"has-post-thumbnail","7":"category-policia"},"_links":{"self":[{"href":"https:\/\/senoticias.com.br\/se\/wp-json\/wp\/v2\/posts\/98432"}],"collection":[{"href":"https:\/\/senoticias.com.br\/se\/wp-json\/wp\/v2\/posts"}],"about":[{"href":"https:\/\/senoticias.com.br\/se\/wp-json\/wp\/v2\/types\/post"}],"author":[{"embeddable":true,"href":"https:\/\/senoticias.com.br\/se\/wp-json\/wp\/v2\/users\/2"}],"replies":[{"embeddable":true,"href":"https:\/\/senoticias.com.br\/se\/wp-json\/wp\/v2\/comments?post=98432"}],"version-history":[{"count":0,"href":"https:\/\/senoticias.com.br\/se\/wp-json\/wp\/v2\/posts\/98432\/revisions"}],"wp:featuredmedia":[{"embeddable":true,"href":"https:\/\/senoticias.com.br\/se\/wp-json\/wp\/v2\/media\/98433"}],"wp:attachment":[{"href":"https:\/\/senoticias.com.br\/se\/wp-json\/wp\/v2\/media?parent=98432"}],"wp:term":[{"taxonomy":"category","embeddable":true,"href":"https:\/\/senoticias.com.br\/se\/wp-json\/wp\/v2\/categories?post=98432"},{"taxonomy":"post_tag","embeddable":true,"href":"https:\/\/senoticias.com.br\/se\/wp-json\/wp\/v2\/tags?post=98432"}],"curies":[{"name":"wp","href":"https:\/\/api.w.org\/{rel}","templated":true}]}}