{"id":98430,"date":"2016-12-02T07:54:39","date_gmt":"2016-12-02T10:54:39","guid":{"rendered":"http:\/\/senoticias.com.br\/se\/?p=98430"},"modified":"2016-12-02T07:55:06","modified_gmt":"2016-12-02T10:55:06","slug":"major-deny-assume-comando-do-batalhao-de-policia-rodoviaria-estadual-bprv","status":"publish","type":"post","link":"https:\/\/senoticias.com.br\/se\/major-deny-assume-comando-do-batalhao-de-policia-rodoviaria-estadual-bprv\/","title":{"rendered":"Major Deny assume comando do Batalh\u00e3o de Pol\u00edcia Rodovi\u00e1ria Estadual (BPRv)"},"content":{"rendered":"<p style=\"text-align: justify;\">O Batalh\u00e3o de Pol\u00edcia Rodovi\u00e1ria Estadual (BPRv) da Pol\u00edcia Militar de Sergipe est\u00e1 sob novo comando, desde o \u00faltimo dia 28 de novembro. O major Deny Ricardo dos Santos, 42 anos, assumiu a fun\u00e7\u00e3o de comandante da referida unidade operacional, trazendo vasta experi\u00eancia de policiamento ostensivo ao longo de seus 22 anos de Corpora\u00e7\u00e3o.<\/p>\n<div id=\"attachment_98431\" style=\"width: 609px\" class=\"wp-caption aligncenter\"><img loading=\"lazy\" decoding=\"async\" aria-describedby=\"caption-attachment-98431\" class=\"size-full wp-image-98431\" src=\"http:\/\/senoticias.com.br\/se\/wp-content\/uploads\/2016\/12\/Capitao-Silveira-SE-noticias-e1480675978786.jpg\" alt=\"O capit\u00e3o Silveira volta ao BPRv como subcomandante da unidade militar. (Foto: BPRV\/PM\/SE)\" width=\"599\" height=\"542\" \/><p id=\"caption-attachment-98431\" class=\"wp-caption-text\">O capit\u00e3o Silveira volta ao BPRv como subcomandante da unidade militar. (Foto: BPRV\/PM\/SE)<\/p><\/div>\n<p style=\"text-align: justify;\">Desta forma, e seguindo ordens imediatas do Comando Geral da Pol\u00edcia Militar, sua principal meta \u00e9 aumentar a visibilidade operacional do Batalh\u00e3o nas rodovias estaduais, visando, assim, combater a criminalidade e prevenir os acidentes de tr\u00e2nsito que ocorrem nas malhas vi\u00e1rias sergipanas.<\/p>\n<p style=\"text-align: justify;\">O retorno do capit\u00e3o Silveira ao subcomando do BPRv foi viabilizado para auxiliar e subsidiar o novo comando na conduta disciplinar e operacional do Batalh\u00e3o. &#8220;Nossa inten\u00e7\u00e3o primordial \u00e9 colocar o Batalh\u00e3o de Pol\u00edcia Rodovi\u00e1ria Estadual de volta ao seio da sociedade, buscando assim, ter a sua parceria em prol de uma seguran\u00e7a melhor para o povo de Sergipe&#8221;, afirma o major Deny.<\/p>\n<p style=\"text-align: justify;\"><img loading=\"lazy\" decoding=\"async\" class=\"aligncenter size-full wp-image-98386\" src=\"http:\/\/senoticias.com.br\/se\/wp-content\/uploads\/2016\/11\/Logo-fone-1-2-1-5.jpg\" alt=\"logo-fone-1-2-1\" width=\"599\" height=\"78\" srcset=\"https:\/\/senoticias.com.br\/se\/wp-content\/uploads\/2016\/11\/Logo-fone-1-2-1-5.jpg 599w, https:\/\/senoticias.com.br\/se\/wp-content\/uploads\/2016\/11\/Logo-fone-1-2-1-5-300x39.jpg 300w\" sizes=\"(max-width: 599px) 100vw, 599px\" \/><\/p>\n<p style=\"text-align: justify;\"><strong>Acompanhe tamb\u00e9m o SE Not\u00edcias no<\/strong><strong>\u00a0<\/strong><strong><a href=\"https:\/\/twitter.com\/Senoticias\">Twitter<\/a>,<\/strong><strong>\u00a0<\/strong><strong><a href=\"https:\/\/www.facebook.com\/senoticias1\">Facebook<\/a><\/strong><strong>\u00a0<\/strong><strong>e no<\/strong><a href=\"https:\/\/www.instagram.com\/senoticias\/\"><strong>\u00a0<\/strong><strong>Instagram<\/strong><\/a><\/p>\n<p style=\"text-align: justify;\"><em>Informa\u00e7\u00f5es da PM\/SE<\/em><\/p>\n","protected":false},"excerpt":{"rendered":"<p>O Batalh\u00e3o de Pol\u00edcia Rodovi\u00e1ria Estadual (BPRv) da Pol\u00edcia Militar de Sergipe est\u00e1 sob novo comando, desde o \u00faltimo dia 28 de novembro. O major Deny Ricardo dos Santos, 42 anos, assumiu a fun\u00e7\u00e3o de comandante da referida unidade operacional, trazendo vasta experi\u00eancia de policiamento ostensivo ao longo de seus 22 anos de Corpora\u00e7\u00e3o. Desta [&hellip;]<\/p>\n","protected":false},"author":2,"featured_media":98431,"comment_status":"closed","ping_status":"closed","sticky":false,"template":"","format":"standard","meta":{"footnotes":""},"categories":[7],"tags":[],"class_list":{"0":"post-98430","1":"post","2":"type-post","3":"status-publish","4":"format-standard","5":"has-post-thumbnail","7":"category-policia"},"_links":{"self":[{"href":"https:\/\/senoticias.com.br\/se\/wp-json\/wp\/v2\/posts\/98430"}],"collection":[{"href":"https:\/\/senoticias.com.br\/se\/wp-json\/wp\/v2\/posts"}],"about":[{"href":"https:\/\/senoticias.com.br\/se\/wp-json\/wp\/v2\/types\/post"}],"author":[{"embeddable":true,"href":"https:\/\/senoticias.com.br\/se\/wp-json\/wp\/v2\/users\/2"}],"replies":[{"embeddable":true,"href":"https:\/\/senoticias.com.br\/se\/wp-json\/wp\/v2\/comments?post=98430"}],"version-history":[{"count":0,"href":"https:\/\/senoticias.com.br\/se\/wp-json\/wp\/v2\/posts\/98430\/revisions"}],"wp:featuredmedia":[{"embeddable":true,"href":"https:\/\/senoticias.com.br\/se\/wp-json\/wp\/v2\/media\/98431"}],"wp:attachment":[{"href":"https:\/\/senoticias.com.br\/se\/wp-json\/wp\/v2\/media?parent=98430"}],"wp:term":[{"taxonomy":"category","embeddable":true,"href":"https:\/\/senoticias.com.br\/se\/wp-json\/wp\/v2\/categories?post=98430"},{"taxonomy":"post_tag","embeddable":true,"href":"https:\/\/senoticias.com.br\/se\/wp-json\/wp\/v2\/tags?post=98430"}],"curies":[{"name":"wp","href":"https:\/\/api.w.org\/{rel}","templated":true}]}}