{"id":98428,"date":"2016-12-02T07:32:21","date_gmt":"2016-12-02T10:32:21","guid":{"rendered":"http:\/\/senoticias.com.br\/se\/?p=98428"},"modified":"2016-12-02T07:35:47","modified_gmt":"2016-12-02T10:35:47","slug":"prefeitura-de-aracaju-tera-que-pagar-servidores-dentro-do-mes-trabalhado","status":"publish","type":"post","link":"https:\/\/senoticias.com.br\/se\/prefeitura-de-aracaju-tera-que-pagar-servidores-dentro-do-mes-trabalhado\/","title":{"rendered":"Prefeitura de Aracaju ter\u00e1 que pagar servidores dentro do m\u00eas trabalhado"},"content":{"rendered":"<p style=\"text-align: justify;\">Depois que o Sindicato dos Trabalhadores na \u00c1rea da Sa\u00fade do Estado de Sergipe (Sintasa) impetrou mandato de seguran\u00e7a \u00e0 Justi\u00e7a, o desembargador Roberto Eugenio da Fonseca Porto determinou que o pagamento de todas as remunera\u00e7\u00f5es mensais dos servidores da Prefeitura Municipal de Aracaju (PMA) seja efetuado dentro do mesmo m\u00eas trabalhado, sob pena de multa di\u00e1ria no valor de R$ 500,00 em caso de descumprimento, limitado a R$ 40 mil.<\/p>\n<div id=\"attachment_26503\" style=\"width: 608px\" class=\"wp-caption aligncenter\"><img loading=\"lazy\" decoding=\"async\" aria-describedby=\"caption-attachment-26503\" class=\"size-full wp-image-26503\" src=\"http:\/\/senoticias.com.br\/se\/wp-content\/uploads\/2012\/03\/grande-augusto_couto-28-02-2008-e1452217615520.jpg\" alt=\"  Augusto Couto, presidente do Sintasa . (Foto: arquivo\/pessoal)\" width=\"598\" height=\"449\" \/><p id=\"caption-attachment-26503\" class=\"wp-caption-text\">Augusto Couto, presidente do Sintasa . (Foto: arquivo\/pessoal)<\/p><\/div>\n<p style=\"text-align: justify;\">O departamento jur\u00eddico do Sintasa sustentou que a n\u00e3o se justifica a gest\u00e3o municipal reter a remunera\u00e7\u00e3o dos servidores, gerando graves repercuss\u00f5es para os mesmos, como pagamento de juros e multas por atraso nos pagamentos das suas contas mensais.<\/p>\n<p style=\"text-align: justify;\">Na decis\u00e3o, o desembargador entendeu que as dificuldades econ\u00f4micas n\u00e3o podem servir de justificativa para que a gest\u00e3o &#8220;desrespeite a garantia constitucional de prote\u00e7\u00e3o ao sal\u00e1rio, entendendo-se como tal o direito \u00e0 contrapartida do correto pagamento pelo servi\u00e7o prestado. Assim, cabe ao Poder P\u00fablico na organiza\u00e7\u00e3o de suas contas, priorizar o pagamento da aludida verba, respeitando-se, deste modo, o princ\u00edpio constitucional de dignidade da pessoa humana\u201d.<\/p>\n<p style=\"text-align: justify;\">O mandato de seguran\u00e7a impetrado foi contra o prefeito de Aracaju, secret\u00e1rio de Planejamento, Or\u00e7amento e Gest\u00e3o, e secret\u00e1rio da Fazenda de Aracaju.<\/p>\n<p style=\"text-align: justify;\"><img loading=\"lazy\" decoding=\"async\" class=\"aligncenter size-full wp-image-98386\" src=\"http:\/\/senoticias.com.br\/se\/wp-content\/uploads\/2016\/11\/Logo-fone-1-2-1-5.jpg\" alt=\"logo-fone-1-2-1\" width=\"599\" height=\"78\" srcset=\"https:\/\/senoticias.com.br\/se\/wp-content\/uploads\/2016\/11\/Logo-fone-1-2-1-5.jpg 599w, https:\/\/senoticias.com.br\/se\/wp-content\/uploads\/2016\/11\/Logo-fone-1-2-1-5-300x39.jpg 300w\" sizes=\"(max-width: 599px) 100vw, 599px\" \/><\/p>\n<p style=\"text-align: justify;\"><strong>Acompanhe tamb\u00e9m o SE Not\u00edcias no<\/strong><strong>\u00a0<\/strong><strong><a href=\"https:\/\/twitter.com\/Senoticias\">Twitter<\/a>,<\/strong><strong>\u00a0<\/strong><strong><a href=\"https:\/\/www.facebook.com\/senoticias1\">Facebook<\/a><\/strong><strong>\u00a0<\/strong><strong>e no<\/strong><a href=\"https:\/\/www.instagram.com\/senoticias\/\"><strong>\u00a0<\/strong><strong>Instagram<\/strong><\/a><\/p>\n<p style=\"text-align: justify;\"><em>Ascom\/Sintasa<\/em><\/p>\n","protected":false},"excerpt":{"rendered":"<p>Depois que o Sindicato dos Trabalhadores na \u00c1rea da Sa\u00fade do Estado de Sergipe (Sintasa) impetrou mandato de seguran\u00e7a \u00e0 Justi\u00e7a, o desembargador Roberto Eugenio da Fonseca Porto determinou que o pagamento de todas as remunera\u00e7\u00f5es mensais dos servidores da Prefeitura Municipal de Aracaju (PMA) seja efetuado dentro do mesmo m\u00eas trabalhado, sob pena de [&hellip;]<\/p>\n","protected":false},"author":2,"featured_media":26503,"comment_status":"closed","ping_status":"closed","sticky":false,"template":"","format":"standard","meta":{"footnotes":""},"categories":[6],"tags":[],"class_list":{"0":"post-98428","1":"post","2":"type-post","3":"status-publish","4":"format-standard","5":"has-post-thumbnail","7":"category-politica"},"_links":{"self":[{"href":"https:\/\/senoticias.com.br\/se\/wp-json\/wp\/v2\/posts\/98428"}],"collection":[{"href":"https:\/\/senoticias.com.br\/se\/wp-json\/wp\/v2\/posts"}],"about":[{"href":"https:\/\/senoticias.com.br\/se\/wp-json\/wp\/v2\/types\/post"}],"author":[{"embeddable":true,"href":"https:\/\/senoticias.com.br\/se\/wp-json\/wp\/v2\/users\/2"}],"replies":[{"embeddable":true,"href":"https:\/\/senoticias.com.br\/se\/wp-json\/wp\/v2\/comments?post=98428"}],"version-history":[{"count":0,"href":"https:\/\/senoticias.com.br\/se\/wp-json\/wp\/v2\/posts\/98428\/revisions"}],"wp:featuredmedia":[{"embeddable":true,"href":"https:\/\/senoticias.com.br\/se\/wp-json\/wp\/v2\/media\/26503"}],"wp:attachment":[{"href":"https:\/\/senoticias.com.br\/se\/wp-json\/wp\/v2\/media?parent=98428"}],"wp:term":[{"taxonomy":"category","embeddable":true,"href":"https:\/\/senoticias.com.br\/se\/wp-json\/wp\/v2\/categories?post=98428"},{"taxonomy":"post_tag","embeddable":true,"href":"https:\/\/senoticias.com.br\/se\/wp-json\/wp\/v2\/tags?post=98428"}],"curies":[{"name":"wp","href":"https:\/\/api.w.org\/{rel}","templated":true}]}}