{"id":98425,"date":"2016-12-02T07:20:51","date_gmt":"2016-12-02T10:20:51","guid":{"rendered":"http:\/\/senoticias.com.br\/se\/?p=98425"},"modified":"2016-12-04T10:38:42","modified_gmt":"2016-12-04T13:38:42","slug":"prefeita-de-ribeirao-preto-darcy-vera-e-presa-pela-policia-federal","status":"publish","type":"post","link":"https:\/\/senoticias.com.br\/se\/prefeita-de-ribeirao-preto-darcy-vera-e-presa-pela-policia-federal\/","title":{"rendered":"Prefeita de Ribeir\u00e3o Preto, D\u00e1rcy Vera, \u00e9 presa pela Pol\u00edcia Federal"},"content":{"rendered":"<p style=\"text-align: justify;\">A prefeita de Ribeir\u00e3o Preto (SP), D\u00e1rcy Vera (PSD), foi presa na manh\u00e3 desta sexta-feira (2) durante a Opera\u00e7\u00e3o Mam\u00e3e Noel, deflagrada pela Pol\u00edcia Federal e pelo Grupo de Atua\u00e7\u00e3o Especial de Combate ao Crime Organizado (Gaeco) do Minist\u00e9rio P\u00fablico (MP).<\/p>\n<div id=\"attachment_98426\" style=\"width: 609px\" class=\"wp-caption aligncenter\"><img loading=\"lazy\" decoding=\"async\" aria-describedby=\"caption-attachment-98426\" class=\"size-full wp-image-98426\" src=\"http:\/\/senoticias.com.br\/se\/wp-content\/uploads\/2016\/12\/Prefeita-presa-SE-noticias-e1480673939923.jpg\" alt=\"Prefeita D\u00e1rcy Vera em depoimento na Procuradoria Geral do Estado em SP (Foto: Reprodu\u00e7\u00e3o\/EPTV)\" width=\"599\" height=\"449\" \/><p id=\"caption-attachment-98426\" class=\"wp-caption-text\">Prefeita D\u00e1rcy Vera em depoimento na Procuradoria Geral do Estado em SP (Foto: Reprodu\u00e7\u00e3o\/EPTV)<\/p><\/div>\n<p style=\"text-align: justify;\">A pris\u00e3o integra a segunda fase da Opera\u00e7\u00e3o Sevandija, que investigou fraudes e desvios de dinheiro em contratos de licita\u00e7\u00f5es de R$ 203 milh\u00f5es na Prefeitura de Ribeir\u00e3o.<\/p>\n<p style=\"text-align: justify;\">Tamb\u00e9m foram presos nesta sexta-feira Sandro Rovani da Silveira Neto e Maria Zuely Alves Librandi, ex-advogados do Sindicato dos Servidores Municipais, e o ex-secret\u00e1rio Marco Ant\u00f4nio dos Santos, que chefiava a Companhia de Desenvolvimento Econ\u00f4nimo (Coderp).<\/p>\n<p style=\"text-align: justify;\">Todos foram levados para a sede da PF em Ribeir\u00e3o. D\u00e1rcy deve ser transferida para a capital paulista, uma vez que, apesar das investiga\u00e7\u00f5es do Gaeco, o processo contra ela \u00e9 analisado pela Procuradoria Geral do Estado.<\/p>\n<p style=\"text-align: justify;\">Em nota, a PF informou que o nome desta fase &#8211; Mam\u00e3e Noel &#8211; se deve \u00e0s evid\u00eancias de que Maria Zuely repassou, entre 2013 e 2016, mais de R$ 5 milh\u00f5es aos demais denunciados na primeira fase, em dinheiro e cheques. O valor teria sido desviado dos cofres p\u00fablicos.<\/p>\n<p style=\"text-align: justify;\">A PF comunicou que outros mandados de pris\u00e3o preventiva e de busca e apreens\u00e3o s\u00e3o cumpridos, mas n\u00e3o especificou quantos. A nota diz apenas que s\u00e3o apurados crimes de peculato, falsidade ideol\u00f3gica, uso de documento falso, corrup\u00e7\u00e3o passiva e ativa.<\/p>\n<p style=\"text-align: justify;\">\u201cOs fatos apurados baseiam-se em provas obtidas por meio da an\u00e1lise e investiga\u00e7\u00f5es realizadas nos materiais apreendidos e depoimentos colhidos ap\u00f3s a deflagra\u00e7\u00e3o da primeira fase da Opera\u00e7\u00e3o Sevandija\u201d, diz a nota.<\/p>\n<p><strong>Primeira fase<\/strong><\/p>\n<p style=\"text-align: justify;\">Maria Zuely, Sandro Rovani e Marco Ant\u00f4nio dos Santos haviam sido presos na primeira fase da Opera\u00e7\u00e3o Sevandija, em 1\u00ba de setembro, mas acabaram sendo libertados posteriormente.<\/p>\n<p style=\"text-align: justify;\">Os tr\u00eas e a prefeita D\u00e1rcy Vera s\u00e3o suspeitos de participar de um rateio il\u00edcito de honor\u00e1rios advocat\u00edcios devidos \u00e0 Maria Zuely em uma a\u00e7\u00e3o movida contra a Prefeitura em nome de servidores municipais. O valor dividido seria de R$ 69, 9 milh\u00f5es.<\/p>\n<p style=\"text-align: justify;\">A partir de intercepta\u00e7\u00f5es telef\u00f4nicas e apreens\u00e3o de documentos, PF e Gaeco identificaram o esquema de corrup\u00e7\u00e3o envolvendo o pagamento dos honor\u00e1rios referentes \u00e0 senten\u00e7a popularmente chamada de &#8220;acordo dos 28%&#8221;, um processo movido pelo Sindicato contra a Prefeitura exigindo a reposi\u00e7\u00e3o de perdas salariais do Plano Collor.<\/p>\n<p style=\"text-align: justify;\">Inicialmente, a suspeita era de que agentes p\u00fablicos respons\u00e1veis por liberar os pagamentos do acordo judicial exigiam que Maria Zuely, que representou os servidores municipais na a\u00e7\u00e3o, pagasse propina para receber os valores que lhe eram devidos.<\/p>\n<p style=\"text-align: justify;\">Entretanto, documento apreendido no escrit\u00f3rio de Sandro Rovani aponta que, na verdade, houve um acerto entre as partes muito antes da decis\u00e3o judicial. Para o Gaeco, o acordo s\u00f3 ocorreu porque Maria Zuely, Sandro e Marco Ant\u00f4nio fizeram um acerto pr\u00e9vio, dividindo o valor total dos honor\u00e1rios que seriam recebidos pela ex-advogada do Sindicato.<\/p>\n<p style=\"text-align: justify;\"><img loading=\"lazy\" decoding=\"async\" class=\"aligncenter size-full wp-image-98386\" src=\"http:\/\/senoticias.com.br\/se\/wp-content\/uploads\/2016\/11\/Logo-fone-1-2-1-5.jpg\" alt=\"logo-fone-1-2-1\" width=\"599\" height=\"78\" srcset=\"https:\/\/senoticias.com.br\/se\/wp-content\/uploads\/2016\/11\/Logo-fone-1-2-1-5.jpg 599w, https:\/\/senoticias.com.br\/se\/wp-content\/uploads\/2016\/11\/Logo-fone-1-2-1-5-300x39.jpg 300w\" sizes=\"(max-width: 599px) 100vw, 599px\" \/><\/p>\n<p style=\"text-align: justify;\"><strong>Acompanhe tamb\u00e9m o SE Not\u00edcias no<\/strong><strong>\u00a0<\/strong><strong><a href=\"https:\/\/twitter.com\/Senoticias\">Twitter<\/a>,<\/strong><strong>\u00a0<\/strong><strong><a href=\"https:\/\/www.facebook.com\/senoticias1\">Facebook<\/a><\/strong><strong>\u00a0<\/strong><strong>e no<\/strong><a href=\"https:\/\/www.instagram.com\/senoticias\/\"><strong>\u00a0<\/strong><strong>Instagram<\/strong><\/a><\/p>\n<p style=\"text-align: justify;\"><em>Do <a href=\"http:\/\/g1.globo.com\/sp\/ribeirao-preto-franca\/noticia\/2016\/12\/prefeita-de-ribeirao-preto-darcy-vera-e-presa-na-segunda-fase-da-sevandija.html\"><strong>G1<\/strong> <\/a>Ribeir\u00e3o e Franca<\/em><\/p>\n","protected":false},"excerpt":{"rendered":"<p>A prefeita de Ribeir\u00e3o Preto (SP), D\u00e1rcy Vera (PSD), foi presa na manh\u00e3 desta sexta-feira (2) durante a Opera\u00e7\u00e3o Mam\u00e3e Noel, deflagrada pela Pol\u00edcia Federal e pelo Grupo de Atua\u00e7\u00e3o Especial de Combate ao Crime Organizado (Gaeco) do Minist\u00e9rio P\u00fablico (MP). A pris\u00e3o integra a segunda fase da Opera\u00e7\u00e3o Sevandija, que investigou fraudes e desvios [&hellip;]<\/p>\n","protected":false},"author":2,"featured_media":98426,"comment_status":"closed","ping_status":"closed","sticky":false,"template":"","format":"standard","meta":{"footnotes":""},"categories":[7],"tags":[],"class_list":{"0":"post-98425","1":"post","2":"type-post","3":"status-publish","4":"format-standard","5":"has-post-thumbnail","7":"category-policia"},"_links":{"self":[{"href":"https:\/\/senoticias.com.br\/se\/wp-json\/wp\/v2\/posts\/98425"}],"collection":[{"href":"https:\/\/senoticias.com.br\/se\/wp-json\/wp\/v2\/posts"}],"about":[{"href":"https:\/\/senoticias.com.br\/se\/wp-json\/wp\/v2\/types\/post"}],"author":[{"embeddable":true,"href":"https:\/\/senoticias.com.br\/se\/wp-json\/wp\/v2\/users\/2"}],"replies":[{"embeddable":true,"href":"https:\/\/senoticias.com.br\/se\/wp-json\/wp\/v2\/comments?post=98425"}],"version-history":[{"count":0,"href":"https:\/\/senoticias.com.br\/se\/wp-json\/wp\/v2\/posts\/98425\/revisions"}],"wp:featuredmedia":[{"embeddable":true,"href":"https:\/\/senoticias.com.br\/se\/wp-json\/wp\/v2\/media\/98426"}],"wp:attachment":[{"href":"https:\/\/senoticias.com.br\/se\/wp-json\/wp\/v2\/media?parent=98425"}],"wp:term":[{"taxonomy":"category","embeddable":true,"href":"https:\/\/senoticias.com.br\/se\/wp-json\/wp\/v2\/categories?post=98425"},{"taxonomy":"post_tag","embeddable":true,"href":"https:\/\/senoticias.com.br\/se\/wp-json\/wp\/v2\/tags?post=98425"}],"curies":[{"name":"wp","href":"https:\/\/api.w.org\/{rel}","templated":true}]}}