{"id":98414,"date":"2016-12-01T14:40:29","date_gmt":"2016-12-01T17:40:29","guid":{"rendered":"http:\/\/senoticias.com.br\/se\/?p=98414"},"modified":"2019-05-04T15:45:56","modified_gmt":"2019-05-04T18:45:56","slug":"prefeito-eleito-de-sao-cristovao-e-recebido-pelo-governador-jackson-barreto","status":"publish","type":"post","link":"https:\/\/senoticias.com.br\/se\/prefeito-eleito-de-sao-cristovao-e-recebido-pelo-governador-jackson-barreto\/","title":{"rendered":"Prefeito eleito de S\u00e3o Crist\u00f3v\u00e3o \u00e9 recebido pelo governador Jackson Barreto"},"content":{"rendered":"<p>&nbsp;<\/p>\n<p style=\"text-align: justify;\">O prefeito eleito de S\u00e3o Crist\u00f3v\u00e3o, Marcos Santana (PMDB) foi recebido nesta quinta-feira (1\u00ba) pelo governador Jackson Barreto (PMDB), no Pal\u00e1cio de Veraneio. Acompanhado do ex-deputado Wanderl\u00ea Correia, Marcos Santana apresentou ao governador informa\u00e7\u00f5es sobre diversas reivindica\u00e7\u00f5es da popula\u00e7\u00e3o de S\u00e3o Crist\u00f3v\u00e3o. Na audi\u00eancia foram tratados diversos assuntos, entre eles a retomada de algumas obras, sobretudo nas \u00e1reas de abastecimento de \u00e1gua, reforma da Bica dos Pintos, recupera\u00e7\u00e3o asf\u00e1ltica da Avenida Lourival Baptista, pavimenta\u00e7\u00e3o do Rosa Maria, e Ca\u00edpe Velho.<\/p>\n<div id=\"attachment_98415\" style=\"width: 609px\" class=\"wp-caption aligncenter\"><img loading=\"lazy\" decoding=\"async\" aria-describedby=\"caption-attachment-98415\" class=\"size-full wp-image-98415\" src=\"http:\/\/senoticias.com.br\/se\/wp-content\/uploads\/2016\/12\/unnamed-2-e1480613718367.jpg\" alt=\"O encontro marcou a retomada do di\u00e1logo entre a futura Prefeitura e o Governo do Estado. Foto: Marcelle Cristinne\/ASN\" width=\"599\" height=\"394\" \/><p id=\"caption-attachment-98415\" class=\"wp-caption-text\">O encontro marcou a retomada do di\u00e1logo entre a futura gest\u00e3o e o Governo do Estado. Foto: Marcelle Cristinne\/ASN<\/p><\/div>\n<p style=\"text-align: justify;\">De acordo com Marcos Santana, a conversa com o governador Jackson Barreto, foi bastante proveitosa e, com certeza, levar\u00e1 muitos benef\u00edcios para S\u00e3o Crist\u00f3v\u00e3o.<\/p>\n<p style=\"text-align: justify;\">\u201cLevei um relato da situa\u00e7\u00e3o em que se encontra a nossa cidade e fui pedir ajuda para que nossa gest\u00e3o fa\u00e7a as parcerias necess\u00e1rias. E ele se comprometeu a nos ajudar, concluiu o futuro prefeito.<\/p>\n<div id=\"attachment_98416\" style=\"width: 609px\" class=\"wp-caption aligncenter\"><img loading=\"lazy\" decoding=\"async\" aria-describedby=\"caption-attachment-98416\" class=\"size-full wp-image-98416\" src=\"http:\/\/senoticias.com.br\/se\/wp-content\/uploads\/2016\/12\/unnamed-e1480613926769.jpg\" alt=\"Acompanhado do ex-deputado Wanderl\u00ea Correia, Marcos Santana apresentou ao governador informa\u00e7\u00f5es sobre diversas reivindica\u00e7\u00f5es da popula\u00e7\u00e3o de S\u00e3o Crist\u00f3v\u00e3o\" width=\"599\" height=\"402\" \/><p id=\"caption-attachment-98416\" class=\"wp-caption-text\">Acompanhado do ex-deputado Wanderl\u00ea Correia, Marcos Santana apresentou ao governador informa\u00e7\u00f5es sobre diversas reivindica\u00e7\u00f5es da popula\u00e7\u00e3o de S\u00e3o Crist\u00f3v\u00e3o. (Foto: Marcelle Cristinne\/ASN)<\/p><\/div>\n<p><strong>Convite para a posse<\/strong><\/p>\n<p style=\"text-align: justify;\">O prefeito eleito Marcos Santana , entregou \u00a0ao governador Jackson Barreto o convite para\u00a0a solenidade de posse posse, que acontece dia 1\u00ba de janeiro, a partir das 17h, na Pra\u00e7a S\u00e3o Francisco.<\/p>\n<p style=\"text-align: justify;\"><img loading=\"lazy\" decoding=\"async\" class=\"aligncenter size-full wp-image-98386\" src=\"http:\/\/senoticias.com.br\/se\/wp-content\/uploads\/2016\/11\/Logo-fone-1-2-1-5.jpg\" alt=\"logo-fone-1-2-1\" width=\"599\" height=\"78\" srcset=\"https:\/\/senoticias.com.br\/se\/wp-content\/uploads\/2016\/11\/Logo-fone-1-2-1-5.jpg 599w, https:\/\/senoticias.com.br\/se\/wp-content\/uploads\/2016\/11\/Logo-fone-1-2-1-5-300x39.jpg 300w\" sizes=\"(max-width: 599px) 100vw, 599px\" \/><\/p>\n<p style=\"text-align: justify;\"><strong><em>Acompanhe tamb\u00e9m o SE Not\u00edcias no\u00a0<a href=\"https:\/\/twitter.com\/Senoticias\">Twitter<\/a>,\u00a0<a href=\"https:\/\/www.facebook.com\/senoticias1\">Facebook<\/a>\u00a0e no<a href=\"https:\/\/www.instagram.com\/senoticias\/\">\u00a0Instagram<\/a><\/em><\/strong><\/p>\n<p style=\"text-align: justify;\"><strong>Por Or\u00e1cio Oliveira \/ Reda\u00e7\u00e3o SE Not\u00edcias<\/strong><\/p>\n","protected":false},"excerpt":{"rendered":"<p>&nbsp; O prefeito eleito de S\u00e3o Crist\u00f3v\u00e3o, Marcos Santana (PMDB) foi recebido nesta quinta-feira (1\u00ba) pelo governador Jackson Barreto (PMDB), no Pal\u00e1cio de Veraneio. Acompanhado do ex-deputado Wanderl\u00ea Correia, Marcos Santana apresentou ao governador informa\u00e7\u00f5es sobre diversas reivindica\u00e7\u00f5es da popula\u00e7\u00e3o de S\u00e3o Crist\u00f3v\u00e3o. Na audi\u00eancia foram tratados diversos assuntos, entre eles a retomada de algumas [&hellip;]<\/p>\n","protected":false},"author":6554,"featured_media":98415,"comment_status":"closed","ping_status":"closed","sticky":false,"template":"","format":"standard","meta":{"footnotes":""},"categories":[6],"tags":[],"class_list":{"0":"post-98414","1":"post","2":"type-post","3":"status-publish","4":"format-standard","5":"has-post-thumbnail","7":"category-politica"},"_links":{"self":[{"href":"https:\/\/senoticias.com.br\/se\/wp-json\/wp\/v2\/posts\/98414"}],"collection":[{"href":"https:\/\/senoticias.com.br\/se\/wp-json\/wp\/v2\/posts"}],"about":[{"href":"https:\/\/senoticias.com.br\/se\/wp-json\/wp\/v2\/types\/post"}],"author":[{"embeddable":true,"href":"https:\/\/senoticias.com.br\/se\/wp-json\/wp\/v2\/users\/6554"}],"replies":[{"embeddable":true,"href":"https:\/\/senoticias.com.br\/se\/wp-json\/wp\/v2\/comments?post=98414"}],"version-history":[{"count":0,"href":"https:\/\/senoticias.com.br\/se\/wp-json\/wp\/v2\/posts\/98414\/revisions"}],"wp:featuredmedia":[{"embeddable":true,"href":"https:\/\/senoticias.com.br\/se\/wp-json\/wp\/v2\/media\/98415"}],"wp:attachment":[{"href":"https:\/\/senoticias.com.br\/se\/wp-json\/wp\/v2\/media?parent=98414"}],"wp:term":[{"taxonomy":"category","embeddable":true,"href":"https:\/\/senoticias.com.br\/se\/wp-json\/wp\/v2\/categories?post=98414"},{"taxonomy":"post_tag","embeddable":true,"href":"https:\/\/senoticias.com.br\/se\/wp-json\/wp\/v2\/tags?post=98414"}],"curies":[{"name":"wp","href":"https:\/\/api.w.org\/{rel}","templated":true}]}}