{"id":98410,"date":"2016-12-01T12:53:20","date_gmt":"2016-12-01T15:53:20","guid":{"rendered":"http:\/\/senoticias.com.br\/se\/?p=98410"},"modified":"2016-12-04T10:39:33","modified_gmt":"2016-12-04T13:39:33","slug":"operacao-policial-desarticula-associacao-criminosa-atuante-no-vale-do-cotinguiba","status":"publish","type":"post","link":"https:\/\/senoticias.com.br\/se\/operacao-policial-desarticula-associacao-criminosa-atuante-no-vale-do-cotinguiba\/","title":{"rendered":"Opera\u00e7\u00e3o policial desarticula associa\u00e7\u00e3o criminosa atuante no Vale do Cotinguiba"},"content":{"rendered":"<p style=\"text-align: justify;\">Uma opera\u00e7\u00e3o desencadeada por policiais civis do Complexo de Opera\u00e7\u00f5es Policiais Especiais (Cope) e da Delegacia de Laranjeiras resultou nessa quarta-feira, 30, no cumprimento do mandado de pris\u00e3o de Jos\u00e9 Carlos Santana Gomes, conhecido como \u201cGibudo\u201d e Marcos Roberto Santos, vulgo \u201cBeto Cabe\u00e7\u00e3o\u201d. Os dois seriam l\u00edderes, na companhia de mais dois indiv\u00edduos, de uma associa\u00e7\u00e3o criminosa envolvida com tr\u00e1fico de drogas, roubos e homic\u00eddios na regi\u00e3o do Vale do Cotinguiba.<\/p>\n<p style=\"text-align: justify;\">De acordo Ronaldo Marinho, que assumiu h\u00e1 pouco a Delegacia de Laranjeiras, o trabalho concatenado entre a Divis\u00e3o de Intelig\u00eancia e Planejamento Policial, COPE e delegacia teve como intuito reprimir a criminalidade crescente na regi\u00e3o. &#8220;Esta \u00e9 uma quadrilha perigosa e bem estruturada que agia em Laranjeiras e munic\u00edpios vizinhos h\u00e1 um certo tempo, envolvida com diversos roubos, al\u00e9m de uma disputa territorial pelo tr\u00e1fico de drogas&#8221;, esclarece.<\/p>\n<p style=\"text-align: justify;\">Segundo o coordenador do COPE, o delegado Jo\u00e3o Eloy, o grupo tinha ainda conex\u00e3o com criminosos na cidade de Aracaju e outros Estados, no envolvimento com a rota do tr\u00e1fico. Inclusive, alguns dos integrantes da quadrilha estavam custodiados nas unidades prisionais de Sergipe e mesmo assim continuavam a exercer influ\u00eancia sobre os demais integrantes.<\/p>\n<div id=\"attachment_98412\" style=\"width: 606px\" class=\"wp-caption aligncenter\"><img loading=\"lazy\" decoding=\"async\" aria-describedby=\"caption-attachment-98412\" class=\"size-full wp-image-98412\" src=\"http:\/\/senoticias.com.br\/se\/wp-content\/uploads\/2016\/12\/c8c77416-3a63-6074.jpg\" alt=\" Gibudo tamb\u00e9m se envolveu em um confronto durante a tentativa de sua captura e, mesmo ferido, conseguiu fugir para o estado de Alagoas, onde se escondeu, mas foi localizado no final da tarde dessa ter\u00e7a-feira, 29. (Foto: SSP\/SE) \" width=\"596\" height=\"380\" srcset=\"https:\/\/senoticias.com.br\/se\/wp-content\/uploads\/2016\/12\/c8c77416-3a63-6074.jpg 596w, https:\/\/senoticias.com.br\/se\/wp-content\/uploads\/2016\/12\/c8c77416-3a63-6074-300x191.jpg 300w, https:\/\/senoticias.com.br\/se\/wp-content\/uploads\/2016\/12\/c8c77416-3a63-6074-190x122.jpg 190w, https:\/\/senoticias.com.br\/se\/wp-content\/uploads\/2016\/12\/c8c77416-3a63-6074-120x76.jpg 120w, https:\/\/senoticias.com.br\/se\/wp-content\/uploads\/2016\/12\/c8c77416-3a63-6074-265x168.jpg 265w, https:\/\/senoticias.com.br\/se\/wp-content\/uploads\/2016\/12\/c8c77416-3a63-6074-284x180.jpg 284w, https:\/\/senoticias.com.br\/se\/wp-content\/uploads\/2016\/12\/c8c77416-3a63-6074-220x140.jpg 220w\" sizes=\"(max-width: 596px) 100vw, 596px\" \/><p id=\"caption-attachment-98412\" class=\"wp-caption-text\"><br \/>Gibudo tamb\u00e9m se envolveu em um confronto durante a tentativa de sua captura e, mesmo ferido, conseguiu fugir para o estado de Alagoas, onde se escondeu, mas foi localizado no final da tarde dessa ter\u00e7a-feira, 29. (Foto: SSP\/SE)<\/p><\/div>\n<p style=\"text-align: justify;\">Uma primeira etapa da investiga\u00e7\u00e3o, inicialmente conduzida pelo COPE, identificou Jos\u00e9 Carlos, o Gibudo, Marcos Roberto, o Beto Cabe\u00e7\u00e3o, Pablo Ruan dos Santos Gomes e Anderson Gonzaga Gomes como integrantes da associa\u00e7\u00e3o criminosa atuantes na lideran\u00e7a do grupo. As dilig\u00eancias resultaram no cumprimento dos mandados de pris\u00e3o de Gibudo e Beto Cabe\u00e7\u00e3o e ainda, Wanderley de Jesus e Maxwell da Concei\u00e7\u00e3o que tamb\u00e9m agiam na regi\u00e3o.<\/p>\n<p style=\"text-align: justify;\">J\u00e1 Pablo e Andinho resistiram \u00e0s pris\u00f5es trocando tiros com as equipes policiais no momento da execu\u00e7\u00e3o dos mandados e no confronto vieram a \u00f3bito.<\/p>\n<p style=\"text-align: justify;\">Jo\u00e3o Eloy detalha que Gibudo tamb\u00e9m se envolveu em um confronto durante a tentativa de sua captura e, mesmo ferido, conseguiu fugir para o estado de Alagoas, onde se escondeu, mas foi localizado no final da tarde dessa ter\u00e7a-feira, 29, e trazido ao estado de Sergipe, ap\u00f3s opera\u00e7\u00e3o do COPE apoiada pelas equipes do PELOPS, GTA e do 3\u00ba Batalh\u00e3o de Pol\u00edcia Militar de Alagoas. Jos\u00e9 Carlos e Marcos est\u00e3o \u00e0 disposi\u00e7\u00e3o da Justi\u00e7a Sergipana.<\/p>\n<p style=\"text-align: justify;\">&#8220;O clima de tranquilidade est\u00e1 sendo resgatado na cidade de Laranjeiras, \u00e0 medida que retiramos de circula\u00e7\u00e3o criminosos violentos e perigosos. No momento prosseguimos com as investiga\u00e7\u00f5es produzindo conhecimento sobre a atividade criminal que ser\u00e1 encaminhado \u00e0 justi\u00e7a para a devida responsabiliza\u00e7\u00e3o criminal dos envolvidos&#8221;, conclui.<\/p>\n<p style=\"text-align: justify;\"><em><strong>Acompanhe tamb\u00e9m o SE Not\u00edcias no<\/strong><strong>\u00a0<\/strong><strong><a href=\"https:\/\/twitter.com\/Senoticias\">Twitter<\/a>,<\/strong><strong>\u00a0<\/strong><strong><a href=\"https:\/\/www.facebook.com\/senoticias1\">Facebook\u00a0<\/a>e no<\/strong><strong>\u00a0<\/strong><strong><a href=\"https:\/\/www.instagram.com\/senoticias\/\">Instagram<\/a><\/strong><\/em><\/p>\n<p style=\"text-align: justify;\"><img loading=\"lazy\" decoding=\"async\" class=\"aligncenter size-full wp-image-98386\" src=\"http:\/\/senoticias.com.br\/se\/wp-content\/uploads\/2016\/11\/Logo-fone-1-2-1-5.jpg\" alt=\"logo-fone-1-2-1\" width=\"599\" height=\"78\" srcset=\"https:\/\/senoticias.com.br\/se\/wp-content\/uploads\/2016\/11\/Logo-fone-1-2-1-5.jpg 599w, https:\/\/senoticias.com.br\/se\/wp-content\/uploads\/2016\/11\/Logo-fone-1-2-1-5-300x39.jpg 300w\" sizes=\"(max-width: 599px) 100vw, 599px\" \/><\/p>\n<p style=\"text-align: justify;\"><em>Informa\u00e7\u00f5es da SSP\/SE<\/em><\/p>\n","protected":false},"excerpt":{"rendered":"<p>Uma opera\u00e7\u00e3o desencadeada por policiais civis do Complexo de Opera\u00e7\u00f5es Policiais Especiais (Cope) e da Delegacia de Laranjeiras resultou nessa quarta-feira, 30, no cumprimento do mandado de pris\u00e3o de Jos\u00e9 Carlos Santana Gomes, conhecido como \u201cGibudo\u201d e Marcos Roberto Santos, vulgo \u201cBeto Cabe\u00e7\u00e3o\u201d. Os dois seriam l\u00edderes, na companhia de mais dois indiv\u00edduos, de uma [&hellip;]<\/p>\n","protected":false},"author":2,"featured_media":98412,"comment_status":"closed","ping_status":"closed","sticky":false,"template":"","format":"standard","meta":{"footnotes":""},"categories":[15,7],"tags":[],"class_list":{"0":"post-98410","1":"post","2":"type-post","3":"status-publish","4":"format-standard","5":"has-post-thumbnail","7":"category-destaques","8":"category-policia"},"_links":{"self":[{"href":"https:\/\/senoticias.com.br\/se\/wp-json\/wp\/v2\/posts\/98410"}],"collection":[{"href":"https:\/\/senoticias.com.br\/se\/wp-json\/wp\/v2\/posts"}],"about":[{"href":"https:\/\/senoticias.com.br\/se\/wp-json\/wp\/v2\/types\/post"}],"author":[{"embeddable":true,"href":"https:\/\/senoticias.com.br\/se\/wp-json\/wp\/v2\/users\/2"}],"replies":[{"embeddable":true,"href":"https:\/\/senoticias.com.br\/se\/wp-json\/wp\/v2\/comments?post=98410"}],"version-history":[{"count":0,"href":"https:\/\/senoticias.com.br\/se\/wp-json\/wp\/v2\/posts\/98410\/revisions"}],"wp:featuredmedia":[{"embeddable":true,"href":"https:\/\/senoticias.com.br\/se\/wp-json\/wp\/v2\/media\/98412"}],"wp:attachment":[{"href":"https:\/\/senoticias.com.br\/se\/wp-json\/wp\/v2\/media?parent=98410"}],"wp:term":[{"taxonomy":"category","embeddable":true,"href":"https:\/\/senoticias.com.br\/se\/wp-json\/wp\/v2\/categories?post=98410"},{"taxonomy":"post_tag","embeddable":true,"href":"https:\/\/senoticias.com.br\/se\/wp-json\/wp\/v2\/tags?post=98410"}],"curies":[{"name":"wp","href":"https:\/\/api.w.org\/{rel}","templated":true}]}}