{"id":98408,"date":"2016-12-01T12:46:51","date_gmt":"2016-12-01T15:46:51","guid":{"rendered":"http:\/\/senoticias.com.br\/se\/?p=98408"},"modified":"2016-12-02T13:21:59","modified_gmt":"2016-12-02T16:21:59","slug":"suspeito-de-assalto-morre-e-dois-sao-presos-em-operacao-policial-em-lagarto","status":"publish","type":"post","link":"https:\/\/senoticias.com.br\/se\/suspeito-de-assalto-morre-e-dois-sao-presos-em-operacao-policial-em-lagarto\/","title":{"rendered":"Suspeito de assalto morre e dois s\u00e3o presos em opera\u00e7\u00e3o policial, em Lagarto"},"content":{"rendered":"<p style=\"text-align: justify;\" align=\"left\">Policiais civis da Delegacia Regional de Lagarto, sob a coordena\u00e7\u00e3o do delegado Tarc\u00edsio Ten\u00f3rio e L\u00eanio Montalv\u00e3o, efetuaram nessa quarta-feira, 30, a pris\u00e3o da dupla Davyd de Andrade Barros e Victor Floriano Maia Lima, logo ap\u00f3s tentativa de assalto a um \u00f4nibus de estudantes que transitava pela rodovia Lourival Batista, per\u00edmetro urbano de Lagarto. O assalto foi frustrado pela a\u00e7\u00e3o de um policial militar \u00e0 paisana, que estava dentro do \u00f4nibus e revidou disparos efetuados por um dos suspeitos.<\/p>\n<div id=\"attachment_98409\" style=\"width: 517px\" class=\"wp-caption aligncenter\"><img loading=\"lazy\" decoding=\"async\" aria-describedby=\"caption-attachment-98409\" class=\"size-full wp-image-98409\" src=\"http:\/\/senoticias.com.br\/se\/wp-content\/uploads\/2016\/12\/Suspeitos-presos-em-Lagarto-SE-Noticias.jpg\" alt=\"Opera\u00e7\u00e3o em Lagarto prende suspeitos de assalto a \u00f4nibus estudantil. (Foto: SSP\/SE)\" width=\"507\" height=\"380\" srcset=\"https:\/\/senoticias.com.br\/se\/wp-content\/uploads\/2016\/12\/Suspeitos-presos-em-Lagarto-SE-Noticias.jpg 507w, https:\/\/senoticias.com.br\/se\/wp-content\/uploads\/2016\/12\/Suspeitos-presos-em-Lagarto-SE-Noticias-300x225.jpg 300w, https:\/\/senoticias.com.br\/se\/wp-content\/uploads\/2016\/12\/Suspeitos-presos-em-Lagarto-SE-Noticias-45x35.jpg 45w\" sizes=\"(max-width: 507px) 100vw, 507px\" \/><p id=\"caption-attachment-98409\" class=\"wp-caption-text\">Opera\u00e7\u00e3o em Lagarto prende suspeitos de assalto a \u00f4nibus estudantil. (Foto: SSP\/SE)<\/p><\/div>\n<p style=\"text-align: justify;\">Segundo o delegado Tarc\u00edsio Ten\u00f3rio, a pris\u00e3o ocorreu ap\u00f3s o acionamento do policial militar sobre o referido crime. A partir da\u00ed, os agentes da PC efetuaram dilig\u00eancia na regi\u00e3o, que resultou na localiza\u00e7\u00e3o dos suspeitos j\u00e1 nas imedia\u00e7\u00f5es do Hospital de Lagarto, onde foram presos.<\/p>\n<p style=\"text-align: justify;\">A dupla foi encaminhada \u00e0 delegacia para a lavratura do flagrante por tentativa de homic\u00eddio. J\u00e1 um terceiro suspeito de participa\u00e7\u00e3o no crime, identificado como Anderson dos Santos Souza, mais conhecido como \u201cAnderson dos Sem Terra\u201d, respons\u00e1vel por conduzir o ve\u00edculo VW\/Fox utilizado no assalto, acabou sendo localizado com o apoio de agentes do Complexo de Opera\u00e7\u00f5es Policiais Especiais (COPE) homiziado em uma resid\u00eancia no Conjunto Andr\u00e9 Alves, na cidade de Salgado.<\/p>\n<p style=\"text-align: justify;\">&#8220;Ao perceber a presen\u00e7a da pol\u00edcia, Anderson tentou novamente empreender fuga pelos fundos da casa, deflagrando v\u00e1rios disparos contra a equipe. Na troca de tiros, ele foi atingido, sendo logo socorrido e encaminhado ao Hospital de Lagarto, mas acabou n\u00e3o resistindo aos ferimentos, vindo a \u00f3bito&#8221;, explicou o delegado.<\/p>\n<p style=\"text-align: justify;\">Ainda de acordo com Tarc\u00edsio Ten\u00f3rio, Anderson \u00e9 suspeito de ter praticado outro assalto, na manh\u00e3 do mesmo dia, desta vez a um caminh\u00e3o ba\u00fa de distribui\u00e7\u00e3o de alimentos, nas imedia\u00e7\u00f5es do povoado Jenipapo, em Lagarto.<\/p>\n<p style=\"text-align: justify;\">Durante a a\u00e7\u00e3o criminosa, ele e outro comparsa n\u00e3o identificado renderam o motorista e assistente, subtra\u00edram o caminh\u00e3o, mas o abandonaram na estrada de Ara\u00e7\u00e1, zona rural de Lagarto.<\/p>\n<p style=\"text-align: justify;\">Sobre o ve\u00edculo utilizado pelo trio no roubo ao \u00f4nibus estudantil, o delegado disse que ele havia sido tomado de assalto na mesma noite, em Aracaju, a fim de ser utilizado na pr\u00e1tica de outros roubos na regi\u00e3o de Lagarto.<\/p>\n<p style=\"text-align: justify;\" align=\"left\"><img loading=\"lazy\" decoding=\"async\" class=\"aligncenter size-full wp-image-98386\" src=\"http:\/\/senoticias.com.br\/se\/wp-content\/uploads\/2016\/11\/Logo-fone-1-2-1-5.jpg\" alt=\"logo-fone-1-2-1\" width=\"599\" height=\"78\" srcset=\"https:\/\/senoticias.com.br\/se\/wp-content\/uploads\/2016\/11\/Logo-fone-1-2-1-5.jpg 599w, https:\/\/senoticias.com.br\/se\/wp-content\/uploads\/2016\/11\/Logo-fone-1-2-1-5-300x39.jpg 300w\" sizes=\"(max-width: 599px) 100vw, 599px\" \/><\/p>\n<p style=\"text-align: justify;\" align=\"left\"><em><strong>Acompanhe tamb\u00e9m o SE Not\u00edcias no<\/strong><strong>\u00a0<\/strong><strong><a href=\"https:\/\/twitter.com\/Senoticias\">Twitter<\/a>,<\/strong><strong>\u00a0<\/strong><strong><a href=\"https:\/\/www.facebook.com\/senoticias1\">Facebook\u00a0<\/a>e no<\/strong><strong>\u00a0<\/strong><strong><a href=\"https:\/\/www.instagram.com\/senoticias\/\">Instagram<\/a><\/strong><\/em><\/p>\n<p style=\"text-align: justify;\" align=\"left\">Informa\u00e7\u00f5es da SSP\/SE<\/p>\n","protected":false},"excerpt":{"rendered":"<p>Policiais civis da Delegacia Regional de Lagarto, sob a coordena\u00e7\u00e3o do delegado Tarc\u00edsio Ten\u00f3rio e L\u00eanio Montalv\u00e3o, efetuaram nessa quarta-feira, 30, a pris\u00e3o da dupla Davyd de Andrade Barros e Victor Floriano Maia Lima, logo ap\u00f3s tentativa de assalto a um \u00f4nibus de estudantes que transitava pela rodovia Lourival Batista, per\u00edmetro urbano de Lagarto. O [&hellip;]<\/p>\n","protected":false},"author":2,"featured_media":98409,"comment_status":"closed","ping_status":"closed","sticky":false,"template":"","format":"standard","meta":{"footnotes":""},"categories":[15,7],"tags":[],"class_list":{"0":"post-98408","1":"post","2":"type-post","3":"status-publish","4":"format-standard","5":"has-post-thumbnail","7":"category-destaques","8":"category-policia"},"_links":{"self":[{"href":"https:\/\/senoticias.com.br\/se\/wp-json\/wp\/v2\/posts\/98408"}],"collection":[{"href":"https:\/\/senoticias.com.br\/se\/wp-json\/wp\/v2\/posts"}],"about":[{"href":"https:\/\/senoticias.com.br\/se\/wp-json\/wp\/v2\/types\/post"}],"author":[{"embeddable":true,"href":"https:\/\/senoticias.com.br\/se\/wp-json\/wp\/v2\/users\/2"}],"replies":[{"embeddable":true,"href":"https:\/\/senoticias.com.br\/se\/wp-json\/wp\/v2\/comments?post=98408"}],"version-history":[{"count":0,"href":"https:\/\/senoticias.com.br\/se\/wp-json\/wp\/v2\/posts\/98408\/revisions"}],"wp:featuredmedia":[{"embeddable":true,"href":"https:\/\/senoticias.com.br\/se\/wp-json\/wp\/v2\/media\/98409"}],"wp:attachment":[{"href":"https:\/\/senoticias.com.br\/se\/wp-json\/wp\/v2\/media?parent=98408"}],"wp:term":[{"taxonomy":"category","embeddable":true,"href":"https:\/\/senoticias.com.br\/se\/wp-json\/wp\/v2\/categories?post=98408"},{"taxonomy":"post_tag","embeddable":true,"href":"https:\/\/senoticias.com.br\/se\/wp-json\/wp\/v2\/tags?post=98408"}],"curies":[{"name":"wp","href":"https:\/\/api.w.org\/{rel}","templated":true}]}}