{"id":98405,"date":"2016-12-01T11:45:12","date_gmt":"2016-12-01T14:45:12","guid":{"rendered":"http:\/\/senoticias.com.br\/se\/?p=98405"},"modified":"2016-12-01T12:57:55","modified_gmt":"2016-12-01T15:57:55","slug":"prefeito-eleito-de-rosario-do-catete-participa-de-capacitacao-em-gestao-publica","status":"publish","type":"post","link":"https:\/\/senoticias.com.br\/se\/prefeito-eleito-de-rosario-do-catete-participa-de-capacitacao-em-gestao-publica\/","title":{"rendered":"Prefeito eleito de Ros\u00e1rio do Catete participa de capacita\u00e7\u00e3o em Gest\u00e3o P\u00fablica"},"content":{"rendered":"<p>&nbsp;<\/p>\n<p style=\"text-align: justify;\">O prefeito eleito de Ros\u00e1rio do Catete, Etelvino Barreto, o vice-prefeito eleito Magno Monteiro e futuros assessores, participaram na manh\u00e3 de ter\u00e7a-feira (29), de uma reuni\u00e3o de capacita\u00e7\u00e3o e atualiza\u00e7\u00e3o sobre Administra\u00e7\u00e3o P\u00fablica para os novos gestores do munic\u00edpio.<\/p>\n<div id=\"attachment_98406\" style=\"width: 609px\" class=\"wp-caption aligncenter\"><img loading=\"lazy\" decoding=\"async\" aria-describedby=\"caption-attachment-98406\" class=\"size-full wp-image-98406\" src=\"http:\/\/senoticias.com.br\/se\/wp-content\/uploads\/2016\/12\/WhatsApp-Image-2016-11-29-at-13.36.34-e1480603355269.jpeg\" alt=\" O treinamento ocorreu no dia 29, das 12h \u00e0s 16h, na sala de reuni\u00e3o da CAT, e contou com a participa\u00e7\u00e3o de futuros t\u00e9cnicos da nova gest\u00e3o. (Foto: Tirzah Resende) \" width=\"599\" height=\"449\" \/><p id=\"caption-attachment-98406\" class=\"wp-caption-text\"><br \/>O treinamento ocorreu no dia 29, das 12h \u00e0s 16h, na sala de reuni\u00e3o da CAT, e contou com a participa\u00e7\u00e3o de futuros t\u00e9cnicos da nova gest\u00e3o. (Foto: Tirzah Rezende)<\/p><\/div>\n<p style=\"text-align: justify;\">Apoiar o bom planejamento do Plano Plurianual (PPA), da Lei de Diretrizes Or\u00e7ament\u00e1rias (LDO) e da Lei Or\u00e7ament\u00e1ria Anual (LOA). Esses foram alguns dos objetivos da reuni\u00e3o de capacita\u00e7\u00e3o\u00a0sobre Gest\u00e3o P\u00fablica, ministrado pelo servidor da empresa de Consultoria, Assessoria e Contabilidade P\u00fablica (CAT), Jos\u00e9 Valmir dos Passos, especialista em Gest\u00e3o P\u00fablica.<\/p>\n<p style=\"text-align: justify;\">Na capacita\u00e7\u00e3o, foram abordados, tamb\u00e9m, sobre os deveres, direitos e responsabilidades dos agentes p\u00fablicos na transi\u00e7\u00e3o, sobre os principais embates\u00a0da administra\u00e7\u00e3o p\u00fablica e a continuidade administrativa, despesa de pessoal, al\u00e9m do aspecto dos or\u00e7amentos p\u00fablicos e Lei de Acesso \u00e0s Informa\u00e7\u00e3o e transpar\u00eancia.<\/p>\n<p style=\"text-align: justify;\"><img loading=\"lazy\" decoding=\"async\" class=\"aligncenter size-full wp-image-98386\" src=\"http:\/\/senoticias.com.br\/se\/wp-content\/uploads\/2016\/11\/Logo-fone-1-2-1-5.jpg\" alt=\"logo-fone-1-2-1\" width=\"599\" height=\"78\" srcset=\"https:\/\/senoticias.com.br\/se\/wp-content\/uploads\/2016\/11\/Logo-fone-1-2-1-5.jpg 599w, https:\/\/senoticias.com.br\/se\/wp-content\/uploads\/2016\/11\/Logo-fone-1-2-1-5-300x39.jpg 300w\" sizes=\"(max-width: 599px) 100vw, 599px\" \/><\/p>\n<p style=\"text-align: justify;\"><strong>Acompanhe tamb\u00e9m o SE Not\u00edcias no<\/strong><strong>\u00a0<\/strong><strong><a href=\"https:\/\/twitter.com\/Senoticias\">Twitter<\/a>,<\/strong><strong>\u00a0<\/strong><strong><a href=\"https:\/\/www.facebook.com\/senoticias1\">Facebook<\/a><\/strong><strong>\u00a0<\/strong><strong>e no<\/strong><a href=\"https:\/\/www.instagram.com\/senoticias\/\"><strong>\u00a0<\/strong><strong>Instagram<\/strong><\/a><\/p>\n<p style=\"text-align: justify;\"><em>Reda\u00e7\u00e3o SE Not\u00edcias<\/em><\/p>\n","protected":false},"excerpt":{"rendered":"<p>&nbsp; O prefeito eleito de Ros\u00e1rio do Catete, Etelvino Barreto, o vice-prefeito eleito Magno Monteiro e futuros assessores, participaram na manh\u00e3 de ter\u00e7a-feira (29), de uma reuni\u00e3o de capacita\u00e7\u00e3o e atualiza\u00e7\u00e3o sobre Administra\u00e7\u00e3o P\u00fablica para os novos gestores do munic\u00edpio. Apoiar o bom planejamento do Plano Plurianual (PPA), da Lei de Diretrizes Or\u00e7ament\u00e1rias (LDO) e [&hellip;]<\/p>\n","protected":false},"author":2,"featured_media":0,"comment_status":"closed","ping_status":"closed","sticky":false,"template":"","format":"standard","meta":{"footnotes":""},"categories":[15,38],"tags":[],"class_list":{"0":"post-98405","1":"post","2":"type-post","3":"status-publish","4":"format-standard","6":"category-destaques","7":"category-municipios"},"_links":{"self":[{"href":"https:\/\/senoticias.com.br\/se\/wp-json\/wp\/v2\/posts\/98405"}],"collection":[{"href":"https:\/\/senoticias.com.br\/se\/wp-json\/wp\/v2\/posts"}],"about":[{"href":"https:\/\/senoticias.com.br\/se\/wp-json\/wp\/v2\/types\/post"}],"author":[{"embeddable":true,"href":"https:\/\/senoticias.com.br\/se\/wp-json\/wp\/v2\/users\/2"}],"replies":[{"embeddable":true,"href":"https:\/\/senoticias.com.br\/se\/wp-json\/wp\/v2\/comments?post=98405"}],"version-history":[{"count":0,"href":"https:\/\/senoticias.com.br\/se\/wp-json\/wp\/v2\/posts\/98405\/revisions"}],"wp:attachment":[{"href":"https:\/\/senoticias.com.br\/se\/wp-json\/wp\/v2\/media?parent=98405"}],"wp:term":[{"taxonomy":"category","embeddable":true,"href":"https:\/\/senoticias.com.br\/se\/wp-json\/wp\/v2\/categories?post=98405"},{"taxonomy":"post_tag","embeddable":true,"href":"https:\/\/senoticias.com.br\/se\/wp-json\/wp\/v2\/tags?post=98405"}],"curies":[{"name":"wp","href":"https:\/\/api.w.org\/{rel}","templated":true}]}}