{"id":98403,"date":"2016-12-01T08:22:38","date_gmt":"2016-12-01T11:22:38","guid":{"rendered":"http:\/\/senoticias.com.br\/se\/?p=98403"},"modified":"2016-12-01T08:22:38","modified_gmt":"2016-12-01T11:22:38","slug":"ministerio-publico-de-sergipe-repudia-mudancas-nas-medidas-contra-corrupcao","status":"publish","type":"post","link":"https:\/\/senoticias.com.br\/se\/ministerio-publico-de-sergipe-repudia-mudancas-nas-medidas-contra-corrupcao\/","title":{"rendered":"Minist\u00e9rio P\u00fablico de Sergipe repudia mudan\u00e7as nas medidas contra corrup\u00e7\u00e3o"},"content":{"rendered":"<div id=\"attachment_98404\" style=\"width: 277px\" class=\"wp-caption alignright\"><img loading=\"lazy\" decoding=\"async\" aria-describedby=\"caption-attachment-98404\" class=\"size-full wp-image-98404\" src=\"http:\/\/senoticias.com.br\/se\/wp-content\/uploads\/2016\/12\/Jose-rony-promotor-SE-noticias.jpg\" alt=\" Rony Almeida, repudia decis\u00e3o. (Foto: a rquivo\/MPE)\" width=\"267\" height=\"189\" \/><p id=\"caption-attachment-98404\" class=\"wp-caption-text\"><br \/>Rony Almeida, repudia decis\u00e3o. (Foto: a rquivo\/MPE)<\/p><\/div>\n<p style=\"text-align: justify;\">O Minist\u00e9rio P\u00fablico do Estado de Sergipe, diante das emendas e substitutivos ao Projeto de Lei n\u00ba 4.850\/2016, mais conhecido como &#8220;10 Medidas contra a Corrup\u00e7\u00e3o&#8221;, aprovados na madrugada de hoje, 30, pelo Plen\u00e1rio da C\u00e2mara dos Deputados, vem a p\u00fablico manifestar o rep\u00fadio \u00e0 intimida\u00e7\u00e3o a Promotores e Procuradores de Justi\u00e7a e Ju\u00edzes de Direito em seu pleno exerc\u00edcio de atividades constitucionalmente asseguradas.<\/p>\n<p>Membros do Minist\u00e9rio P\u00fablico e da Magistratura jamais estiveram acima da lei. Sujeitam-se \u00e0 responsabiliza\u00e7\u00e3o nas esferas civil, criminal e disciplinar, inclusive sob controle de \u00f3rg\u00e3os externos. Por isso, a rea\u00e7\u00e3o agora advinda daquela Casa Legislativa ganha contornos de retalia\u00e7\u00e3o e a\u00e7odamento da atua\u00e7\u00e3o dos agentes p\u00fablicos incumbidos do combate \u00e0 corrup\u00e7\u00e3o e \u00e0 criminalidade em nosso Pa\u00eds. Maior perplexidade causa, ainda, a constata\u00e7\u00e3o de que tal rea\u00e7\u00e3o tenha sido inserida justamente no contexto de discuss\u00e3o das \u201c10 Medidas Contra a Corrup\u00e7\u00e3o\u201d, projeto de iniciativa popular, que contou com mais de 2 milh\u00f5es de assinaturas \u2013 uma expressiva amostra da vontade popular de avan\u00e7ar no combate \u00e0 corrup\u00e7\u00e3o e \u00e0 impunidade, que foi duramente golpeada pela C\u00e2mara dos Deputados.<\/p>\n<p>O Minist\u00e9rio P\u00fablico do Estado de Sergipe n\u00e3o compactua com eventuais abusos cometidos por seus membros e jamais se op\u00f4s ao aperfei\u00e7oamento da legisla\u00e7\u00e3o. Entretanto, iniciativa de lei cujo conte\u00fado criminalize a pr\u00f3pria ess\u00eancia da atua\u00e7\u00e3o de Promotores e Procuradores de Justi\u00e7a, imbu\u00edda do esp\u00edrito de vingan\u00e7a, desprovida da necess\u00e1ria discuss\u00e3o pr\u00e9via que deve dominar o ambiente republicano, ser\u00e1 de pronto recha\u00e7ada pela Institui\u00e7\u00e3o porque solapa a sua independ\u00eancia, um dos pilares do Estado Democr\u00e1tico de Direito.<\/p>\n<p>Por fim, o Minist\u00e9rio P\u00fablico do Estado de Sergipe reafirma sua confian\u00e7a no Senado Federal, em especial nos representantes do Estado naquela Casa Legislativa, para aprecia\u00e7\u00e3o de mat\u00e9ria t\u00e3o cara aos interesses nacionais e mant\u00e9m o compromisso de colaborar na constru\u00e7\u00e3o de uma agenda positiva com os Poderes da Rep\u00fablica, na defesa da ordem jur\u00eddica, do regime democr\u00e1tico e dos interesses sociais e individuais indispon\u00edveis.<\/p>\n<p>Reafirma, ainda, aos cidad\u00e3os, que seguir\u00e1 firme no desempenho de suas atribui\u00e7\u00f5es, com \u00eanfase na defesa dos direitos humanos, no combate \u00e0 corrup\u00e7\u00e3o e \u00e0 impunidade, tendo sempre como norte a Constitui\u00e7\u00e3o Federal.<\/p>\n<p style=\"text-align: justify;\"><img loading=\"lazy\" decoding=\"async\" class=\"aligncenter size-full wp-image-98386\" src=\"http:\/\/senoticias.com.br\/se\/wp-content\/uploads\/2016\/11\/Logo-fone-1-2-1-5.jpg\" alt=\"logo-fone-1-2-1\" width=\"599\" height=\"78\" srcset=\"https:\/\/senoticias.com.br\/se\/wp-content\/uploads\/2016\/11\/Logo-fone-1-2-1-5.jpg 599w, https:\/\/senoticias.com.br\/se\/wp-content\/uploads\/2016\/11\/Logo-fone-1-2-1-5-300x39.jpg 300w\" sizes=\"(max-width: 599px) 100vw, 599px\" \/><\/p>\n<p style=\"text-align: justify;\"><em><strong>Acompanhe tamb\u00e9m o SE Not\u00edcias no<\/strong><strong>\u00a0<\/strong><strong><a href=\"https:\/\/twitter.com\/Senoticias\">Twitter<\/a>,<\/strong><strong>\u00a0<\/strong><strong><a href=\"https:\/\/www.facebook.com\/senoticias1\">Facebook<\/a><\/strong><strong>\u00a0<\/strong><strong>e no<\/strong><a href=\"https:\/\/www.instagram.com\/senoticias\/\"><strong>\u00a0<\/strong><strong>Instagram<\/strong><\/a><\/em><\/p>\n<p>&nbsp;<\/p>\n<p><em><strong>Aracaju, 30 de novembro de 2016.<br \/>\n<\/strong><strong>Jos\u00e9 Rony Silva Almeida<br \/>\n<\/strong><\/em><strong><em>Procurador-Geral de Justi\u00e7a de Sergipe<\/em><\/strong><\/p>\n","protected":false},"excerpt":{"rendered":"<p>O Minist\u00e9rio P\u00fablico do Estado de Sergipe, diante das emendas e substitutivos ao Projeto de Lei n\u00ba 4.850\/2016, mais conhecido como &#8220;10 Medidas contra a Corrup\u00e7\u00e3o&#8221;, aprovados na madrugada de hoje, 30, pelo Plen\u00e1rio da C\u00e2mara dos Deputados, vem a p\u00fablico manifestar o rep\u00fadio \u00e0 intimida\u00e7\u00e3o a Promotores e Procuradores de Justi\u00e7a e Ju\u00edzes de [&hellip;]<\/p>\n","protected":false},"author":2,"featured_media":98404,"comment_status":"closed","ping_status":"closed","sticky":false,"template":"","format":"standard","meta":{"footnotes":""},"categories":[6],"tags":[],"class_list":{"0":"post-98403","1":"post","2":"type-post","3":"status-publish","4":"format-standard","5":"has-post-thumbnail","7":"category-politica"},"_links":{"self":[{"href":"https:\/\/senoticias.com.br\/se\/wp-json\/wp\/v2\/posts\/98403"}],"collection":[{"href":"https:\/\/senoticias.com.br\/se\/wp-json\/wp\/v2\/posts"}],"about":[{"href":"https:\/\/senoticias.com.br\/se\/wp-json\/wp\/v2\/types\/post"}],"author":[{"embeddable":true,"href":"https:\/\/senoticias.com.br\/se\/wp-json\/wp\/v2\/users\/2"}],"replies":[{"embeddable":true,"href":"https:\/\/senoticias.com.br\/se\/wp-json\/wp\/v2\/comments?post=98403"}],"version-history":[{"count":0,"href":"https:\/\/senoticias.com.br\/se\/wp-json\/wp\/v2\/posts\/98403\/revisions"}],"wp:featuredmedia":[{"embeddable":true,"href":"https:\/\/senoticias.com.br\/se\/wp-json\/wp\/v2\/media\/98404"}],"wp:attachment":[{"href":"https:\/\/senoticias.com.br\/se\/wp-json\/wp\/v2\/media?parent=98403"}],"wp:term":[{"taxonomy":"category","embeddable":true,"href":"https:\/\/senoticias.com.br\/se\/wp-json\/wp\/v2\/categories?post=98403"},{"taxonomy":"post_tag","embeddable":true,"href":"https:\/\/senoticias.com.br\/se\/wp-json\/wp\/v2\/tags?post=98403"}],"curies":[{"name":"wp","href":"https:\/\/api.w.org\/{rel}","templated":true}]}}