{"id":98401,"date":"2016-12-01T07:26:53","date_gmt":"2016-12-01T10:26:53","guid":{"rendered":"http:\/\/senoticias.com.br\/se\/?p=98401"},"modified":"2016-12-01T07:32:34","modified_gmt":"2016-12-01T10:32:34","slug":"detran-divulga-rotina-de-atendimento-ao-publico-no-fim-de-ano","status":"publish","type":"post","link":"https:\/\/senoticias.com.br\/se\/detran-divulga-rotina-de-atendimento-ao-publico-no-fim-de-ano\/","title":{"rendered":"Detran divulga rotina de atendimento ao p\u00fablico no fim de ano"},"content":{"rendered":"<div class=\"col-sm-9 col-md-9\">\n<section class=\"news-item\">\n<article>\n<p style=\"text-align: justify;\">O Departamento Estadual de Tr\u00e2nsito (Detran\/SE) informa a seus usu\u00e1rios que, no m\u00eas de dezembro, em virtude do balan\u00e7o anual de presta\u00e7\u00e3o de contas do exerc\u00edcio de 2016, haver\u00e1 mudan\u00e7as na rotina de atendimento ao p\u00fablico. A medida busca evitar pend\u00eancias de documenta\u00e7\u00f5es relativas a servi\u00e7os de ve\u00edculos e habilita\u00e7\u00e3o.<\/p>\n<div id=\"attachment_97649\" style=\"width: 609px\" class=\"wp-caption aligncenter\"><img loading=\"lazy\" decoding=\"async\" aria-describedby=\"caption-attachment-97649\" class=\"size-full wp-image-97649\" src=\"http:\/\/senoticias.com.br\/se\/wp-content\/uploads\/2016\/11\/Luiz-Azevedo-SE-Noticias-e1478170427738.jpg\" alt=\"Haver\u00e1 apenas entrega de documentos ou devolu\u00e7\u00e3o de processos pendentes aos clientes.diretor-presidente do Detran, Luiz Azevedo, que recebeu uma den\u00fancia sobre as irregularidades.(Foto: arquivo\/PM\/SE)\" width=\"599\" height=\"406\" \/><p id=\"caption-attachment-97649\" class=\"wp-caption-text\">Haver\u00e1 apenas entrega de documentos ou devolu\u00e7\u00e3o de processos pendentes aos clientes, informa o diretor-presidente do Detran, Luiz Azevedo. (Foto: arquivo\/PM\/SE)<\/p><\/div>\n<p style=\"text-align: justify;\">No per\u00edodo de 26 a 31 de dezembro, n\u00e3o ser\u00e3o recebidos novos processos de ve\u00edculo ou habilita\u00e7\u00e3o nos setores de atendimento da autarquia, permanecendo dispon\u00edveis aos usu\u00e1rios os meios eletr\u00f4nicos para requerimento de servi\u00e7os. Nesses dias, haver\u00e1 apenas entrega de documentos ou devolu\u00e7\u00e3o de processos pendentes aos clientes, bem como aos setores competentes para regulariza\u00e7\u00e3o.<\/p>\n<p>Acompanhe abaixo o cronograma do Detran\/SE para a realiza\u00e7\u00e3o dos processos e atendimentos de dezembro de 2016 a janeiro de 2017:<\/p>\n<p style=\"text-align: justify;\">&#8211; <strong>Transfer\u00eancia de Jurisdi\u00e7\u00e3o de Ve\u00edculos<\/strong>: de 1\u00ba a 11 de dezembro, as transfer\u00eancias de jurisdi\u00e7\u00e3o de ve\u00edculos de outros Estados ser\u00e3o recebidas apenas nas unidades de atendimento da capital. A partir do dia 12 de dezembro, esses processos n\u00e3o ser\u00e3o mais recebidos em nenhuma unidade da capital e do interior. At\u00e9 o dia 16, todos os processos com pend\u00eancia relacionados a esse procedimento ser\u00e3o devolvidos aos seus respectivos propriet\u00e1rios, procuradores ou despachantes.<\/p>\n<p style=\"text-align: justify;\">&#8211; <strong>Transfer\u00eancia de Propriedade de Ve\u00edculos<\/strong>: os recibos (CRVs) de ve\u00edculo e as vistorias com vencimento de 12 de dezembro a 1\u00ba de janeiro ter\u00e3o a validade prorrogada at\u00e9 a data limite de 20 de janeiro de 2017, sem a cobran\u00e7a de multa por atraso de transfer\u00eancia de propriedade.<\/p>\n<p style=\"text-align: justify;\">&#8211; <strong>Primeiro Registro<\/strong>: todos os ve\u00edculos novos adquiridos de 24 de dezembro a 1\u00ba de janeiro poder\u00e3o ser registrados no per\u00edodo compreendido entre os dias 2 e 20 de janeiro de 2017, para o Exerc\u00edcio de 2016, sem cobran\u00e7a de juros e multas. Fora desse prazo, os propriet\u00e1rios devem arcar com as penalidades previstas na legisla\u00e7\u00e3o de tr\u00e2nsito, al\u00e9m da obrigatoriedade de efetuar o licenciamento do exerc\u00edcio de 2017.<\/p>\n<p style=\"text-align: justify;\">&#8211; <strong>Exame Condutor<\/strong>: De 26 de dezembro a 1\u00ba de janeiro de 2017, n\u00e3o ser\u00e3o realizados exames m\u00e9dicos, psicol\u00f3gicos, nem provas te\u00f3ricas ou pr\u00e1ticas para a obten\u00e7\u00e3o da Permiss\u00e3o para Dirigir (PPD), da mudan\u00e7a ou da adi\u00e7\u00e3o de categoria, bem como para renova\u00e7\u00e3o da Carteira Nacional de Habilita\u00e7\u00e3o (CNH).<\/p>\n<p style=\"text-align: justify;\"><img loading=\"lazy\" decoding=\"async\" class=\"aligncenter size-full wp-image-98386\" src=\"http:\/\/senoticias.com.br\/se\/wp-content\/uploads\/2016\/11\/Logo-fone-1-2-1-5.jpg\" alt=\"logo-fone-1-2-1\" width=\"599\" height=\"78\" srcset=\"https:\/\/senoticias.com.br\/se\/wp-content\/uploads\/2016\/11\/Logo-fone-1-2-1-5.jpg 599w, https:\/\/senoticias.com.br\/se\/wp-content\/uploads\/2016\/11\/Logo-fone-1-2-1-5-300x39.jpg 300w\" sizes=\"(max-width: 599px) 100vw, 599px\" \/><\/p>\n<p style=\"text-align: justify;\"><em><strong>Acompanhe tamb\u00e9m o SE Not\u00edcias no<\/strong><strong>\u00a0<\/strong><strong><a href=\"https:\/\/twitter.com\/Senoticias\">Twitter<\/a>,<\/strong><strong>\u00a0<\/strong><strong><a href=\"https:\/\/www.facebook.com\/senoticias1\">Facebook<\/a><\/strong><strong>\u00a0<\/strong><strong>e no<\/strong><a href=\"https:\/\/www.instagram.com\/senoticias\/\"><strong>\u00a0<\/strong><strong>Instagram<\/strong><\/a><\/em><\/p>\n<p><em>Fonte: Ascom\/Detran<\/em><\/p>\n<\/article>\n<\/section>\n<div class=\"row xoops-news-navigation\"><\/div>\n<div class=\"xoops-news-icons aligncenter\"><\/div>\n<div id=\"shr_canvas2\" class=\"shareaholic-canvas shareaholic-ui shareaholic-resolved-canvas ng-scope\" data-app=\"share_buttons\" data-app-id=\"482507\"><\/div>\n<div class=\"comments-nav\">\n<form action=\"http:\/\/www.ssp.se.gov.br\/modules\/news\/article.php\" method=\"get\">\n<table class=\"outer\" width=\"95%\" cellspacing=\"1\">\n<tbody>\n<tr>\n<td class=\"even\" align=\"center\"><select name=\"com_mode\"><option selected=\"selected\" value=\"flat\">Desagrupar<\/option><option value=\"thread\">Agrupar<\/option><option value=\"nest\">Ocultar<\/option><\/select><select name=\"com_order\"><option selected=\"selected\" value=\"0\">Antigos primeiro<\/option><option value=\"1\">Novos primeiro<\/option><\/select><input class=\"formButton\" type=\"submit\" value=\"Atualizar\" \/><\/td>\n<\/tr>\n<\/tbody>\n<\/table>\n<\/form>\n<\/div>\n<p>Os coment\u00e1rios s\u00e3o de propriedade de seus respectivos autores. N\u00e3o somos respons\u00e1veis pelo seu conte\u00fado.<\/p>\n<div class=\"xoops-comment-body\">\n<div class=\"row\">\n<div class=\"col-xs-2 col-md-2\"><strong>Enviado por<\/strong><\/div>\n<div class=\"col-xs-10 col-md-10\"><strong>T\u00f3pico<\/strong><\/div>\n<\/div>\n<\/div>\n<div class=\"row\"><\/div>\n<\/div>\n<div class=\"right-blocks\">\n<aside>\n<div class=\"text-center\">\n<form action=\"http:\/\/www.ssp.se.gov.br\/search.php\" method=\"get\">\n<div class=\"input-group\"><input class=\"form-control\" name=\"query\" type=\"text\" placeholder=\"Buscar no site...\" \/><button class=\"btn btn-primary\" type=\"submit\"><\/button><\/div>\n<\/form>\n<p class=\"text-right\"><a title=\"Pesquisa avan\u00e7ada\" href=\"http:\/\/www.ssp.se.gov.br\/search.php\">Pesquisa avan\u00e7ada<\/a><\/p>\n<\/div>\n<\/aside>\n<aside><strong>Servi\u00e7os Online<\/strong><a href=\"http:\/\/www.delegaciainterativa.se.gov.br\/\">Delegacia Interativa<\/a><br \/>\n<a href=\"http:\/\/187.17.2.52\/antecedentes\/\" target=\"_blank\">Antecedentes Criminais<\/a><br \/>\n<a href=\"http:\/\/www.detran.se.gov.br\/\" target=\"_blank\">Detran<\/a><\/p>\n<p>&#8212;&#8212;&#8212;&#8212;&#8212;&#8212;&#8212;&#8212;&#8212;&#8212;&#8212;&#8212;&#8212;&#8211;<\/p>\n<p><a href=\"http:\/\/intranet.ssp.se.gov.br\/intranet\/\"><img loading=\"lazy\" decoding=\"async\" title=\"intranet\" src=\"http:\/\/www.ssp.se.gov.br\/uploads\/img5525825727581.jpg\" alt=\"intranet\" width=\"270\" height=\"73\" \/><\/a><\/p>\n<p>&#8212;&#8212;&#8212;&#8212;&#8212;&#8212;&#8212;&#8212;&#8212;&#8212;&#8212;&#8212;&#8212;&#8211;<\/p>\n<p><strong><a href=\"http:\/\/ssp.se.gov.br\/relatorios\/Relatorio_SSP_marco2016.pdf\" target=\"_blank\">Clique aqui e veja o relat\u00f3rio\u00a0de atividades da SSP<\/a><\/strong><\/p>\n<p><strong>&#8212;&#8212;&#8212;&#8212;&#8212;&#8212;&#8212;&#8212;&#8212;&#8212;&#8212;&#8212;&#8212;&#8211;<\/strong><\/p>\n<p><a href=\"http:\/\/www.ssp.se.gov.br\/modules\/fmcontent\/content.php?topic=static&amp;id=17&amp;page=documentos\"><strong>Modelos de requerimentos para f\u00e9rias e Licen\u00e7a Pr\u00eamio<\/strong><\/a><\/p>\n<p><strong>&#8212;&#8212;&#8212;&#8212;&#8212;&#8212;&#8212;&#8212;&#8212;&#8212;&#8212;&#8212;&#8212;&#8211;<\/strong><\/p>\n<\/aside>\n<aside><strong>Servi\u00e7os para o cidad\u00e3o<\/strong><br \/>\n<a href=\"http:\/\/www.ssp.se.gov.br\/modules\/fmcontent\/content.php?topic=static&amp;id=7&amp;page=atendimento-a-grupos-vulneraveis\">Atendimento a Grupos Vulner\u00e1veis<\/a><br \/>\n<a href=\"http:\/\/www.ssp.se.gov.br\/modules\/fmcontent\/content.php?topic=static&amp;id=8&amp;page=apreensao-de-animais-silvestres\">Apreens\u00e3o de Animais Silvestres<\/a><br \/>\n<a href=\"http:\/\/www.ssp.se.gov.br\/modules\/fmcontent\/content.php?topic=static&amp;id=9&amp;page=busca-a-criancas-desaparecidas\">Busca a Crian\u00e7as Desaparecidas<\/a><br \/>\n<a href=\"http:\/\/www.ssp.se.gov.br\/modules\/fmcontent\/content.php?topic=static&amp;id=10&amp;page=combate-e-prevencao-a-homofobia\">Combate e Preven\u00e7\u00e3o \u00e0 Homofobia<\/a><br \/>\n<a href=\"http:\/\/www.ssp.se.gov.br\/modules\/fmcontent\/content.php?topic=static&amp;id=11&amp;page=denuncia-de-abuso-policial\">Den\u00fancia de Abuso Policial<\/a><br \/>\n<a href=\"http:\/\/www.ssp.se.gov.br\/modules\/fmcontent\/content.php?topic=static&amp;id=12&amp;page=emissao-da-carteira-de-identidade\">Emiss\u00e3o da Carteira de Identidade<\/a><br \/>\n<a href=\"http:\/\/www.ssp.se.gov.br\/modules\/fmcontent\/content.php?topic=static&amp;id=13&amp;page=fiscalizacao-do-uso-de-explosivos\">Fiscaliza\u00e7\u00e3o do Uso de Explosivos<\/a><br \/>\n<a href=\"http:\/\/www.ssp.se.gov.br\/modules\/fmcontent\/content.php?topic=static&amp;id=14&amp;page=resistencia-ao-uso-de-drogas\">Resist\u00eancia ao Uso de Drogas<\/a><br \/>\n<a href=\"http:\/\/www.ssp.se.gov.br\/modules\/fmcontent\/content.php?topic=static&amp;id=15&amp;page=solicitacao-de-policiamento-em-eventos\">Solicita\u00e7\u00e3o de Policiamento em Eventos<\/a>&#8212;&#8212;&#8212;&#8212;&#8212;&#8212;&#8212;&#8212;&#8212;&#8212;&#8212;&#8212;&#8212;&#8212;&#8212;&#8212;&#8212;&#8211;<\/p>\n<\/aside>\n<aside>\n<h4 class=\"block-title\">Expresso Livre<\/h4>\n<\/aside>\n<\/div>\n","protected":false},"excerpt":{"rendered":"<p>O Departamento Estadual de Tr\u00e2nsito (Detran\/SE) informa a seus usu\u00e1rios que, no m\u00eas de dezembro, em virtude do balan\u00e7o anual de presta\u00e7\u00e3o de contas do exerc\u00edcio de 2016, haver\u00e1 mudan\u00e7as na rotina de atendimento ao p\u00fablico. A medida busca evitar pend\u00eancias de documenta\u00e7\u00f5es relativas a servi\u00e7os de ve\u00edculos e habilita\u00e7\u00e3o. No per\u00edodo de 26 a [&hellip;]<\/p>\n","protected":false},"author":2,"featured_media":97649,"comment_status":"closed","ping_status":"closed","sticky":false,"template":"","format":"standard","meta":{"footnotes":""},"categories":[15],"tags":[],"class_list":{"0":"post-98401","1":"post","2":"type-post","3":"status-publish","4":"format-standard","5":"has-post-thumbnail","7":"category-destaques"},"_links":{"self":[{"href":"https:\/\/senoticias.com.br\/se\/wp-json\/wp\/v2\/posts\/98401"}],"collection":[{"href":"https:\/\/senoticias.com.br\/se\/wp-json\/wp\/v2\/posts"}],"about":[{"href":"https:\/\/senoticias.com.br\/se\/wp-json\/wp\/v2\/types\/post"}],"author":[{"embeddable":true,"href":"https:\/\/senoticias.com.br\/se\/wp-json\/wp\/v2\/users\/2"}],"replies":[{"embeddable":true,"href":"https:\/\/senoticias.com.br\/se\/wp-json\/wp\/v2\/comments?post=98401"}],"version-history":[{"count":0,"href":"https:\/\/senoticias.com.br\/se\/wp-json\/wp\/v2\/posts\/98401\/revisions"}],"wp:featuredmedia":[{"embeddable":true,"href":"https:\/\/senoticias.com.br\/se\/wp-json\/wp\/v2\/media\/97649"}],"wp:attachment":[{"href":"https:\/\/senoticias.com.br\/se\/wp-json\/wp\/v2\/media?parent=98401"}],"wp:term":[{"taxonomy":"category","embeddable":true,"href":"https:\/\/senoticias.com.br\/se\/wp-json\/wp\/v2\/categories?post=98401"},{"taxonomy":"post_tag","embeddable":true,"href":"https:\/\/senoticias.com.br\/se\/wp-json\/wp\/v2\/tags?post=98401"}],"curies":[{"name":"wp","href":"https:\/\/api.w.org\/{rel}","templated":true}]}}